{"id":12226,"date":"2018-05-21T07:00:46","date_gmt":"2018-05-21T05:00:46","guid":{"rendered":"http:\/\/www.friedenkoeln.de\/?p=12226"},"modified":"2018-05-20T20:52:28","modified_gmt":"2018-05-20T18:52:28","slug":"entspannung-und-sicherheit-in-europa-durch-vertraege-und-ruestungsbeschraenkungen-1966-forum-in-koeln-muelheim","status":"publish","type":"post","link":"https:\/\/www.friedenkoeln.de\/?p=12226","title":{"rendered":"Nachkriegszeit: Friedensbewegung will &#8222;Entspannung und Sicherheit in Europa durch Vertr\u00e4ge und R\u00fcstungsbeschr\u00e4nkungen&#8220; &#8211; 1966 in K\u00f6ln-M\u00fclheim"},"content":{"rendered":"<p><em>Von Stefanie Intveen.\u00a0<\/em>Guido Gr\u00fcnewald erinnert in seinem Beitrag zur Nachkriegsgeschichte der Deutschen Friedensgesellschaft in K\u00f6ln an ein internationales Forum, das 1966 dar\u00fcber<\/p>\n<div id=\"attachment_12097\" style=\"width: 393px\" class=\"wp-caption alignright\"><a href=\"http:\/\/www.friedenkoeln.de\/wp-content\/uploads\/2018\/04\/link-43-Foto-Linda-Rosenmontagszug-1982-CS-P1050109-mK.jpg\" data-rel=\"lightbox-image-0\" data-rl_title=\"\" data-rl_caption=\"\" title=\"\"><img loading=\"lazy\" decoding=\"async\" aria-describedby=\"caption-attachment-12097\" class=\" wp-image-12097\" src=\"http:\/\/www.friedenkoeln.de\/wp-content\/uploads\/2018\/04\/link-43-Foto-Linda-Rosenmontagszug-1982-CS-P1050109-mK-1024x706.jpg\" alt=\"Ein aus hellgr\u00fcnem Tuch bestehender Dinosaurier mit knallroter Zunge und dunkelgr\u00fcnen Zacken auf Hals und R\u00fccken steht in einer eng bebauten Stra\u00dfe - vielleicht in der K\u00f6lner S\u00fcdstadt - und schaut in die Kamera. Eine Frau h\u00e4lt den Kopf mit einer Stange.\" width=\"383\" height=\"264\" srcset=\"https:\/\/www.friedenkoeln.de\/wp-content\/uploads\/2018\/04\/link-43-Foto-Linda-Rosenmontagszug-1982-CS-P1050109-mK-1024x706.jpg 1024w, https:\/\/www.friedenkoeln.de\/wp-content\/uploads\/2018\/04\/link-43-Foto-Linda-Rosenmontagszug-1982-CS-P1050109-mK-768x529.jpg 768w\" sizes=\"auto, (max-width: 383px) 100vw, 383px\" \/><\/a><p id=\"caption-attachment-12097\" class=\"wp-caption-text\">\u201eAusgestorben \u2013 zu viel Panzer, zu wenig Gehirn!\u201c 1982 reihten sich Aktive des Jugendclub Courage und der DFG-VK mit dem Dinosaurier Linda in den Rosenmontagszug ein.\u00a0 Foto: Christine Schweitzer<\/p><\/div>\n<p>diskutierte, inwiefern\u00a0Vertr\u00e4ge und R\u00fcstungsbeschr\u00e4nkungen zu Entspannung und Sicherheit im geteilten Europa f\u00fchren k\u00f6nnten, und das auf gro\u00dfes Interesse stie\u00df. Angesichts der heute wieder extrem angespannten internationalen Beziehungen zwischen hochger\u00fcsteten Regional- und Gro\u00dfm\u00e4chten in Osteuropa, dem Mittleren Osten und S\u00fcdostasien geh\u00f6rt die Frage danach, mit welchen Mitteln z\u00fcgig Vertrauen aufgebaut und das milit\u00e4rische Ausufern von Konflikte verhindern werden k\u00f6nnen, auf Platz eins der politischen Agenda.<\/p>\n<p>Ein Blick in die Geschichte der DFG-VK Gruppe K\u00f6ln zeigt, das die Pazifist*innen bereits in fr\u00fcheren Jahrzehnten \u00e4hnliche Themen wie wir heute und zeitweise unter schwierigeren Bedingungen bearbeitet haben. Guido Gr\u00fcnewald gibt einen <a href=\"https:\/\/www.friedenkoeln.de\/?page_id=11242\">\u00dcberblick \u00fcber Themen, Personen und phantasievolle Aktionen<\/a>\u00a0zwischen 1945 und 1990.<\/p>\n","protected":false},"excerpt":{"rendered":"<p>Von Stefanie Intveen.\u00a0Guido Gr\u00fcnewald erinnert in seinem Beitrag zur Nachkriegsgeschichte der Deutschen Friedensgesellschaft in K\u00f6ln an ein internationales Forum, das 1966 dar\u00fcber diskutierte, inwiefern\u00a0Vertr\u00e4ge und R\u00fcstungsbeschr\u00e4nkungen zu Entspannung und Sicherheit im geteilten Europa f\u00fchren&#46;&#46;&#46;<\/p>\n","protected":false},"author":110,"featured_media":0,"comment_status":"open","ping_status":"open","sticky":false,"template":"","format":"standard","meta":{"footnotes":""},"categories":[2],"tags":[42,33,98,45,3,4],"class_list":["post-12226","post","type-post","status-publish","format-standard","hentry","category-aktionen","tag-abruestung","tag-atomwaffen","tag-entspannungspolitik","tag-geschichte","tag-pazifismus","tag-zivile-konfliktloesung"],"_links":{"self":[{"href":"https:\/\/www.friedenkoeln.de\/index.php?rest_route=\/wp\/v2\/posts\/12226","targetHints":{"allow":["GET"]}}],"collection":[{"href":"https:\/\/www.friedenkoeln.de\/index.php?rest_route=\/wp\/v2\/posts"}],"about":[{"href":"https:\/\/www.friedenkoeln.de\/index.php?rest_route=\/wp\/v2\/types\/post"}],"author":[{"embeddable":true,"href":"https:\/\/www.friedenkoeln.de\/index.php?rest_route=\/wp\/v2\/users\/110"}],"replies":[{"embeddable":true,"href":"https:\/\/www.friedenkoeln.de\/index.php?rest_route=%2Fwp%2Fv2%2Fcomments&post=12226"}],"version-history":[{"count":5,"href":"https:\/\/www.friedenkoeln.de\/index.php?rest_route=\/wp\/v2\/posts\/12226\/revisions"}],"predecessor-version":[{"id":12247,"href":"https:\/\/www.friedenkoeln.de\/index.php?rest_route=\/wp\/v2\/posts\/12226\/revisions\/12247"}],"wp:attachment":[{"href":"https:\/\/www.friedenkoeln.de\/index.php?rest_route=%2Fwp%2Fv2%2Fmedia&parent=12226"}],"wp:term":[{"taxonomy":"category","embeddable":true,"href":"https:\/\/www.friedenkoeln.de\/index.php?rest_route=%2Fwp%2Fv2%2Fcategories&post=12226"},{"taxonomy":"post_tag","embeddable":true,"href":"https:\/\/www.friedenkoeln.de\/index.php?rest_route=%2Fwp%2Fv2%2Ftags&post=12226"}],"curies":[{"name":"wp","href":"https:\/\/api.w.org\/{rel}","templated":true}]}}