{"id":12230,"date":"2018-05-27T07:00:47","date_gmt":"2018-05-27T05:00:47","guid":{"rendered":"http:\/\/www.friedenkoeln.de\/?p=12230"},"modified":"2018-05-26T00:12:23","modified_gmt":"2018-05-25T22:12:23","slug":"harald-fuchs-zeit-des-friedens-der-verstaendigung-und-der-weltweiten-abruestung-erschien-in-reichweite","status":"publish","type":"post","link":"https:\/\/www.friedenkoeln.de\/?p=12230","title":{"rendered":"Harald Fuchs: Zeit des Friedens, der Verst\u00e4ndigung und der weltweiten Abr\u00fcstung erschien in Reichweite"},"content":{"rendered":"<p><em>Von Stefanie Intveen.\u00a0<\/em>Harald Fuchs, langj\u00e4hriger Sprecher der DFG-VK Gruppe K\u00f6ln, schildert seine pers\u00f6nlichen Erinnerungen an die Friedensarbeit der Gruppe bis zum Ende des Kalten Kriegs.<\/p>\n<div id=\"attachment_7779\" style=\"width: 308px\" class=\"wp-caption alignright\"><a href=\"http:\/\/www.friedenkoeln.de\/wp-content\/uploads\/2014\/10\/images-1_thumb.jpg\" data-rel=\"lightbox-image-0\" data-rl_title=\"\" data-rl_caption=\"\" title=\"\"><img loading=\"lazy\" decoding=\"async\" aria-describedby=\"caption-attachment-7779\" class=\"wp-image-7779\" src=\"http:\/\/www.friedenkoeln.de\/wp-content\/uploads\/2014\/10\/images-1_thumb.jpg\" alt=\"\" width=\"298\" height=\"224\" \/><\/a><p id=\"caption-attachment-7779\" class=\"wp-caption-text\">Ariane Detloff und Harald Fuchs, DFG-VK Gruppe K\u00f6ln, bei einer Friedensaktion. Wer das Foto wann und wo aufgenommen hat, konnte nicht genau bestimmt werden. F\u00fcr Hinweise sind wir dankbar.<\/p><\/div>\n<p>Wer heute \u00fcber die deutsche Friedensbewegung spricht, erinnert nicht selten mit wehm\u00fctigem Unterton an die 1980er Jahre, als Hunderttausende Menschen f\u00fcr Frieden und atomare Abr\u00fcstung auf die Stra\u00dfe gegangen seien. Den Massenprotesten war jedoch \u00fcber Jahre hinweg eine stetige und hartn\u00e4ckige ehrenamtliche Arbeit an der Basis vorausgegangen, die im kollektiven Ged\u00e4chtnis nicht so stark haften geblieben ist.<\/p>\n<p>Harald Fuchs war bei vielen kleinen und gro\u00dfen Aktionen als Mitorganisator und Teilnehmer dabei. Das Abflauen der Friedensbewegung am Ende des Kalten Kriegs setzt er in Beziehung zu den erreichten Erfolgen:<\/p>\n<blockquote><p>Mit der Unterzeichnung des INF-Vertrages durch die USA und die Sowjetunion 1987 und mit dem Abzug und der Verschrottung der atomaren Mittelstreckenraketen setzten eine Beruhigung und ein Abflauen der Friedensbewegung ein. Der Ost-West-Gegensatz erschien dank des \u201eneuen<br \/>\nDenkens\u201c des sowjetischen Generalsekret\u00e4rs Gorbatschow \u00fcberwindbar, eine Zeit des Friedens, der Verst\u00e4ndigung und der weltweiten Abr\u00fcstung erschien in Reichweite.<span class=\"Apple-converted-space\">\u00a0<\/span><\/p><\/blockquote>\n<p><a href=\"http:\/\/www.friedenkoeln.de\/wp-content\/uploads\/2018\/04\/Fuchs-DFG-K%C3%B6ln-in-den-1980er-Jahren-Bearb.-GG-Iv.pdf\">Hier<\/a> ist sein vollst\u00e4ndiger Bericht.<\/p>\n","protected":false},"excerpt":{"rendered":"<p>Von Stefanie Intveen.\u00a0Harald Fuchs, langj\u00e4hriger Sprecher der DFG-VK Gruppe K\u00f6ln, schildert seine pers\u00f6nlichen Erinnerungen an die Friedensarbeit der Gruppe bis zum Ende des Kalten Kriegs. Wer heute \u00fcber die deutsche Friedensbewegung spricht, erinnert nicht&#46;&#46;&#46;<\/p>\n","protected":false},"author":110,"featured_media":0,"comment_status":"open","ping_status":"open","sticky":false,"template":"","format":"standard","meta":{"footnotes":""},"categories":[2],"tags":[42,33,45,3],"class_list":["post-12230","post","type-post","status-publish","format-standard","hentry","category-aktionen","tag-abruestung","tag-atomwaffen","tag-geschichte","tag-pazifismus"],"_links":{"self":[{"href":"https:\/\/www.friedenkoeln.de\/index.php?rest_route=\/wp\/v2\/posts\/12230","targetHints":{"allow":["GET"]}}],"collection":[{"href":"https:\/\/www.friedenkoeln.de\/index.php?rest_route=\/wp\/v2\/posts"}],"about":[{"href":"https:\/\/www.friedenkoeln.de\/index.php?rest_route=\/wp\/v2\/types\/post"}],"author":[{"embeddable":true,"href":"https:\/\/www.friedenkoeln.de\/index.php?rest_route=\/wp\/v2\/users\/110"}],"replies":[{"embeddable":true,"href":"https:\/\/www.friedenkoeln.de\/index.php?rest_route=%2Fwp%2Fv2%2Fcomments&post=12230"}],"version-history":[{"count":11,"href":"https:\/\/www.friedenkoeln.de\/index.php?rest_route=\/wp\/v2\/posts\/12230\/revisions"}],"predecessor-version":[{"id":12266,"href":"https:\/\/www.friedenkoeln.de\/index.php?rest_route=\/wp\/v2\/posts\/12230\/revisions\/12266"}],"wp:attachment":[{"href":"https:\/\/www.friedenkoeln.de\/index.php?rest_route=%2Fwp%2Fv2%2Fmedia&parent=12230"}],"wp:term":[{"taxonomy":"category","embeddable":true,"href":"https:\/\/www.friedenkoeln.de\/index.php?rest_route=%2Fwp%2Fv2%2Fcategories&post=12230"},{"taxonomy":"post_tag","embeddable":true,"href":"https:\/\/www.friedenkoeln.de\/index.php?rest_route=%2Fwp%2Fv2%2Ftags&post=12230"}],"curies":[{"name":"wp","href":"https:\/\/api.w.org\/{rel}","templated":true}]}}