{"id":12275,"date":"2018-05-27T21:34:18","date_gmt":"2018-05-27T19:34:18","guid":{"rendered":"http:\/\/www.friedenkoeln.de\/?p=12275"},"modified":"2018-05-27T21:34:18","modified_gmt":"2018-05-27T19:34:18","slug":"sommer-tipp-fuer-koeln-mit-klassischer-musik-zum-bundesamt-fuer-verfassungsschutz","status":"publish","type":"post","link":"https:\/\/www.friedenkoeln.de\/?p=12275","title":{"rendered":"Sommer-Tipp f\u00fcr K\u00f6ln: mit klassischer Musik zum Bundesamt f\u00fcr Verfassungsschutz"},"content":{"rendered":"<div class=\"post-bodycopy clearfix\">\n<div class=\"pbs-main-wrapper\">\n<h4><strong>Mit Suite und Kantate gegen den Staat im Staate \u2013 Geheimdienste abschalten!<\/strong><\/h4>\n<p>Unter diesem Motto und mit einem Klassikprogramm, das u. a. Filmmusik und Werke von Christoph Willibald Gluck und Ludwig van Beethoven umfasst und offen f\u00fcr k\u00fcnstlerische Beitr\u00e4ge weiterer Gruppen ist, l\u00e4dt die <a href=\"http:\/\/www.lebenslaute.net\">Lebenslaute<\/a> alle interessierten Musiker*innen, S\u00e4nger*innen, Helfer*innen und Konzertbesucher*innen zu den diesj\u00e4hrigen <strong>Aktionstagen vom 15.-\u00ad21. August 2018\u00a0nach K\u00f6ln<\/strong> ein.<\/p>\n<p>Das Hauptkonzert wird vor dem\u00a0<strong>Bundesamt f\u00fcr Verfassungsschutz in K\u00f6ln-Chorweiler<\/strong> stattfinden.<\/p>\n<p>Das Aktionsvorbereitungs-\u00ad und Probenwochenende findet vom\u00a0<strong>22.-24. Juni 2018 in Bad Hersfeld<\/strong> statt.<\/p>\n<p>Die Lebenslaute fordert aus aktuellen Anl\u00e4ssen:<\/p>\n<ul>\n<li>Verfassungsschutz und alle Geheimdienste abschalten<\/li>\n<li>Geheimdienstliche T\u00e4tigkeit ausl\u00e4ndischer Dienste nicht dulden und Whistleblower*innen sch\u00fctzen!<\/li>\n<li>T\u00e4ter*innen, Mitt\u00e4ter*innen und Mitwisser*innen aus Politik und Beh\u00f6rden zur Verantwortung ziehen!<\/li>\n<li>Schluss mit den Unterdr\u00fcckungs- und \u00dcberwachungsstrukturen in unserem Land!<\/li>\n<li>Verteidigung und Ausbau demokratischer Rechte!<\/li>\n<li><strong>Solidarit\u00e4t, Freiheit und Gleichheit statt staatlicher Angstmacherei!<\/strong><\/li>\n<\/ul>\n<p><strong>Anmeldungen: <a href=\"mailto:lebenslaute2018@riseup.net\">lebenslaute2018@riseup.net<\/a><\/strong><\/p>\n<\/div>\n<\/div>\n<h4>Aufruf<\/h4>\n<p>Geheimdienste entziehen sich ihrem Wesen nach einer gesellschaftlichen Kontrolle. Das widerspricht der Grundidee von Demokratie. Vor allem diktatorische Regime setzen auf starke Geheimdienste. Geheimdienste bespitzeln und diffamieren, erzeugen ein Klima von Angst und Rassismus, inszenieren Kriegsgr\u00fcnde und schrecken auch vor Morden nicht zur\u00fcck. Das ist ihnen m\u00f6glich, weil sie keiner echten demokratischen Kontrolle unterliegen.<\/p>\n<div id=\"attachment_12282\" style=\"width: 490px\" class=\"wp-caption alignright\"><a href=\"http:\/\/www.friedenkoeln.de\/wp-content\/uploads\/2018\/05\/DSC_8163.jpg\" data-rel=\"lightbox-image-0\" data-rl_title=\"\" data-rl_caption=\"\" title=\"\"><img loading=\"lazy\" decoding=\"async\" aria-describedby=\"caption-attachment-12282\" class=\" wp-image-12282\" src=\"http:\/\/www.friedenkoeln.de\/wp-content\/uploads\/2018\/05\/DSC_8163-1024x678.jpg\" alt=\"Bei sch\u00f6nem Wetter spielt ein Orchester, das dabei die Hauptzufahrt zu einem Milit\u00e4rgel\u00e4nde blockiert. Im Vordergrund sitzt das Publikum auf St\u00fchlen in der Sonne und h\u00f6rt zu.\" width=\"480\" height=\"318\" srcset=\"https:\/\/www.friedenkoeln.de\/wp-content\/uploads\/2018\/05\/DSC_8163-1024x678.jpg 1024w, https:\/\/www.friedenkoeln.de\/wp-content\/uploads\/2018\/05\/DSC_8163-768x509.jpg 768w, https:\/\/www.friedenkoeln.de\/wp-content\/uploads\/2018\/05\/DSC_8163.jpg 1280w\" sizes=\"auto, (max-width: 480px) 100vw, 480px\" \/><\/a><p id=\"caption-attachment-12282\" class=\"wp-caption-text\">Blockadekonzert der Lebenslaute vor den Kelley Barracks in Stuttgart am 29.8.2016: &#8222;Schlussakkord dem Drohnenmord&#8220;. Foto: Lebenslaute.<\/p><\/div>\n<p>Die heutigen deutschen Geheimdienste Bundesnachrichtendienst (BND), Milit\u00e4rischer Abschirmdienst (MAD) und Verfassungsschutz (VS) sind aus Strukturen des Nazi-Faschismus hervorgegangen. Nach dem Zweiten Weltkrieg einigten sich die US-Geheimdienste und ihre westdeutschen Partner darauf, so w\u00f6rtlich, \u201edie alte Arbeit im gleichen Sinn\u201c gegen den inneren und \u00e4u\u00dferen Feind, die \u201erote Gefahr\u201c, fortzusetzen. So entstanden in mehreren NATO-Staaten auch bewaffnete Untergrundstrukturen (\u201estay behind\u201c), in denen in der BRD alte und neue Nazis zahlreich vertreten waren.<\/p>\n<p>Nach 1989 wurden auf dem Gebiet der ehemaligen DDR auch mit staatlichen Mitteln und mit Hilfe des VS Nazigruppen organisiert. Die Kader des NSU stammten aus dem \u201eTh\u00fcringer Heimatschutz\u201c, der unter anderem mit Geldern des VS finanziert wurde.<\/p>\n<p>Nach der Selbstenttarnung des NSU wurden unter anderem im Bundesamt f\u00fcr Verfassungsschutz Akten vernichtet, die die T\u00e4tigkeit Dutzender V-Leute aus dem NSU-Umfeld dokumentierten. Ein Verfassungsschutzmitarbeiter war nachweislich bei dem NSU-Mord in Kassel am Tatort.<\/p>\n<p>Der VS behindert bis heute gerichtliche Ermittlungen, sodass niemand aus dem VS strafrechtliche Konsequenzen f\u00fcrchten musste. Statt des rechten Milieus wurde jahrelang das Umfeld der Opfer verd\u00e4chtigt.<\/p>\n<p>Warum starben mindestens sechs NSU-Zeug*innen, kurz bevor oder nachdem sie ihre Aussage machen konnten, und warum werden Attent\u00e4ter*innen selten lebend gefasst?<br \/>\nSp\u00e4testens seit 2016 mischen V-Leute auch in der islamistischen Szene mit, z.B. im Fall der Anstachelung und Unterst\u00fctzung des Attent\u00e4ters vom Breitscheid-Platz, Anis Amri. Auch hier wurden Akten manipuliert.<br \/>\nWarum stirbt 2016 der mutma\u00dfliche Sprengstoffattent\u00e4ter Jabr Albakr in einem Leipziger Gef\u00e4ngnis?<br \/>\nUnd genau diese Geheimdienste bekommen immer mehr Geld, Personal und Befugnisse!<\/p>\n<p>Aus alldem wird deutlich, dass Aktivit\u00e4ten staatlicher Geheimdienste von den Aktivit\u00e4ten von Terrororganisationen nicht klar zu unterscheiden sind. Das ist umso verheerender, als auf Anschl\u00e4ge oft mit Kriegsterror \u201egeantwortet\u201c wird, der ganze Regionen der Welt auf Dauer ins Chaos st\u00fcrzt, unermessliches Leid \u00fcber die Menschen bringt und sie zur Flucht zwingt.<\/p>\n<h4><strong>Konzertprogramm 2018<\/strong><\/h4>\n<p>C. W. Gluck, Ausz\u00fcge aus der Oper \u201eOrpheus und Eurydike\u201c,<br \/>\nL. v. Beethoven, \u201eCoriolan\u201c Ouvert\u00fcre op. 62 f\u00fcr Orchester,<br \/>\nCh\u00f6re \u201eDie Gedanken sind frei\u201c (Umtextung zum Thema)<br \/>\nund Vulture Song \u201eThat\u2019s What Friends Are For\u201c aus dem Film \u201eJungle Book\u201c<br \/>\nsowie weitere Musik f\u00fcr Orchester allein und mit Chor.<\/p>\n<p>Folk, Jazz, Tanzen, Kammermusik, Improvisieren, Theater, \u2026 sind als Zusatzprogramme sehr erw\u00fcnscht. Im Rahmen der Dienstagsaktion freuen wir uns \u00fcber derartige Beitr\u00e4ge weiterer Ak\u00adtionsgruppen und Teilnehmer*innen.<\/p>\n<p><a href=\"http:\/\/www.lebenslaute.net\/wp-content\/uploads\/2017\/01\/Faltblatt-Lebenslaute-2018.pdf\"><strong>Faltblatt<\/strong><\/a><\/p>\n","protected":false},"excerpt":{"rendered":"<p>Mit Suite und Kantate gegen den Staat im Staate \u2013 Geheimdienste abschalten! Unter diesem Motto und mit einem Klassikprogramm, das u. a. Filmmusik und Werke von Christoph Willibald Gluck und Ludwig van Beethoven umfasst&#46;&#46;&#46;<\/p>\n","protected":false},"author":110,"featured_media":0,"comment_status":"open","ping_status":"open","sticky":false,"template":"","format":"standard","meta":{"footnotes":""},"categories":[2],"tags":[40,44,45,27,9,57,3,43,79,91,64],"class_list":["post-12275","post","type-post","status-publish","format-standard","hentry","category-aktionen","tag-demokratie","tag-drohnen","tag-geschichte","tag-kultur","tag-frieden-und-kunst","tag-musik","tag-pazifismus","tag-rassismus","tag-rechtsextremismus","tag-voelkerrecht","tag-zivilcourage"],"_links":{"self":[{"href":"https:\/\/www.friedenkoeln.de\/index.php?rest_route=\/wp\/v2\/posts\/12275","targetHints":{"allow":["GET"]}}],"collection":[{"href":"https:\/\/www.friedenkoeln.de\/index.php?rest_route=\/wp\/v2\/posts"}],"about":[{"href":"https:\/\/www.friedenkoeln.de\/index.php?rest_route=\/wp\/v2\/types\/post"}],"author":[{"embeddable":true,"href":"https:\/\/www.friedenkoeln.de\/index.php?rest_route=\/wp\/v2\/users\/110"}],"replies":[{"embeddable":true,"href":"https:\/\/www.friedenkoeln.de\/index.php?rest_route=%2Fwp%2Fv2%2Fcomments&post=12275"}],"version-history":[{"count":6,"href":"https:\/\/www.friedenkoeln.de\/index.php?rest_route=\/wp\/v2\/posts\/12275\/revisions"}],"predecessor-version":[{"id":12283,"href":"https:\/\/www.friedenkoeln.de\/index.php?rest_route=\/wp\/v2\/posts\/12275\/revisions\/12283"}],"wp:attachment":[{"href":"https:\/\/www.friedenkoeln.de\/index.php?rest_route=%2Fwp%2Fv2%2Fmedia&parent=12275"}],"wp:term":[{"taxonomy":"category","embeddable":true,"href":"https:\/\/www.friedenkoeln.de\/index.php?rest_route=%2Fwp%2Fv2%2Fcategories&post=12275"},{"taxonomy":"post_tag","embeddable":true,"href":"https:\/\/www.friedenkoeln.de\/index.php?rest_route=%2Fwp%2Fv2%2Ftags&post=12275"}],"curies":[{"name":"wp","href":"https:\/\/api.w.org\/{rel}","templated":true}]}}