{"id":12284,"date":"2018-05-31T10:50:01","date_gmt":"2018-05-31T08:50:01","guid":{"rendered":"http:\/\/www.friedenkoeln.de\/?p=12284"},"modified":"2020-11-14T23:14:52","modified_gmt":"2020-11-14T21:14:52","slug":"jetzt-bundestagsabgeordneten-schreiben-keine-kampfdrohnen-fuer-die-bundeswehr-entscheidung-am-13-juni-2018","status":"publish","type":"post","link":"https:\/\/www.friedenkoeln.de\/?p=12284","title":{"rendered":"Jetzt Bundestagsabgeordneten schreiben: Keine Kampfdrohnen f\u00fcr die Bundeswehr! Entscheidung am 13. Juni 2018"},"content":{"rendered":"<p>Die <a href=\"https:\/\/drohnen-kampagne.de\">Drohnen-Kampagne<\/a> hat eine wichtige Bitte an alle Friedensinteressierten. Bitte lest Euch ihren Brief durch und macht, wenn m\u00f6glich, bei einer Email- und Briefaktion mit.<\/p>\n<p>Emails und Briefe sollen vor allem an alle Mitglieder des Haushaltsausschusses und des Verteidigungsausschusses gerichtet werden. Der Haushaltsausschuss wird \u00fcber die Drohnen-Beschaffung abstimmen; der Verteidigungsausschuss wird zur Beratung hinzugezogen. Man kann zudem die Mitglieder des\u00a0Ausw\u00e4rtigen Ausschusses, des Ausschusses f\u00fcr\u00a0Menschenrechte und humanit\u00e4re Hilfe und des Ausschusses\u00a0f\u00fcr\u00a0Recht und Verbraucherschutz informieren.<\/p>\n<p>Email-Adressen der Bundestagsabgeordneten dieser Aussch\u00fcsse haben wir <a href=\"https:\/\/www.friedenkoeln.de\/?page_id=11775\">hier<\/a> zum Download. Eine Sammlung von Dokumenten und Hintergrundinformationen zum Thema Drohnenkrieg findet sich auch bei <a href=\"http:\/\/www.attac-netzwerk.de\/ag-globalisierung-und-krieg\/keinekampfdrohnen\/\">attac<\/a>.<\/p>\n<hr \/>\n<p>Liebe Friedensbewegte, \u00a0<br class=\"\" \/><br class=\"\" \/>VIELEN DANK f\u00fcr die viele Briefe, die Ihr schon an die MdBs gegen die Kampfdrohnen-Beschaffung geschickt habt! Unser Protest gegen eine Kampfdrohnen-Beschaffung macht sich im Bundestag bemerkbar! \u00a0<br class=\"\" \/><br class=\"\" \/>NUN IST ES BALD SO WEIT: Die Abstimmung im Haushaltsausschuss zum Leasingvertrag mit Airbus f\u00fcr sieben bewaffnungsf\u00e4hige Heron TP Drohnen aus Israel findet schon am 13. Juni 2018 statt! Das Verteidigungsministerium hat gestern die Vorlage f\u00fcr die Drohnen-Beschaffung ver\u00f6ffentlicht.<\/p>\n<div id=\"attachment_9469\" style=\"width: 344px\" class=\"wp-caption alignleft\"><a href=\"http:\/\/www.friedenkoeln.de\/wp-content\/uploads\/2016\/06\/TobyPink-DroneCreech.jpeg\" data-rel=\"lightbox-image-0\" data-rl_title=\"\" data-rl_caption=\"\" title=\"\"><img loading=\"lazy\" decoding=\"async\" aria-describedby=\"caption-attachment-9469\" class=\" wp-image-9469\" src=\"http:\/\/www.friedenkoeln.de\/wp-content\/uploads\/2016\/06\/TobyPink-DroneCreech.jpeg\" alt=\"Links ist eine Frau mit glatten dunklen Haaren zu sehen, die ein pinkfarbenes T-Shirt tr\u00e4gt und eine pinkfarbene Papierdrohne in der rechten Hand h\u00e4lt. Sie spricht mit einem Polizisten in olivfarbener Uniform und Baseballkappe, der ihr mit unbewegter Mine zuh\u00f6rt.\" width=\"334\" height=\"234\" srcset=\"https:\/\/www.friedenkoeln.de\/wp-content\/uploads\/2016\/06\/TobyPink-DroneCreech.jpeg 900w, https:\/\/www.friedenkoeln.de\/wp-content\/uploads\/2016\/06\/TobyPink-DroneCreech-768x538.jpeg 768w\" sizes=\"auto, (max-width: 334px) 100vw, 334px\" \/><\/a><p id=\"caption-attachment-9469\" class=\"wp-caption-text\">Toby Blom\u00e9 (CODEPINK) diskutiert 2016 in Creech, Nevada, mit einem Polizisten \u00fcber den Drohnenkrieg. Foto: privat.<\/p><\/div>\n<p>Im Juni 2017 hatte die SPD sich geweigert, dem Leasingvertrag f\u00fcr die Heron TP Drohnen zuzustimmen, damit war er durchgefallen. Dies wurde weltweit registriert. So schrieb ein bekannter US-Drohnenkriegsexperte in seinem Blog: &#8222;Zum ersten Mal in der Geschichte hat sich ein Gesetzgeber dagegen entschieden, Drohnen zu bewaffnen (&#8230;) mit Signalwirkung f\u00fcr alle, die sich im Deutschen Bundestag um Menschenrechte und Ethik bem\u00fchen, und eine vorbildliche Position, die in starkem Gegensatz dazu steht, dass im US-Kongress menschenrechtliche Aspekte der T\u00f6tung durch Drohnen keine Rolle spielen.\u201d<br class=\"\" \/><br class=\"\" \/>Wir hoffen, dass die SPD-Mitglieder des Haushaltsausschusses und des Verteidigungsausschusses diesmal wieder, wie die meisten Oppositionsparteien, auch in diesem Jahr die Kampfdrohnen-Beschaffung verweigern werden.<br class=\"\" \/><br class=\"\" \/>BRIEFE SOLLEN SP\u00c4TESTENS BIS ZUM 11. JUNI 2018 im Bundestag ankommen.<br class=\"\" \/><br class=\"\" \/>F\u00fcr Ideen, um schnell einen Brief zu erstellen, siehe<\/p>\n<ol>\n<li>die einige kurze <a href=\"http:\/\/www.friedenkoeln.de\/wp-content\/uploads\/2018\/05\/Drohnen-Beschaffung-kurze-Briefe.doc\">Beispielbriefe<\/a>,<\/li>\n<li>den <a href=\"https:\/\/drohnen-kampagne.de\/2018\/05\/26\/brief-der-drohnen-kampagne-vom-14-05-2018\/\">Brief der Drohnen-Kampagne vom 14. Mai 2018<\/a>, den Ihr kopieren und selbst als eigene Briefe aus dem Netzwerk Drohnen-Kampagne unterschreiben und verschicken k\u00f6nntet. (Ihr k\u00f6nntet auch Textbausteine davon entnehmen).<\/li>\n<\/ol>\n<p>Es ist oft effektiv, eigene ausdrucksvolle Briefe (gerne auch mit einem pers\u00f6nlichen Bezug) zu verfassen.<br class=\"\" \/><br class=\"\" \/>WICHTIG IST vor allem, dass die MdBs ganz viele Briefe \/ Mails bekommen, damit sie sehen, wie unpopul\u00e4r dieses Vorhaben in der Bev\u00f6lkerung ist.<\/p>\n<p>Dazu m\u00fcssen wir NOCH VIELE WEITERE BRIEFE an die MdBs schicken. <br class=\"\" \/><br class=\"\" \/><\/p>\n<div id=\"attachment_10924\" style=\"width: 417px\" class=\"wp-caption alignright\"><a href=\"http:\/\/www.friedenkoeln.de\/wp-content\/uploads\/2017\/06\/1.PETX1748.jpg\" data-rel=\"lightbox-image-1\" data-rl_title=\"\" data-rl_caption=\"\" title=\"\"><img loading=\"lazy\" decoding=\"async\" aria-describedby=\"caption-attachment-10924\" class=\" wp-image-10924\" src=\"http:\/\/www.friedenkoeln.de\/wp-content\/uploads\/2017\/06\/1.PETX1748-1024x681.jpg\" alt=\"Das Foto zeigt ein gro\u00dfes Transparent mit der Aufschrift &quot;Stoppt den US-Drohnenkrieg via Ramstein! Solidarit\u00e4t mit den Opfern!&quot; Mehr als ein Dutzend Friedensaktivisten halten es hoch.\" width=\"407\" height=\"271\" srcset=\"https:\/\/www.friedenkoeln.de\/wp-content\/uploads\/2017\/06\/1.PETX1748-1024x681.jpg 1024w, https:\/\/www.friedenkoeln.de\/wp-content\/uploads\/2017\/06\/1.PETX1748-768x511.jpg 768w\" sizes=\"auto, (max-width: 407px) 100vw, 407px\" \/><\/a><p id=\"caption-attachment-10924\" class=\"wp-caption-text\">Mahnwache vor dem Oberlandesgericht D\u00fcsseldorf am 31.5.2017. Foto: Gisela Theodora Blomberg.<\/p><\/div>\n<p>F\u00dcR DIE DOKUMENTATION und als Anregung f\u00fcr weiteres Briefeschreiben w\u00e4re es sch\u00f6n, wenn Ihr Kopien von Euren Briefen an die MdBs an uns weiterleiten w\u00fcrdet [Hinweis: bitte benutzt daf\u00fcr kontakt@friedenkoeln.de &#8211; wir leiten die Emails weiter].<br class=\"\" \/><br class=\"\" \/>Gespr\u00e4che (auch telefonisch) mit den Bundestagsabgeordneten oder ihren Referent*innen wie auch Leserbriefe und weitere mediale Beitr\u00e4ge sind auch effektiv. \u00a0<br class=\"\" \/><br class=\"\" \/>Viele friedliche Gr\u00fc\u00dfe,<br class=\"\" \/>L\u00fchr Henken, Elsa Rassbach und Laura von Wimmersperg<br class=\"\" \/>i. a. der Drohnen-Kampagne<\/p>\n","protected":false},"excerpt":{"rendered":"<p>Die Drohnen-Kampagne hat eine wichtige Bitte an alle Friedensinteressierten. Bitte lest Euch ihren Brief durch und macht, wenn m\u00f6glich, bei einer Email- und Briefaktion mit. Emails und Briefe sollen vor allem an alle Mitglieder&#46;&#46;&#46;<\/p>\n","protected":false},"author":110,"featured_media":0,"comment_status":"open","ping_status":"open","sticky":false,"template":"","format":"standard","meta":{"footnotes":""},"categories":[2],"tags":[49,48,44,39,99],"class_list":["post-12284","post","type-post","status-publish","format-standard","hentry","category-aktionen","tag-bundestag","tag-bundeswehr","tag-drohnen","tag-kampfdrohnen","tag-menschenrechte"],"_links":{"self":[{"href":"https:\/\/www.friedenkoeln.de\/index.php?rest_route=\/wp\/v2\/posts\/12284","targetHints":{"allow":["GET"]}}],"collection":[{"href":"https:\/\/www.friedenkoeln.de\/index.php?rest_route=\/wp\/v2\/posts"}],"about":[{"href":"https:\/\/www.friedenkoeln.de\/index.php?rest_route=\/wp\/v2\/types\/post"}],"author":[{"embeddable":true,"href":"https:\/\/www.friedenkoeln.de\/index.php?rest_route=\/wp\/v2\/users\/110"}],"replies":[{"embeddable":true,"href":"https:\/\/www.friedenkoeln.de\/index.php?rest_route=%2Fwp%2Fv2%2Fcomments&post=12284"}],"version-history":[{"count":12,"href":"https:\/\/www.friedenkoeln.de\/index.php?rest_route=\/wp\/v2\/posts\/12284\/revisions"}],"predecessor-version":[{"id":12309,"href":"https:\/\/www.friedenkoeln.de\/index.php?rest_route=\/wp\/v2\/posts\/12284\/revisions\/12309"}],"wp:attachment":[{"href":"https:\/\/www.friedenkoeln.de\/index.php?rest_route=%2Fwp%2Fv2%2Fmedia&parent=12284"}],"wp:term":[{"taxonomy":"category","embeddable":true,"href":"https:\/\/www.friedenkoeln.de\/index.php?rest_route=%2Fwp%2Fv2%2Fcategories&post=12284"},{"taxonomy":"post_tag","embeddable":true,"href":"https:\/\/www.friedenkoeln.de\/index.php?rest_route=%2Fwp%2Fv2%2Ftags&post=12284"}],"curies":[{"name":"wp","href":"https:\/\/api.w.org\/{rel}","templated":true}]}}