{"id":12343,"date":"2018-06-12T21:22:30","date_gmt":"2018-06-12T19:22:30","guid":{"rendered":"http:\/\/www.friedenkoeln.de\/?p=12343"},"modified":"2018-06-12T21:22:30","modified_gmt":"2018-06-12T19:22:30","slug":"koelnerinnen-an-bundestagsabgeordnete-sagen-sie-nein-zu-kampfdrohnen-fuer-die-bundeswehr","status":"publish","type":"post","link":"https:\/\/www.friedenkoeln.de\/?p=12343","title":{"rendered":"K\u00f6lner*innen an Bundestagsabgeordnete: Sagen Sie Nein zu Kampfdrohnen f\u00fcr die Bundeswehr!"},"content":{"rendered":"<p>Am Morgen des 11. Juni 2018 haben \u00fcber 350 Abgeordnete des Deutschen Bundestages einen Brief des K\u00f6lner Friedensforums mit\u00a0der DFG-VK Gruppe K\u00f6ln, dem Arbeitskreis Zivilklausel der Uni K\u00f6ln und\u00a0der\u00a0Vereinigung der Verfolgten des Naziregimes &#8211; Bund der Antifaschistinnen und Antifaschisten (VVN-BdA)\u00a0K\u00f6ln erhalten.\u00a0Wir fordern die Abgeordneten im Haushaltsausschuss und gegebenenfalls im Plenum des Bundestages auf, die Beschaffung der bewaffungsf\u00e4higen Drohnen abzulehnen.<\/p>\n<p>Am Donnertag, den 14. Juni, von 17:40 \u2013 18:25 Uhr steht die Beschaffung bewaffnungsf\u00e4higer Drohnen im <strong>Plenum des Bundestags<\/strong> auf der Tagesordnung. Davor muss am Mittwoch am fr\u00fchen Nachmittag der <strong>Haushaltsausschuss<\/strong> die daf\u00fcr ben\u00f6tigten \u00fcber <strong>900 Millionen Euro<\/strong> freigeben.<\/p>\n<p>Hier des folgt der Wortlaut des Briefs (<a href=\"http:\/\/www.friedenkoeln.de\/wp-content\/uploads\/2018\/06\/K\u00f6lner-Friedensforum-a-MdB_Nein-zu-Kampfdrohnen-f\u00fcr-Bundeswehr_20180611.pdf\">pdf zum Download<\/a>):<\/p>\n<hr \/>\n<p><a href=\"http:\/\/www.friedenkoeln.de\/wp-content\/uploads\/2017\/04\/KFF-Logo-2.jpg\" data-rel=\"lightbox-image-0\" data-rl_title=\"\" data-rl_caption=\"\" title=\"\"><img loading=\"lazy\" decoding=\"async\" class=\" wp-image-10634 alignright\" src=\"http:\/\/www.friedenkoeln.de\/wp-content\/uploads\/2017\/04\/KFF-Logo-2.jpg\" alt=\"Auf k\u00f6nigsblauem Grund ist in rot rechts das Peace-Zeichen und links der K\u00f6lner Dom skizziert.\" width=\"149\" height=\"167\" \/><\/a><\/p>\n<p><strong>K\u00f6lner Friedensforum<\/strong><br \/>\nc\/o Friedensbildungswerk<br \/>\nObenmarspforten 7 &#8211; 11<br \/>\n50667 K\u00f6ln<\/p>\n<p>An<br \/>\ndie K\u00f6lner Bundestagsabgeordneten<br \/>\n<strong>Reinhard Houben, FDP<\/strong><br \/>\n<strong>Karsten M\u00f6ring <\/strong>und<strong> Prof. Dr. Heribert Hirte, CDU<\/strong><br \/>\n<strong>Matthias Birkwald, Die Linke<\/strong><br \/>\n<strong>Katharina Dr\u00f6ge <\/strong>und<strong> Sven Lehmann, B\u00fcndnis 90\/Die Gr\u00fcnen<\/strong><br \/>\n<strong>Dr. Rolf M\u00fctzenich <\/strong>und<strong> Prof. Dr. Karl Lauterbach, SPD<\/strong><br \/>\nsowie die <strong>Abgeordneten<\/strong><strong>\u00a0des Verteidigungsausschusses <\/strong>und des<strong> Haushaltsausschusses <\/strong>zur Sitzung am 13. Juni<br \/>\nund die<strong> Mitglieder des Ausw\u00e4rtigen Ausschuss, des Ausschuss f\u00fcr Menschenrechte und humanit\u00e4re Hilfe <\/strong>und des <strong>Ausschuss f\u00fcr Recht und Verbraucherschutz<\/strong><\/p>\n<p>Sehr geehrte Damen und Herren Bundestagsabgeordnete,<\/p>\n<p>das Verteidigungsministerium hat dem Haushaltsausschuss f\u00fcr die Sitzung am 13. Juni eine Vorlage zur Bewilligung eines neunj\u00e4hrigen Airbus-Leasingvertrages f\u00fcr f\u00fcnf bewaffnungsf\u00e4hige Drohnen des Typs Heron TP der staatlichen Firma Israel Aeronautics Industries vorgelegt.<\/p>\n<p>Zum ersten Mal w\u00fcrden deutsche Soldaten Drohnen erhalten, die Waffen tragen k\u00f6nnen. Die Kosten f\u00fcr das Leasing und die Wartung der neuen Drohnen betragen \u00fcber eine Milliarde Euro. Die Kosten einer m\u00f6glichen Bewaffnung sind noch nicht bekannt.<\/p>\n<p><strong>Die Vertreter*innen des K\u00f6lner Friedensforums fordern Sie\u00a0auf:<\/strong><\/p>\n<p><strong>Sagen Sie Nein zum Leasingvertrag f\u00fcr bewaffnungsf\u00e4hige Drohnen f\u00fcr die Bundeswehr!<\/strong><\/p>\n<p>Sie haben es &#8211; noch &#8211; in der Hand, dem \u00fcberwiegenden Willen der Mehrheit in der Bev\u00f6lkerung\u00a0gegen Kampfdrohnen gerecht zu werden.<\/p>\n<p>Unsere Gr\u00fcnde f\u00fcr die Ablehnung der Drohnen sind sehr vielf\u00e4ltig, hier die wichtigsten:<\/p>\n<ul>\n<li>Diese fliegenden Killerroboter, gesteuert von Soldaten, die weit weg in einem klimatisierten Raum vor einem Bildschirm sitzen, f\u00fchren zur\u00a0zeitlichen und r\u00e4umlichen Entgrenzung des Krieges.<\/li>\n<li>V\u00f6lkerrechtlich umstrittene T\u00f6tungen von Terrorverd\u00e4chtigen rissen bislang immer unschuldige Menschen mit in Tod und Verletzung.<\/li>\n<li>Der Tod per Mausklick setzt die Hemmschwelle f\u00fcrs T\u00f6ten erheblich herab. Schuldgef\u00fchle zermartern trotzdem die Todessch\u00fctzen und machen sie oft psychisch krank.<\/li>\n<\/ul>\n<p>Darum: Stimmen Sie dagegen. Sagen Sie: Keine Kampfdrohnen f\u00fcr die Bundeswehr!<\/p>\n<blockquote><p>Diese Waffen haben in den L\u00e4ndern, in denen sie eingesetzt wurden, nur Hass gesch\u00fcrt und keinen Frieden gebracht. Sie sind besonders im Rahmen von V\u00f6lkerrechtsverletzungen wie sogenannte \u201agezielte\u2019 T\u00f6tungen bekannt geworden,<\/p><\/blockquote>\n<p>erkl\u00e4rt Elsa Rassbach, eine Sprecherin der US-Friedensorganisation CODEPINK und Vertreterin von Attac und DFG-VK.<\/p>\n<blockquote><p>Wir lehnen Kampfdrohnen auch deswegen ab, weil ihr Einsatz die Schwelle zu bewaffneten Aggressionen weiter senkt, eine neue R\u00fcstungsspirale in Gang setzt und die Entwicklung von noch schrecklicher Kriegsf\u00fchrung durch autonome Killer-Roboter f\u00f6rdert,<\/p><\/blockquote>\n<p>f\u00fcgt sie hinzu.\u00a0Die Moderatorin der Friedenskoordination Berlin, Laura von Wimmersperg, betont:<\/p>\n<blockquote><p>Kampfdrohnen und Drohnenkrieg geh\u00f6ren zu den wichtigsten Themen der Friedensbewegung, weil mit der Automatisierung und der Digitalisierung der Waffensysteme ein sehr gef\u00e4hrliches neues Paradigma in der Kriegsf\u00fchrung begonnen hat. Hiermit wird sich die Menschheit vermutlich lange auseinandersetzten m\u00fcssen.<\/p><\/blockquote>\n<p><strong>Aufgrund der wichtigen Entscheidung im Bundestag am 13. Juni\u00a0<\/strong>stehen\u00a0Ihnen Vertreter*innen und Drohnenexpert*innen der deutschen und US-Friedensbewegungen\u00a0<strong>ab 8:30 Uhr vor dem S\u00fcdeingang des Paul-L\u00f6be-Hauses [in Berlin]\u00a0<\/strong>f\u00fcr Interviews zur Verf\u00fcgung, um die zur Sitzung eintreffenden Bundestagsabgeordneten an ihre Verantwortlichkeit zu erinnern.<\/p>\n<p>Durch eine visuell kreative Aktion wird unsere und die Besorgnis der Bev\u00f6lkerung und vieler politischer Vertreter*innen \u00fcber die rasche internationale Entwicklung und Verbreitung von automatisierten und digitalisierten Waffensystemen sowie \u00fcber den oftmals v\u00f6lkerrechtswidrigen Einsatz zum Ausdruck gebracht.<\/p>\n<p>Anschlie\u00dfend l\u00e4dt die Friedenskoordination Berlin im Auftrag der bundesweiten &#8222;Drohnen-Kampagne&#8220;, die von 150 Organisationen getragenen wird, zu einer Veranstaltung unter dem Titel \u201eBewaffnungsf\u00e4hige Drohnen f\u00fcr Deutschland?\u201c ein. Sie findet\u00a0<strong>von 12 bis 13 Uhr zwischen dem Paul-L\u00f6be-Haus und dem Platz der Republik statt.<\/strong><\/p>\n<p>Neben Vertreter*innen der Friedens- und Menschenrechtsorganisationen werden folgende Bundestagsabgeordnete zwischen 12:15 und 12:45 Uhr kurze Redebeitr\u00e4ge halten:<\/p>\n<ul>\n<li><strong>Dr. Karl-Heinz Brunner<\/strong>,\u00a0Mitglied der SPD im Verteidigungsausschuss, im Ausschuss f\u00fcr Recht und Verbraucherschutz und Obmann\u00a0des Unterausschusses \u201eAbr\u00fcstung, R\u00fcstungskontrolle und Nichtverbreitung\u201c<\/li>\n<li><strong>Andrej Hunko<\/strong>,\u00a0Mitglied des Parteivorstandes DIE LINKE und der Parlamentarischen Versammlung des Europarates, europapolitischer Sprecher der Fraktion im Bundestag<\/li>\n<li><strong>Katja Keul<\/strong>, Mitglied des Verteidigungsausschusses, Obfrau des Unterausschusses \u201eAbr\u00fcstung, R\u00fcstungskontrolle und Nichtverbreitung\u201c und Sprecherin der Fraktion B\u00fcndnis 90\/Die Gr\u00fcnen f\u00fcr Abr\u00fcstungspolitik<\/li>\n<\/ul>\n<p>Mitglieder der CDU\/CSU und der FDP Bundestagsfraktion im Unterausschuss &#8222;Abr\u00fcstung, R\u00fcstungskontrolle und Nichtverbreitung\u201d sind ebenfalls angefragt worden.<\/p>\n<div id=\"attachment_10701\" style=\"width: 464px\" class=\"wp-caption alignright\"><a href=\"http:\/\/www.friedenkoeln.de\/wp-content\/uploads\/2017\/04\/CODEPINK-against-Drones-in-Pakistan.jpg\" data-rel=\"lightbox-image-1\" data-rl_title=\"\" data-rl_caption=\"\" title=\"\"><img loading=\"lazy\" decoding=\"async\" aria-describedby=\"caption-attachment-10701\" class=\" wp-image-10701\" src=\"http:\/\/www.friedenkoeln.de\/wp-content\/uploads\/2017\/04\/CODEPINK-against-Drones-in-Pakistan-1024x638.jpg\" alt=\"Eine gro\u00dfe Gruppe von europ\u00e4isch und pakistanisch-indisch aussehenden Menschen jeden Alters versammeln sich hinter einem selbst beschrifteten pinkfarbenen Transparent mit der Aufschrift &quot;Stop Killer Drones!&quot;\" width=\"454\" height=\"283\" srcset=\"https:\/\/www.friedenkoeln.de\/wp-content\/uploads\/2017\/04\/CODEPINK-against-Drones-in-Pakistan-1024x638.jpg 1024w, https:\/\/www.friedenkoeln.de\/wp-content\/uploads\/2017\/04\/CODEPINK-against-Drones-in-Pakistan-768x478.jpg 768w, https:\/\/www.friedenkoeln.de\/wp-content\/uploads\/2017\/04\/CODEPINK-against-Drones-in-Pakistan-80x50.jpg 80w, https:\/\/www.friedenkoeln.de\/wp-content\/uploads\/2017\/04\/CODEPINK-against-Drones-in-Pakistan.jpg 1565w\" sizes=\"auto, (max-width: 454px) 100vw, 454px\" \/><\/a><p id=\"caption-attachment-10701\" class=\"wp-caption-text\">US-Friedensaktivist*innen und pakistanische Familien protestieren gemeinsam gegen Drohnenkrieg in Pakistan<\/p><\/div>\n<p>Das Verteidigungsministerium hat in diesem Jahr dem Haushaltsausschuss nun fast die gleiche Vorlage zur Bewilligung eines Airbus-Leasingvertrages f\u00fcr f\u00fcnf bewaffnungsf\u00e4hige Heron TP Drohnen vorgelegt, die von der SPD im letzten Jahr noch mit der Begr\u00fcndung abgelehnt wurde, dass das Verteidigungsministerium die Bewaffnung bereits mitgeordert habe. Laut dem Koalitionsvertrag von 2018 sollen die bewaffnungsf\u00e4higen Drohnen vorerst ausschlie\u00dflich f\u00fcr Aufkl\u00e4rungszwecke eingesetzt werden. Nach einer weiteren Vorlage des Verteidigungsministeriums k\u00f6nnte jedoch eine Bewaffnung der Drohnen erfolgen.<\/p>\n<p>Wie schon im Fr\u00fchling 2017 haben viele B\u00fcrger*innen in den letzten Wochen ihre Sorge \u00fcber den Kampfdrohnen-Beschaffungsplan durch Schreiben an Bundestagsabgeordnete aller Fraktionen zum Ausdruck gebracht.<\/p>\n<p>Weltweit\u00a0 wurde registriert, dass sich im Juni 2017 der Haushaltsausschuss weigerte, dem Leasingvertrag f\u00fcr die Heron TP Drohnen zuzustimmen. So schrieb ein bekannter US-Drohnenkriegsexperte in seinem Blog:<\/p>\n<blockquote><p>Zum ersten Mal in der Geschichte hat sich ein Gesetzgeber dagegen entschieden, Drohnen zu bewaffnen &#8230; mit Signalwirkung f\u00fcr alle, die sich im Deutschen Bundestag um Menschenrechte und Ethik bem\u00fchen, und eine vorbildliche Position, die in starkem Gegensatz dazu steht, dass im US-Kongress menschenrechtliche Aspekte der T\u00f6tung durch Drohnen keine Rolle spielen.<\/p><\/blockquote>\n<p>Die <strong>im Koalitionsvertrag\u00a0vorgesehene ausf\u00fchrliche Aussprache im Deutschen Bundestag hat bisher\u00a0nicht stattgefunden<\/strong>. Au\u00dferdem bestehen erhebliche Bedenken dahingehend,\u00a0dass bewaffnete Kampfdrohnen eine Verletzung des V\u00f6lkerrechts darstellen.<\/p>\n<p>Wir hoffen, dass die Mitglieder des Haushaltsausschusses und des Verteidigungsausschusses diesmal wieder, wie die meisten Oppositionsparteien, auch in diesem Jahr die Kampfdrohnen-Beschaffung verweigern werden.<\/p>\n<p>Wir ver\u00f6ffentlichen unser Schreiben an Sie auf unseren Internetseiten und bitten Sie um Ihre Stellungnahme, die wir ebenfalls ver\u00f6ffentlichen werden.<\/p>\n<p>Mit freundlichen Gr\u00fc\u00dfen<\/p>\n<p>Michael S\u00fcnner<\/p>\n<p>im Auftrag des K\u00f6lner Friedensforums,<br \/>\nder Deutschen Friedensgesellschaft \u2013 Vereinigte KriegsdienstgegnerInnen (DFG-VK) K\u00f6ln,<br \/>\ndes Arbeitskreis Zivilklausel der Uni K\u00f6ln und<br \/>\nder\u00a0Vereinigung der Verfolgten des Naziregimes &#8211; Bund der Antifaschistinnen und Antifaschisten (VVN-BdA)\u00a0K\u00f6ln<\/p>\n","protected":false},"excerpt":{"rendered":"<p>Am Morgen des 11. Juni 2018 haben \u00fcber 350 Abgeordnete des Deutschen Bundestages einen Brief des K\u00f6lner Friedensforums mit\u00a0der DFG-VK Gruppe K\u00f6ln, dem Arbeitskreis Zivilklausel der Uni K\u00f6ln und\u00a0der\u00a0Vereinigung der Verfolgten des Naziregimes &#8211;&#46;&#46;&#46;<\/p>\n","protected":false},"author":110,"featured_media":0,"comment_status":"open","ping_status":"open","sticky":false,"template":"","format":"standard","meta":{"footnotes":""},"categories":[2],"tags":[49,48,44,63,39,47,85,99,73,91],"class_list":["post-12343","post","type-post","status-publish","format-standard","hentry","category-aktionen","tag-bundestag","tag-bundeswehr","tag-drohnen","tag-informatik","tag-kampfdrohnen","tag-krieg-gegen-terror","tag-kriegsverbrechen","tag-menschenrechte","tag-vereinte-nationen","tag-voelkerrecht"],"_links":{"self":[{"href":"https:\/\/www.friedenkoeln.de\/index.php?rest_route=\/wp\/v2\/posts\/12343","targetHints":{"allow":["GET"]}}],"collection":[{"href":"https:\/\/www.friedenkoeln.de\/index.php?rest_route=\/wp\/v2\/posts"}],"about":[{"href":"https:\/\/www.friedenkoeln.de\/index.php?rest_route=\/wp\/v2\/types\/post"}],"author":[{"embeddable":true,"href":"https:\/\/www.friedenkoeln.de\/index.php?rest_route=\/wp\/v2\/users\/110"}],"replies":[{"embeddable":true,"href":"https:\/\/www.friedenkoeln.de\/index.php?rest_route=%2Fwp%2Fv2%2Fcomments&post=12343"}],"version-history":[{"count":2,"href":"https:\/\/www.friedenkoeln.de\/index.php?rest_route=\/wp\/v2\/posts\/12343\/revisions"}],"predecessor-version":[{"id":12347,"href":"https:\/\/www.friedenkoeln.de\/index.php?rest_route=\/wp\/v2\/posts\/12343\/revisions\/12347"}],"wp:attachment":[{"href":"https:\/\/www.friedenkoeln.de\/index.php?rest_route=%2Fwp%2Fv2%2Fmedia&parent=12343"}],"wp:term":[{"taxonomy":"category","embeddable":true,"href":"https:\/\/www.friedenkoeln.de\/index.php?rest_route=%2Fwp%2Fv2%2Fcategories&post=12343"},{"taxonomy":"post_tag","embeddable":true,"href":"https:\/\/www.friedenkoeln.de\/index.php?rest_route=%2Fwp%2Fv2%2Ftags&post=12343"}],"curies":[{"name":"wp","href":"https:\/\/api.w.org\/{rel}","templated":true}]}}