{"id":12349,"date":"2018-06-12T23:36:40","date_gmt":"2018-06-12T21:36:40","guid":{"rendered":"http:\/\/www.friedenkoeln.de\/?p=12349"},"modified":"2020-11-14T23:14:18","modified_gmt":"2020-11-14T21:14:18","slug":"bundestagsbuero-von-margareta-bause-buendnis-90-gruene-wir-lehnen-kampfroboter-und-bewaffnete-drohnen-ab","status":"publish","type":"post","link":"https:\/\/www.friedenkoeln.de\/?p=12349","title":{"rendered":"Bundestagsb\u00fcro von Margareta Bause (B\u00fcndnis 90\/Gr\u00fcne): Wir lehnen Kampfroboter und bewaffnete Drohnen ab!"},"content":{"rendered":"<div>\n<div class=\"\">\n<div class=\"WordSection1\">\n<div>Margareta Bause, B\u00fcndnis 90\/Gr\u00fcne, ist Sprecherin f\u00fcr Menschenrechte und humanit\u00e4re Hilfe im Deutschen Bundestag. Aus ihrem Berliner Abgeordnetenb\u00fcro schrieb uns ihr Mitarbeiter\u00a0Ssaman Mardi am 11. Juni 2018 die Antwort auf <a href=\"https:\/\/www.friedenkoeln.de\/?p=12343\">unseren Brief<\/a> vom selben Tag:<\/div>\n<div>\n<hr \/>\n<\/div>\n<div class=\"\"><span class=\"\">Sehr geehrter Herr S\u00fcnner,<br class=\"\" \/>sehr geehrte Damen und Herren,<br class=\"\" \/><br class=\"\" \/>vielen Dank f\u00fcr Ihre Mail. Wir als GR\u00dcNE lehnen die Entwicklung und Beschaffung von automatisierten Waffen wie Kampfrobotern oder bewaffneten autonomen Flugger\u00e4ten \u2013 sogenannte bewaffnete Drohnen \u2013 ab. Ich darf Sie in diesem Zusammenhang unter anderem auf folgende Stellungnahmen\/Reden\u00a0 verweisen, die die Position der Fraktion verdeutlichen:\u00a0<a class=\"\" href=\"https:\/\/www.gruene-bundestag.de\/presse\/pressestatements\/2018\/februar\/agnieszka-brugger-zu-berichten-ueber-die-einigung-von-union-und-spd-zu-bewaffneten-drohnen.html\">https:\/\/www.gruene-bundestag.de\/presse\/pressestatements\/2018\/februar\/agnieszka-brugger-zu-berichten-ueber-die-einigung-von-union-und-spd-zu-bewaffneten-drohnen.html<\/a><\/span><\/div>\n<\/div>\n<\/div>\n<div class=\"\">\n<div class=\"WordSection1\">\n<div class=\"\"><span class=\"\"><a class=\"\" href=\"https:\/\/www.gruene-bundestag.de\/parlament\/bundestagsreden\/2017\/januar\/dr-tobias-lindner-nato-stuetzpunkt-ramstein.html\">https:\/\/www.gruene-bundestag.de\/parlament\/bundestagsreden\/2017\/januar\/dr-tobias-lindner-nato-stuetzpunkt-ramstein.html<\/a><\/span><\/div>\n<\/div>\n<\/div>\n<div class=\"\">\n<div class=\"WordSection1\">\n<div class=\"\"><span class=\"\">Wir werden auch die Vorlage zu einem Leasingvertrag f\u00fcr bewaffnungsf\u00e4hige &#8222;Heron TP&#8220; Drohnen f\u00fcr die Bundeswehr ablehnen; aus prinzipiellen Erw\u00e4gungen, aber auch, weil wir von dem Verfahren und der Wirtschaftlichkeit nicht \u00fcberzeugt sind. Dar\u00fcber hinaus kritisieren wir die SPD, die den Unions-Beschaffungspl\u00e4nen zu bewaffneten Drohnen f\u00fcr die Bundeswehr jahrelang still und leise zugeschaut hat und offensichtlich auch in den Koalitionsverhandlungen nicht den Mut aufbrachte, eine Bewaffnung der geleasten Drohnen auszuschlie\u00dfen.<\/span><\/div>\n<\/div>\n<\/div>\n<div class=\"\">\n<div class=\"WordSection1\">\n<div class=\"\"><span class=\"\">Beste Gr\u00fc\u00dfe, auch im Namen von Frau Bause<\/span><\/div>\n<\/div>\n<\/div>\n<div class=\"\">\n<div class=\"WordSection1\">\n<div class=\"\">Ssaman Mardi<\/div>\n<\/div>\n<\/div>\n<div class=\"\">\n<div class=\"WordSection1\">\n<div><\/div>\n<div class=\"\">Bundestagsb\u00fcro Margarete Bause, MdB<br class=\"\" \/>Sprecherin f\u00fcr Menschenrechte und humanit\u00e4re Hilfe<\/div>\n<\/div>\n<\/div>\n<div class=\"\">\n<div class=\"WordSection1\">\n<div class=\"\">Deutscher Bundestag<\/div>\n<div class=\"\">Platz der Republik 1<\/div>\n<div class=\"\">11011 Berlin<\/div>\n<\/div>\n<\/div>\n<\/div>\n","protected":false},"excerpt":{"rendered":"<p>Margareta Bause, B\u00fcndnis 90\/Gr\u00fcne, ist Sprecherin f\u00fcr Menschenrechte und humanit\u00e4re Hilfe im Deutschen Bundestag. Aus ihrem Berliner Abgeordnetenb\u00fcro schrieb uns ihr Mitarbeiter\u00a0Ssaman Mardi am 11. Juni 2018 die Antwort auf unseren Brief vom selben&#46;&#46;&#46;<\/p>\n","protected":false},"author":110,"featured_media":0,"comment_status":"open","ping_status":"open","sticky":false,"template":"","format":"standard","meta":{"footnotes":""},"categories":[141],"tags":[44,63,39],"class_list":["post-12349","post","type-post","status-publish","format-standard","hentry","category-brief","tag-drohnen","tag-informatik","tag-kampfdrohnen"],"_links":{"self":[{"href":"https:\/\/www.friedenkoeln.de\/index.php?rest_route=\/wp\/v2\/posts\/12349","targetHints":{"allow":["GET"]}}],"collection":[{"href":"https:\/\/www.friedenkoeln.de\/index.php?rest_route=\/wp\/v2\/posts"}],"about":[{"href":"https:\/\/www.friedenkoeln.de\/index.php?rest_route=\/wp\/v2\/types\/post"}],"author":[{"embeddable":true,"href":"https:\/\/www.friedenkoeln.de\/index.php?rest_route=\/wp\/v2\/users\/110"}],"replies":[{"embeddable":true,"href":"https:\/\/www.friedenkoeln.de\/index.php?rest_route=%2Fwp%2Fv2%2Fcomments&post=12349"}],"version-history":[{"count":2,"href":"https:\/\/www.friedenkoeln.de\/index.php?rest_route=\/wp\/v2\/posts\/12349\/revisions"}],"predecessor-version":[{"id":12351,"href":"https:\/\/www.friedenkoeln.de\/index.php?rest_route=\/wp\/v2\/posts\/12349\/revisions\/12351"}],"wp:attachment":[{"href":"https:\/\/www.friedenkoeln.de\/index.php?rest_route=%2Fwp%2Fv2%2Fmedia&parent=12349"}],"wp:term":[{"taxonomy":"category","embeddable":true,"href":"https:\/\/www.friedenkoeln.de\/index.php?rest_route=%2Fwp%2Fv2%2Fcategories&post=12349"},{"taxonomy":"post_tag","embeddable":true,"href":"https:\/\/www.friedenkoeln.de\/index.php?rest_route=%2Fwp%2Fv2%2Ftags&post=12349"}],"curies":[{"name":"wp","href":"https:\/\/api.w.org\/{rel}","templated":true}]}}