{"id":12358,"date":"2018-06-13T06:00:05","date_gmt":"2018-06-13T04:00:05","guid":{"rendered":"http:\/\/www.friedenkoeln.de\/?p=12358"},"modified":"2020-11-14T23:14:09","modified_gmt":"2020-11-14T21:14:09","slug":"mdb-matthias-hoehn-die-linke-grundsaetzliche-voelkerrechtliche-und-ethische-einwaende-gegen-bewaffnete-drohnen-und-die-praxis-ihres-einsatzes","status":"publish","type":"post","link":"https:\/\/www.friedenkoeln.de\/?p=12358","title":{"rendered":"MdB Matthias H\u00f6hn (Die Linke): Grunds\u00e4tzliche v\u00f6lkerrechtliche und ethische Einw\u00e4nde gegen bewaffnete Drohnen und die Praxis ihres Einsatzes"},"content":{"rendered":"<div class=\"\">\n<div class=\"\">\n<div>\n<div>\n<div>Der Bundestagsabgeordnete Matthias H\u00f6hn (Die Linke) hat am 11. Juni 2018 auf\u00a0<a href=\"https:\/\/www.friedenkoeln.de\/?p=12343\">unseren Brief<\/a> vom selben Tag geantwortet:<\/div>\n<\/div>\n<hr \/>\n<div class=\"\">Sehr geehrter Herr S\u00fcnner,\u00a0<br class=\"\" \/><br class=\"\" \/>vielen Dank f\u00fcr Ihre Beteiligung an den Protestschreiben gegen den \u201eLeasingvertrag f\u00fcr Heron TP Drohnen f\u00fcr die Bundeswehr\u201c. Die Linksfraktion lehnt die Beschaffung von bewaffneten und bewaffnungsf\u00e4higen Drohnen ab. F\u00fcr uns bestehen grunds\u00e4tzliche v\u00f6lkerrechtliche und ethische Einw\u00e4nde gegen bewaffnete Drohnen und die Praxis ihres Einsatzes. Bewaffnete Drohnen sind Offensivwaffen und senken nach unserer Auffassung die politische Hemmschwelle bei der Entscheidung \u00fcber Milit\u00e4reins\u00e4tze. Wir setzen uns f\u00fcr eine UN-Konvention zur \u00c4chtung dieser Waffen ein.\u00a0<br class=\"\" \/><br class=\"\" \/>Aus Anlass der aktuellen Haushaltsberatungen habe ich gemeinsam mit anderen Mitgliedern der Linksfraktion einen Antrag (<a href=\"http:\/\/dip21.bundestag.de\/dip21\/btd\/19\/018\/1901831.pdf\">Drucksache 19\/1831<\/a>) im Bundestag eingebracht, der zurzeit noch in Beratung ist. Darin fordern wir den Bundestag und die Bundesregierung zum Verzicht auf die Anschaffung von bewaffneten und bewaffnungsf\u00e4higen Drohnen auf.\u00a0<br class=\"\" \/><br class=\"\" \/>Weiterhin weist die Linksfraktion mittels einer aktuellen Kleinen Anfrage (<a href=\"http:\/\/dip21.bundestag.de\/dip21\/btd\/19\/019\/1901988.pdf\">Drucksache 19\/1988<\/a>) die Bundesregierung auf die bisher vereinbarten internationalen Regeln zur verantwortungsvollen Verwendung von bewaffneten oder bewaffnungsf\u00e4higen Drohnen hin. Mit den Antworten der Bundesregierung k\u00f6nnen wir nicht zufrieden sein. Von einer breiten gesellschaftlichen Debatte um den m\u00f6glichen Einsatz solcher Drohnen, wie eigentlich im Koalitionsvertrag angek\u00fcndigt, kann keine Rede sein. Die Fraktion DIE LINKE. im Deutschen Bundestag lehnt die Anschaffung von Kampfdrohnen ab. Dies betrifft nicht nur das Leasing der israelischen Heron-Drohnen als \u00dcbergangsl\u00f6sung, sondern auch die sogenannte Eurodrohne, die bis 2025 entwickelt sein soll. Ich freue mich, wenn wir uns gemeinsam f\u00fcr dieses Ziel einsetzen.<br class=\"\" \/><br class=\"\" \/>Mit freundlichen Gr\u00fc\u00dfen,\u00a0<br class=\"\" \/>Matthias H\u00f6hn\u00a0<br class=\"\" \/><br class=\"\" \/>Matthias H\u00f6hn, MdB<br class=\"\" \/>Deutscher Bundestag<br class=\"\" \/>Platz der Republik 1<br class=\"\" \/>11011 Berlin<\/div>\n<\/div>\n<\/div>\n<\/div>\n","protected":false},"excerpt":{"rendered":"<p>Der Bundestagsabgeordnete Matthias H\u00f6hn (Die Linke) hat am 11. Juni 2018 auf\u00a0unseren Brief vom selben Tag geantwortet: Sehr geehrter Herr S\u00fcnner,\u00a0vielen Dank f\u00fcr Ihre Beteiligung an den Protestschreiben gegen den \u201eLeasingvertrag f\u00fcr Heron TP&#46;&#46;&#46;<\/p>\n","protected":false},"author":110,"featured_media":0,"comment_status":"open","ping_status":"open","sticky":false,"template":"","format":"standard","meta":{"footnotes":""},"categories":[141],"tags":[42,49,48,44,100,63,39,73,91],"class_list":["post-12358","post","type-post","status-publish","format-standard","hentry","category-brief","tag-abruestung","tag-bundestag","tag-bundeswehr","tag-drohnen","tag-ethik","tag-informatik","tag-kampfdrohnen","tag-vereinte-nationen","tag-voelkerrecht"],"_links":{"self":[{"href":"https:\/\/www.friedenkoeln.de\/index.php?rest_route=\/wp\/v2\/posts\/12358","targetHints":{"allow":["GET"]}}],"collection":[{"href":"https:\/\/www.friedenkoeln.de\/index.php?rest_route=\/wp\/v2\/posts"}],"about":[{"href":"https:\/\/www.friedenkoeln.de\/index.php?rest_route=\/wp\/v2\/types\/post"}],"author":[{"embeddable":true,"href":"https:\/\/www.friedenkoeln.de\/index.php?rest_route=\/wp\/v2\/users\/110"}],"replies":[{"embeddable":true,"href":"https:\/\/www.friedenkoeln.de\/index.php?rest_route=%2Fwp%2Fv2%2Fcomments&post=12358"}],"version-history":[{"count":3,"href":"https:\/\/www.friedenkoeln.de\/index.php?rest_route=\/wp\/v2\/posts\/12358\/revisions"}],"predecessor-version":[{"id":12361,"href":"https:\/\/www.friedenkoeln.de\/index.php?rest_route=\/wp\/v2\/posts\/12358\/revisions\/12361"}],"wp:attachment":[{"href":"https:\/\/www.friedenkoeln.de\/index.php?rest_route=%2Fwp%2Fv2%2Fmedia&parent=12358"}],"wp:term":[{"taxonomy":"category","embeddable":true,"href":"https:\/\/www.friedenkoeln.de\/index.php?rest_route=%2Fwp%2Fv2%2Fcategories&post=12358"},{"taxonomy":"post_tag","embeddable":true,"href":"https:\/\/www.friedenkoeln.de\/index.php?rest_route=%2Fwp%2Fv2%2Ftags&post=12358"}],"curies":[{"name":"wp","href":"https:\/\/api.w.org\/{rel}","templated":true}]}}