{"id":12372,"date":"2018-06-13T23:02:17","date_gmt":"2018-06-13T21:02:17","guid":{"rendered":"http:\/\/www.friedenkoeln.de\/?p=12372"},"modified":"2020-11-14T23:13:27","modified_gmt":"2020-11-14T21:13:27","slug":"mdb-katja-keul-buendnis-90-die-gruenen-mit-kampfrobotern-konnte-bisher-kein-frieden-geschaffen-werden","status":"publish","type":"post","link":"https:\/\/www.friedenkoeln.de\/?p=12372","title":{"rendered":"MdB Katja Keul (B\u00fcndnis 90\/Die Gr\u00fcnen): Mit Kampfrobotern konnte bisher kein Frieden geschaffen werden!"},"content":{"rendered":"<div>\n<div class=\"\">\n<div class=\"WordSection1\">\n<div class=\"\">\n<div class=\"\"><span class=\"\">Katja Keul ist die\u00a0Rechtspolitische Sprecherin und die\u00a0Abr\u00fcstungspolitische Sprecherin der\u00a0<\/span><span class=\"\">Bundestagsfraktion von B\u00fcndnis 90\/Die Gr\u00fcnen. Sie\u00a0<\/span><span class=\"\">schrieb uns<\/span>\u00a0am 11. Juni 2018 folgende Antwort auf <a href=\"https:\/\/www.friedenkoeln.de\/?p=12343\">unseren Brief<\/a> vom selben Tag:<\/div>\n<\/div>\n<\/div>\n<\/div>\n<div class=\"\">\n<div class=\"WordSection1\">\n<hr \/>\n<div class=\"\">\n<div class=\"WordSection1\"><span class=\"\">Sehr geehrter Herr S\u00fcnner,<\/span><\/div>\n<\/div>\n<\/div>\n<\/div>\n<\/div>\n<div class=\"\">\n<div class=\"WordSection1\">\n<div><\/div>\n<div class=\"\"><span class=\"\">vielen Dank f\u00fcr Ihre heutige Nachricht. Mit Ihrem Anliegen treffen Sie bei uns auf offene Ohren. In der Sache lehnen auch wir die Vorlage zu Heron TP entschieden ab. Wir als GR\u00dcNE sind gegen die Entwicklung und Beschaffung von automatisierten Waffen wie beispielsweise Kampfrobotern oder bewaffneten autonomen Flugger\u00e4ten \u2013 sogenannten bewaffneten Drohnen. Mit keiner dieser Technologien konnte bisher Frieden geschaffen werden. Au\u00dferdem sind wir auch von dem Verfahren und der Wirtschaftlichkeit nicht \u00fcberzeugt. Wir bedauern und kritisieren, dass die SPD jahrelang den Unions-Beschaffungspl\u00e4nen zu bewaffneten Drohnen f\u00fcr die Bundeswehr still und leise zugeschaut hat und auch nicht in den Koalitionsverhandlungen den Mut aufgebracht hat, eine Bewaffnung der geleasten Drohnen auszuschlie\u00dfen. Kurzum: Wir werden die Vorlage zu Heron TP ablehnen und es verbleibt zu hoffen, dass sich auch die anderen Fraktionen f\u00fcr den friedlichen Weg entscheiden.<\/span><\/div>\n<div class=\"\"><span class=\"\">Mit freundlichen Gr\u00fc\u00dfen<\/span><\/div>\n<div class=\"\"><span class=\"\">Katja Keul<\/span><\/div>\n<div><\/div>\n<div class=\"\"><span class=\"\">Bundestagsfraktion B\u00fcndnis 90\/ DIE GR\u00dcNEN<\/span><\/div>\n<div class=\"\"><span class=\"\">Rechtspolitische Sprecherin<\/span><\/div>\n<div class=\"\"><span class=\"\">Abr\u00fcstungspolitische Sprecherin<\/span><\/div>\n<div class=\"\"><span class=\"\">Platz der Republik 1<\/span><\/div>\n<\/div>\n<\/div>\n<div class=\"\">\n<div class=\"WordSection1\">\n<div class=\"\"><span class=\"\">11011 Berlin<\/span><\/div>\n<\/div>\n<\/div>\n","protected":false},"excerpt":{"rendered":"<p>Katja Keul ist die\u00a0Rechtspolitische Sprecherin und die\u00a0Abr\u00fcstungspolitische Sprecherin der\u00a0Bundestagsfraktion von B\u00fcndnis 90\/Die Gr\u00fcnen. Sie\u00a0schrieb uns\u00a0am 11. Juni 2018 folgende Antwort auf unseren Brief vom selben Tag: Sehr geehrter Herr S\u00fcnner, vielen Dank f\u00fcr Ihre&#46;&#46;&#46;<\/p>\n","protected":false},"author":110,"featured_media":0,"comment_status":"open","ping_status":"open","sticky":false,"template":"","format":"standard","meta":{"footnotes":""},"categories":[141],"tags":[49,48,44,63,39,76],"class_list":["post-12372","post","type-post","status-publish","format-standard","hentry","category-brief","tag-bundestag","tag-bundeswehr","tag-drohnen","tag-informatik","tag-kampfdrohnen","tag-wirtschaft"],"_links":{"self":[{"href":"https:\/\/www.friedenkoeln.de\/index.php?rest_route=\/wp\/v2\/posts\/12372","targetHints":{"allow":["GET"]}}],"collection":[{"href":"https:\/\/www.friedenkoeln.de\/index.php?rest_route=\/wp\/v2\/posts"}],"about":[{"href":"https:\/\/www.friedenkoeln.de\/index.php?rest_route=\/wp\/v2\/types\/post"}],"author":[{"embeddable":true,"href":"https:\/\/www.friedenkoeln.de\/index.php?rest_route=\/wp\/v2\/users\/110"}],"replies":[{"embeddable":true,"href":"https:\/\/www.friedenkoeln.de\/index.php?rest_route=%2Fwp%2Fv2%2Fcomments&post=12372"}],"version-history":[{"count":2,"href":"https:\/\/www.friedenkoeln.de\/index.php?rest_route=\/wp\/v2\/posts\/12372\/revisions"}],"predecessor-version":[{"id":12374,"href":"https:\/\/www.friedenkoeln.de\/index.php?rest_route=\/wp\/v2\/posts\/12372\/revisions\/12374"}],"wp:attachment":[{"href":"https:\/\/www.friedenkoeln.de\/index.php?rest_route=%2Fwp%2Fv2%2Fmedia&parent=12372"}],"wp:term":[{"taxonomy":"category","embeddable":true,"href":"https:\/\/www.friedenkoeln.de\/index.php?rest_route=%2Fwp%2Fv2%2Fcategories&post=12372"},{"taxonomy":"post_tag","embeddable":true,"href":"https:\/\/www.friedenkoeln.de\/index.php?rest_route=%2Fwp%2Fv2%2Ftags&post=12372"}],"curies":[{"name":"wp","href":"https:\/\/api.w.org\/{rel}","templated":true}]}}