{"id":12375,"date":"2018-06-13T23:16:31","date_gmt":"2018-06-13T21:16:31","guid":{"rendered":"http:\/\/www.friedenkoeln.de\/?p=12375"},"modified":"2020-11-14T23:13:16","modified_gmt":"2020-11-14T21:13:16","slug":"bundestagsabgeordneter-martin-hess-afd-mit-welcher-plattform-ein-wirkmittel-zum-ziel-verbracht-wird-spielt-keine-rolle","status":"publish","type":"post","link":"https:\/\/www.friedenkoeln.de\/?p=12375","title":{"rendered":"Bundestagsabgeordneter Martin Hess (AfD): Mit welcher Plattform ein Wirkmittel zum Ziel verbracht wird, spielt keine Rolle"},"content":{"rendered":"<div>\n<div>\n<p><span class=\"\"><span class=\"\">Der Bundestagsabgeordnete Martin Hess (AfD), antwortete<\/span><\/span>\u00a0am 11. Juni 2018 auf <a href=\"https:\/\/www.friedenkoeln.de\/?p=12343\">unseren Brief<\/a> vom selben Tag:<\/p>\n<\/div>\n<div>\n<hr \/>\n<p>Sehr geehrter Herr S\u00fcnner,<br class=\"\" \/><br class=\"\" \/>vielen Dank f\u00fcr Ihre Zuschrift vom heutigen Tag, in der Sie mich unter Auflistung verschiedener Gr\u00fcnde dazu auffordern, der Anschaffung bewaffneter Drohnen f\u00fcr die Bundeswehr nicht zuzustimmen.<br class=\"\" \/><br class=\"\" \/>Leider kann ich Ihre Einsch\u00e4tzung in dieser Frage nach R\u00fccksprache und Er\u00f6rterung innerhalb der Fraktion und des zust\u00e4ndigen Arbeitskreises Verteidigung nicht teilen.<br class=\"\" \/><br class=\"\" \/>Die AfD bef\u00fcrwortet aus verschiedenen Gr\u00fcnden den Einsatz bewaffneter Drohnen. Der Bedarf der Bundeswehr von einsatzf\u00e4higer Hochwerttechnologie im gesamten Spektrum konventioneller Streitkr\u00e4fte ist in der heutigen Zeit unbestreitbar. Es spielt dabei grunds\u00e4tzlich keine Rolle, mit welcher Plattform ein Wirkmittel zum Ziel verbracht wird. Die Grunds\u00e4tze der Verh\u00e4ltnism\u00e4\u00dfigkeit, die Regeln des humanit\u00e4ren V\u00f6lkerrechts in bewaffneten Konflikten, sowie weitere ethisch-moralische Faktoren sind stets zu ber\u00fccksichtigen, unabh\u00e4ngig davon, wo sich der Pilot befindet.\u00a0<br class=\"\" \/><br class=\"\" \/>Zudem erm\u00f6glichen bewaffnete UAV oftmals die M\u00f6glichkeit vor einem Angriff eine lange Zeit \u00fcber einem m\u00f6glichen Ziel zu beobachten und damit eine viel fundiertere Entscheidung zu treffen, als dies unter Zeitdruck beim Einsatz aus einem Kampfjet heraus mit begrenzter Einsatzzeit der Fall sein kann.<\/p>\n<\/div>\n<div><br class=\"\" \/>Stets muss aber der Mensch der letzte Entscheider beim Einsatz von letaler Gewalt bleiben, die Waffe an sich ist aber als \u00bbethisch neutral\u00ab zu betrachten. Eine vollst\u00e4ndige Automatisierung im Sinne von autonom handelnden technischen L\u00f6sungen die eigenst\u00e4ndig die Entscheidung zur Bek\u00e4mpfung von Zielen treffen k\u00f6nnten, lehnt die AfD ab.<br class=\"\" \/><br class=\"\" \/>Die AfD-Bundestagsfraktion wird die Beschaffung bewaffneter Drohnen f\u00fcr die Bundeswehr als konventionelles Einsatzmittel deshalb vorantreiben und bei entsprechenden Antr\u00e4gen der Bundesregierung zustimmen.<br class=\"\" \/><br class=\"\" \/>Auch wenn wir in der inhaltlichen Bewertung des Sachverhaltes nicht \u00fcbereinstimmen, hoffe ich Ihnen mit meiner Antwort geholfen zu haben.<br class=\"\" \/>Mit freundlichen Gr\u00fc\u00dfen<br class=\"\" \/><br class=\"\" \/>Martin Hess<br class=\"\" \/>Mitglied des Bundestages<br class=\"\" \/><br class=\"\" \/>Mit freundlichen Gr\u00fc\u00dfen<br class=\"\" \/>i.A.\u00a0Rainer-A. Kahle,\u00a0B\u00fcroleiter<\/div>\n<div><\/div>\n<div>Deutscher Bundestag<br \/>\nPlatz der Republik 1<br class=\"\" \/>11011 Berlin<\/div>\n<\/div>\n","protected":false},"excerpt":{"rendered":"<p>Der Bundestagsabgeordnete Martin Hess (AfD), antwortete\u00a0am 11. Juni 2018 auf unseren Brief vom selben Tag: Sehr geehrter Herr S\u00fcnner,vielen Dank f\u00fcr Ihre Zuschrift vom heutigen Tag, in der Sie mich unter Auflistung verschiedener Gr\u00fcnde&#46;&#46;&#46;<\/p>\n","protected":false},"author":110,"featured_media":0,"comment_status":"open","ping_status":"open","sticky":false,"template":"","format":"standard","meta":{"footnotes":""},"categories":[141],"tags":[49,48,44,100,39,91],"class_list":["post-12375","post","type-post","status-publish","format-standard","hentry","category-brief","tag-bundestag","tag-bundeswehr","tag-drohnen","tag-ethik","tag-kampfdrohnen","tag-voelkerrecht"],"_links":{"self":[{"href":"https:\/\/www.friedenkoeln.de\/index.php?rest_route=\/wp\/v2\/posts\/12375","targetHints":{"allow":["GET"]}}],"collection":[{"href":"https:\/\/www.friedenkoeln.de\/index.php?rest_route=\/wp\/v2\/posts"}],"about":[{"href":"https:\/\/www.friedenkoeln.de\/index.php?rest_route=\/wp\/v2\/types\/post"}],"author":[{"embeddable":true,"href":"https:\/\/www.friedenkoeln.de\/index.php?rest_route=\/wp\/v2\/users\/110"}],"replies":[{"embeddable":true,"href":"https:\/\/www.friedenkoeln.de\/index.php?rest_route=%2Fwp%2Fv2%2Fcomments&post=12375"}],"version-history":[{"count":2,"href":"https:\/\/www.friedenkoeln.de\/index.php?rest_route=\/wp\/v2\/posts\/12375\/revisions"}],"predecessor-version":[{"id":12377,"href":"https:\/\/www.friedenkoeln.de\/index.php?rest_route=\/wp\/v2\/posts\/12375\/revisions\/12377"}],"wp:attachment":[{"href":"https:\/\/www.friedenkoeln.de\/index.php?rest_route=%2Fwp%2Fv2%2Fmedia&parent=12375"}],"wp:term":[{"taxonomy":"category","embeddable":true,"href":"https:\/\/www.friedenkoeln.de\/index.php?rest_route=%2Fwp%2Fv2%2Fcategories&post=12375"},{"taxonomy":"post_tag","embeddable":true,"href":"https:\/\/www.friedenkoeln.de\/index.php?rest_route=%2Fwp%2Fv2%2Ftags&post=12375"}],"curies":[{"name":"wp","href":"https:\/\/api.w.org\/{rel}","templated":true}]}}