{"id":12387,"date":"2018-06-15T18:39:51","date_gmt":"2018-06-15T16:39:51","guid":{"rendered":"http:\/\/www.friedenkoeln.de\/?p=12387"},"modified":"2018-06-15T18:39:51","modified_gmt":"2018-06-15T16:39:51","slug":"zeitung-gegen-den-krieg-ausgabe-41-mit-artikeln-zu-nato-pesco-und-atomwaffen-aufruestung","status":"publish","type":"post","link":"https:\/\/www.friedenkoeln.de\/?p=12387","title":{"rendered":"Zeitung gegen den Krieg &#8211; Ausgabe 41 mit Artikeln zu NATO, PESCO und Atomwaffen-Aufr\u00fcstung"},"content":{"rendered":"<p>Die 41. Ausgabe der <strong>Zeitung gegen den Krieg<\/strong> steht zum <a href=\"https:\/\/www.zeitung-gegen-den-krieg.de\/wp-content\/uploads\/2018\/03\/ZgK-41-web-Fassung.pdf\">kostenlosen Download<\/a> bereit und kann jetzt auch als Papierversion bestellt werden. Hier sind n\u00e4here Infos der Redaktion dazu.<\/p>\n<hr \/>\n<p><a href=\"http:\/\/www.friedenkoeln.de\/wp-content\/uploads\/2018\/06\/fullsizeoutput_a4f.jpeg\" data-rel=\"lightbox-image-0\" data-rl_title=\"\" data-rl_caption=\"\" title=\"\"><img loading=\"lazy\" decoding=\"async\" class=\"size-full wp-image-12390 aligncenter\" src=\"http:\/\/www.friedenkoeln.de\/wp-content\/uploads\/2018\/06\/fullsizeoutput_a4f.jpeg\" alt=\"\" width=\"530\" height=\"96\" \/><\/a><\/p>\n<ul>\n<li><strong>Anl\u00e4sslich des Nato-Gipfels am 11. und 12. Juli 2018 in Br\u00fcssel,<\/strong><\/li>\n<li><strong>angesichts der Aufr\u00fcstungsforderungen der Nato,<\/strong><\/li>\n<li><strong>angesichts eines US-Pr\u00e4sidenten, der uns in den Krieg twittert,<\/strong><\/li>\n<li><strong>angesichts des R\u00fcstungswettlaufs im Nahen Osten,<\/strong><\/li>\n<\/ul>\n<p>gibt es jetzt eine neue \u00a0<em>Zeitung gegen den Krieg (ZgK).\u00a0<\/em>Diese ZgK-Ausgabe Nr. 42 erscheint in deutsch und englisch\u00a0(4 Seiten deutsch + 4 Seiten englisch).\u00a0Sie dient der Information \u00fcber Nato und Nato-Gipfel\u00a0und der Mobilisierung zum Nato-Gipfel Mitte Juli.<\/p>\n<ul>\n<li><strong><em>In einer Zeit,<\/em><\/strong><strong>in der die USA das Atomabkommen mit dem Iran einseitig und v\u00f6lkerrechtswidrig aufgek\u00fcndigt haben<\/strong><\/li>\n<li><strong><em>in einer Zeit,<\/em><\/strong><strong>in der immer aufs Neue das <\/strong><strong>\u201eFeindbild Russland\u201c gezeichnet wird<\/strong><\/li>\n<li><strong><em>in einer Zeit, <\/em><\/strong><strong>in der <\/strong><strong>Bundeswehr- und andere NATO-Kampfeinheiten in die N\u00e4he der russischen Grenze verlegt und in Grenzn\u00e4he gro\u00dfe Nato-Man\u00f6ver durchgef\u00fchrt werden <\/strong><\/li>\n<li><strong><em>in einer Zeit,<\/em><\/strong><strong>in der der NATO-B\u00fcndnispartner T\u00fcrkei in Syrien einmarschiert und mit Panzern aus deutscher Produktion Krieg gegen die kurdische Bev\u00f6lkerung und das selbstverwaltete Rojava f\u00fchrt<\/strong><\/li>\n<li><strong><em>in einer Zeit, <\/em><\/strong><strong>in der zwischen den USA, EU und China ein Handelskrieg droht, was geschichtlich allzu oft in neuen gro\u00dfen Kriegen m\u00fcndete<\/strong><\/li>\n<\/ul>\n<p><em>\u00a0<\/em>berichtet die neue\u00a0 <em>Zeitung gegen den Krieg <\/em>u.a. zu den folgenden Themen:<\/p>\n<ul>\n<li>Die Geschichte der Nato als ein B\u00fcndnis zur Unterdr\u00fcckung antifaschistischer Bewegungen nach dem Zweiten Weltkrieg, mit einer engen Zusammenarbeit mit autorit\u00e4ren und faschistischen Regimes (Portugal bis 1974; Griechenland 1967-1974, T\u00fcrkei heute) und mit offener Selbsterm\u00e4chtigung zum Kriegf\u00fchren auch ohne UN-Mandat (Kosovo-Krieg 1999).<\/li>\n<li>Die EU beschloss einen Aufr\u00fcstungsautomatismus (PESCO). 23 EU-Mitgliedstaaten sind Teil von PESCO. Es wurden umfassende Programme zur Militarisierung der EU gestartet.<\/li>\n<li>W\u00e4hrend die UN-Generalversammlung mit gro\u00dfer Mehrheit einen Vertrag zum Verbot jeglicher Atomwaffen beschloss und eine deutliche Mehrheit der Staaten diesen Vertrag unterst\u00fctzt, boykottierten alle Nato-Staaten diese UN-Verhandlungen; alle lehnen sie eine Vertragsunterzeichnung ab. Mehr noch: Beschlossen wurde eine umfassende \u201eModernisierung\u201c der Atomwaffen der USA und Gro\u00dfbritanniens. Neue Atomwaffen, die geeignet sein sollen, \u201ewie Artillerie\u201c eingesetzt zu werden, werden entwickelt. Damit steigt die Gefahr eines Atomkriegs dramatisch.<\/li>\n<\/ul>\n<p><strong>Acht Seiten im Zeitungsformat \/\/ deutsch und englisch \/\/ Bezugspreise wie folgt (jeweils zuz\u00fcglich Porto &amp; Verpackung): <\/strong>\u00a0bei Bestellungen von1 &#8211; 99 Ex.: 25 Cent je Ex. \/ \u00a0bei Bestellungen ab 100 Ex: 15 Cent je Ex.<\/p>\n<p>Bestellungen an: zeitung-gegen-den-krieg@gmx.de oder \u00fcber Website <a href=\"http:\/\/www.zeitung-gegen-den-krieg.de\/\">www.zeitung-gegen-den-krieg.de<\/a>.<\/p>\n","protected":false},"excerpt":{"rendered":"<p>Die 41. Ausgabe der Zeitung gegen den Krieg steht zum kostenlosen Download bereit und kann jetzt auch als Papierversion bestellt werden. Hier sind n\u00e4here Infos der Redaktion dazu. Anl\u00e4sslich des Nato-Gipfels am 11. und&#46;&#46;&#46;<\/p>\n","protected":false},"author":110,"featured_media":0,"comment_status":"open","ping_status":"open","sticky":false,"template":"","format":"standard","meta":{"footnotes":""},"categories":[2],"tags":[42,33,48,74,45,32,94,101,30,91],"class_list":["post-12387","post","type-post","status-publish","format-standard","hentry","category-aktionen","tag-abruestung","tag-atomwaffen","tag-bundeswehr","tag-eu","tag-geschichte","tag-information-diskussion","tag-nato","tag-pesco","tag-publikationen","tag-voelkerrecht"],"_links":{"self":[{"href":"https:\/\/www.friedenkoeln.de\/index.php?rest_route=\/wp\/v2\/posts\/12387","targetHints":{"allow":["GET"]}}],"collection":[{"href":"https:\/\/www.friedenkoeln.de\/index.php?rest_route=\/wp\/v2\/posts"}],"about":[{"href":"https:\/\/www.friedenkoeln.de\/index.php?rest_route=\/wp\/v2\/types\/post"}],"author":[{"embeddable":true,"href":"https:\/\/www.friedenkoeln.de\/index.php?rest_route=\/wp\/v2\/users\/110"}],"replies":[{"embeddable":true,"href":"https:\/\/www.friedenkoeln.de\/index.php?rest_route=%2Fwp%2Fv2%2Fcomments&post=12387"}],"version-history":[{"count":4,"href":"https:\/\/www.friedenkoeln.de\/index.php?rest_route=\/wp\/v2\/posts\/12387\/revisions"}],"predecessor-version":[{"id":12392,"href":"https:\/\/www.friedenkoeln.de\/index.php?rest_route=\/wp\/v2\/posts\/12387\/revisions\/12392"}],"wp:attachment":[{"href":"https:\/\/www.friedenkoeln.de\/index.php?rest_route=%2Fwp%2Fv2%2Fmedia&parent=12387"}],"wp:term":[{"taxonomy":"category","embeddable":true,"href":"https:\/\/www.friedenkoeln.de\/index.php?rest_route=%2Fwp%2Fv2%2Fcategories&post=12387"},{"taxonomy":"post_tag","embeddable":true,"href":"https:\/\/www.friedenkoeln.de\/index.php?rest_route=%2Fwp%2Fv2%2Ftags&post=12387"}],"curies":[{"name":"wp","href":"https:\/\/api.w.org\/{rel}","templated":true}]}}