{"id":12393,"date":"2018-06-16T07:00:18","date_gmt":"2018-06-16T05:00:18","guid":{"rendered":"http:\/\/www.friedenkoeln.de\/?p=12393"},"modified":"2018-06-15T21:06:14","modified_gmt":"2018-06-15T19:06:14","slug":"frieden-zum-mitmachen-jetzt-mit-bundestagsabgeordneten-ueber-syrien-sprechen-und-rueckzug-der-bundeswehr-fordern","status":"publish","type":"post","link":"https:\/\/www.friedenkoeln.de\/?p=12393","title":{"rendered":"Frieden zum Mitmachen: jetzt mit Bundestagsabgeordneten \u00fcber Syrien sprechen und R\u00fcckzug der Bundeswehr fordern!"},"content":{"rendered":"<p>Die Kampagne &#8222;<a href=\"http:\/\/www.macht-frieden.de\">Macht Frieden. Zivile L\u00f6sungen f\u00fcr Syrien<\/a>&#8220; macht darauf aufmerksam, dass der Bundestag das Mandat der Bundeswehr f\u00fcr den Syrien-Krieg im Oktober 2018 verl\u00e4ngern &#8211; oder zur\u00fcckziehen &#8211; wird. Bis dahin k\u00f6nnen Gespr\u00e4che mit Bundestagsabgeordneten gef\u00fchrt werden. Wer Lust und Zeit zum Mitmachen hat, kann gerne Kontakt zu uns (kontakt \u00e4t friedenkoeln.de) oder zur Kampagne (s. u.) aufnehmen. Hier ist der Infobrief der Kampagne:<\/p>\n<hr \/>\n<h4 class=\"page-header\"><a href=\"http:\/\/www.friedenkoeln.de\/wp-content\/uploads\/2017\/05\/logo-machtfrieden-bunt_0.jpg\" data-rel=\"lightbox-image-0\" data-rl_title=\"\" data-rl_caption=\"\" title=\"\"><img loading=\"lazy\" decoding=\"async\" class=\"wp-image-10803 alignright\" src=\"http:\/\/www.friedenkoeln.de\/wp-content\/uploads\/2017\/05\/logo-machtfrieden-bunt_0.jpg\" alt=\"\" width=\"342\" height=\"122\" srcset=\"https:\/\/www.friedenkoeln.de\/wp-content\/uploads\/2017\/05\/logo-machtfrieden-bunt_0.jpg 805w, https:\/\/www.friedenkoeln.de\/wp-content\/uploads\/2017\/05\/logo-machtfrieden-bunt_0-768x274.jpg 768w\" sizes=\"auto, (max-width: 342px) 100vw, 342px\" \/><\/a>101 Graswurzel- Lobbygespr\u00e4che in 101 Wahlkreisen &#8211; auch in Deinem.<\/h4>\n<article class=\"page full clearfix\" role=\"article\" data-history-node-id=\"134\">\n<div class=\"content\">\n<div class=\"field field--name-body field--type-text-with-summary field--label-hidden field--item\">\n<p><strong>Die n\u00e4chste Abstimmung im Bundestag ist im Oktober 2018!<\/strong><\/p>\n<p>Friedensarbeit erfordert viele kleine Schritte &#8211; Gespr\u00e4che und Konfrontationen. Was wir von den Konfliktparteien in den Kriegsgebieten in Syrien und im Irak erwarten, wagen wir im Kleinen auch bei uns: Gespr\u00e4che mit denen, die vielleicht ganz anders denken.<\/p>\n<p>&#8222;Macht Frieden!&#8220; ist unsere Forderung an die Bundestagsabgeordneten: Wir verstehen viele von ihnen als potentielle oder tats\u00e4chliche B\u00fcndnispartner*innen im Streit um eine Abkehr von der Militarisierung unserer Au\u00dfenpolitik. Die Regierung muss die Verl\u00e4ngerung der Bundeswehrmandate regelm\u00e4\u00dfig vom Parlament genehmigen lassen &#8211; die Abgeordneten m\u00fcssen dabei <strong>Gewissensentscheidungen<\/strong> treffen. Deshalb<strong> fiel die letzte Abstimmung \u00fcber das jetzt verbundene Syrien\/Irak-Mandat denkbar knapp aus<\/strong>.<\/p>\n<p>Die meisten Bundestagsabgeordneten sind keine Expertinnen und Experten in Sachen Friedenspolitik, meist nicht einmal in au\u00dfenpolitischen Fragen. Trotzdem m\u00fcssen sie abstimmen. Die Erfahrung zeigt, dass sie offen f\u00fcr Gespr\u00e4che sind. Von den professionellen Lobbyist*innen in Berlin k\u00f6nnen wir lernen, dass es dabei um Beziehungsarbeit geht. Darum ben\u00f6tigen wir nicht in allererster Linie Wissen, sondern auch die Offenheit zur Begegnung: Viele Entscheidungen werden nicht nur aufgrund der besseren Argumente getroffen.<\/p>\n<p>Eine wichtige Rolle spielt f\u00fcr die Abgeordneten die Stimmung in ihrem Wahlkreis. Wenn sie den Eindruck haben, es gibt Gruppen ihrer W\u00e4hler*innen, die ein bestimmtes Thema besonders interessiert, werden sie u.U. ihre Entscheidung daran orientieren. Ein erster Schritt in diese Richtung sind Gespr\u00e4che mit den Abgeordneten, um ihnen zu signalisieren: ihre Entscheidung im Bundestag wird im Wahlkreis aufmerksam verfolgt und beurteilt. Deshalb wirken Gespr\u00e4che im Wahlkreis. Wir versuchen dabei, unsere Anfragen an die militarisierte Au\u00dfenpolitik und unser Denken in friedenslogischen Kategorien, das hei\u00dft <strong>Sicherheit zivil statt milit\u00e4risch zu denken<\/strong>, deutlich zu machen.<\/p>\n<p>Friedensarbeit braucht Aktive vor Ort: Die Vorbereitung von Gespr\u00e4chen kann eine lokale M\u00f6glichkeit darstellen, Aktive zu sammeln und Interessierte mit ins Boot zu holen.<\/p>\n<p><strong>Wenn ihr Unterst\u00fctzung bei der Vorbereitung oder Fragen zur Durchf\u00fchrung von Graswurzel-Lobbygespr\u00e4chen habt, wendet euch an uns: info@macht-frieden.de<\/strong><\/p>\n<\/div>\n<\/div>\n<\/article>\n","protected":false},"excerpt":{"rendered":"<p>Die Kampagne &#8222;Macht Frieden. Zivile L\u00f6sungen f\u00fcr Syrien&#8220; macht darauf aufmerksam, dass der Bundestag das Mandat der Bundeswehr f\u00fcr den Syrien-Krieg im Oktober 2018 verl\u00e4ngern &#8211; oder zur\u00fcckziehen &#8211; wird. Bis dahin k\u00f6nnen Gespr\u00e4che&#46;&#46;&#46;<\/p>\n","protected":false},"author":110,"featured_media":0,"comment_status":"open","ping_status":"open","sticky":false,"template":"","format":"standard","meta":{"footnotes":""},"categories":[2],"tags":[70,49,48,40,95,4],"class_list":["post-12393","post","type-post","status-publish","format-standard","hentry","category-aktionen","tag-auslandseinsaetze-der-bundeswehr","tag-bundestag","tag-bundeswehr","tag-demokratie","tag-friedenslogik","tag-zivile-konfliktloesung"],"_links":{"self":[{"href":"https:\/\/www.friedenkoeln.de\/index.php?rest_route=\/wp\/v2\/posts\/12393","targetHints":{"allow":["GET"]}}],"collection":[{"href":"https:\/\/www.friedenkoeln.de\/index.php?rest_route=\/wp\/v2\/posts"}],"about":[{"href":"https:\/\/www.friedenkoeln.de\/index.php?rest_route=\/wp\/v2\/types\/post"}],"author":[{"embeddable":true,"href":"https:\/\/www.friedenkoeln.de\/index.php?rest_route=\/wp\/v2\/users\/110"}],"replies":[{"embeddable":true,"href":"https:\/\/www.friedenkoeln.de\/index.php?rest_route=%2Fwp%2Fv2%2Fcomments&post=12393"}],"version-history":[{"count":2,"href":"https:\/\/www.friedenkoeln.de\/index.php?rest_route=\/wp\/v2\/posts\/12393\/revisions"}],"predecessor-version":[{"id":12395,"href":"https:\/\/www.friedenkoeln.de\/index.php?rest_route=\/wp\/v2\/posts\/12393\/revisions\/12395"}],"wp:attachment":[{"href":"https:\/\/www.friedenkoeln.de\/index.php?rest_route=%2Fwp%2Fv2%2Fmedia&parent=12393"}],"wp:term":[{"taxonomy":"category","embeddable":true,"href":"https:\/\/www.friedenkoeln.de\/index.php?rest_route=%2Fwp%2Fv2%2Fcategories&post=12393"},{"taxonomy":"post_tag","embeddable":true,"href":"https:\/\/www.friedenkoeln.de\/index.php?rest_route=%2Fwp%2Fv2%2Ftags&post=12393"}],"curies":[{"name":"wp","href":"https:\/\/api.w.org\/{rel}","templated":true}]}}