{"id":12499,"date":"2018-07-21T13:07:48","date_gmt":"2018-07-21T11:07:48","guid":{"rendered":"http:\/\/www.friedenkoeln.de\/?p=12499"},"modified":"2019-09-25T10:18:57","modified_gmt":"2019-09-25T08:18:57","slug":"in-eigener-sache-dfg-vk-gruppe-koeln-waehlt-neuen-sprecherinnenkreis","status":"publish","type":"post","link":"https:\/\/www.friedenkoeln.de\/?p=12499","title":{"rendered":"In eigener Sache: DFG-VK Gruppe K\u00f6ln w\u00e4hlt neuen Sprecher*innenkreis"},"content":{"rendered":"<p>Die Jahreshauptversammlung der DFG-VK Gruppe K\u00f6ln hat am 28. Juni 2018 folgende Mitglieder in den Sprecher*innenkreis der Gruppe gew\u00e4hlt:<\/p>\n<ul>\n<li>Angelika Roesrath (Kassiererin),<\/li>\n<li>Markus Fr\u00f6hlich,<\/li>\n<li>Michael Roesrath,<\/li>\n<li>Michael\u00a0S\u00fcnner,<\/li>\n<li>Nele,<\/li>\n<li>Stefanie Intveen.<\/li>\n<\/ul>\n<p>Harald Fuchs und Benno Fuchs (Mitglied des Bundessprecher*innenkreises der DFG-VK) traten nicht mehr zur Wahl an. Das Engagement von Harald Fuchs, der die Gruppe \u00fcber Jahrzehnte f\u00fchrend mitgestaltet hat, wurde besonders gew\u00fcrdigt. Die Mitglieder \u00fcberreichten ihm ein T-Shirt mit den Vornamen der 120 Mitglieder der Gruppe K\u00f6ln.<em><strong>\u00a0<\/strong><\/em>Sowohl Harald als auch Benno bleiben der Gruppe K\u00f6ln als Mitglieder verbunden.<\/p>\n<div id=\"attachment_12506\" style=\"width: 354px\" class=\"wp-caption alignright\"><img loading=\"lazy\" decoding=\"async\" aria-describedby=\"caption-attachment-12506\" class=\" wp-image-12506\" src=\"http:\/\/www.friedenkoeln.de\/wp-content\/uploads\/2018\/07\/DSC_0080-e1532169481812-500x500.jpg\" alt=\"Ein \u00e4ltere schlanker Mann mit wei\u00dfen Haaren und Brille strahlt gl\u00fccklich den Betrachter an. Sein hellolivgr\u00fcnes T-Shirt zeigt Friedensmotive: eine Friedenstaube in Regenbogenfarben und die Aufschrift &quot;Frieden&quot; in vielen verschiedenen Sprachen, sowie &quot;K\u00f6ln&quot; als Schriftzug und Stadtsilouette.\" width=\"344\" height=\"344\" srcset=\"https:\/\/www.friedenkoeln.de\/wp-content\/uploads\/2018\/07\/DSC_0080-e1532169481812-500x500.jpg 500w, https:\/\/www.friedenkoeln.de\/wp-content\/uploads\/2018\/07\/DSC_0080-e1532169481812-150x150.jpg 150w, https:\/\/www.friedenkoeln.de\/wp-content\/uploads\/2018\/07\/DSC_0080-e1532169481812-120x120.jpg 120w\" sizes=\"auto, (max-width: 344px) 100vw, 344px\" \/><p id=\"caption-attachment-12506\" class=\"wp-caption-text\">Harald Fuchs am 28.6.2018 mit T-Shirt der DFG-VK Gruppe K\u00f6ln. Foto: Stefanie Intveen<\/p><\/div>\n<p>Aufgrund der gestiegenen Bedeutung der Internet-Auftritte der Gruppe (im Moment diese Homepage, Facebook und Twitter)\u00a0f\u00fcr die Selbstdarstellung und\u00a0politische Positionierung\u00a0beschlossen die Mitglieder, die Arbeit derjenigen, die diese Auftritte bearbeiten, durch regelm\u00e4\u00dfige Wahlen zu legitimieren. Dazu wurden erstmalig folgende &#8222;Internet-Redakteur*innen&#8220; gew\u00e4hlt:<\/p>\n<ul>\n<li>Benno Fuchs,<\/li>\n<li>Harald Fuchs,<\/li>\n<li>Markus Fr\u00f6hlich,<\/li>\n<li>Nele,<\/li>\n<li>Stefanie Intveen.<\/li>\n<\/ul>\n<p>Als Kassenpr\u00fcfer wurden\u00a0Jobst Epmeier und Dirk Kluwig als Vertreter gew\u00e4hlt.<\/p>\n<p>Am 22.\/23. September 2018 findet die Landeskonferenz NRW der DFG-VK statt. Folgende Delegierte wurden zur Teilnahme an der Konferenz gew\u00e4hlt:<\/p>\n<ul>\n<li>Ariane Detloff,<\/li>\n<li>Benno Fuchs,<\/li>\n<li>Dirk Kluwig (Ersatzdelegierter),<\/li>\n<li>Harald Fuchs,<\/li>\n<li>Kathi M\u00fcller,<\/li>\n<li>Markus Fr\u00f6hlich,<\/li>\n<li>Maxi Jagow,<\/li>\n<li>Michael\u00a0Roesrath,<\/li>\n<li>Michael S\u00fcnner,<\/li>\n<li>Nele,<\/li>\n<li>Stefanie Intveen.<\/li>\n<\/ul>\n<p>Die Gruppenmitglieder hatten sich im Vorfeld der Wahlen auf einige <a href=\"https:\/\/www.friedenkoeln.de\/wp-content\/uploads\/2018\/05\/Regelsammlung-der-DFG-VK-Gr-K\u00f6ln_Beschluss-24-5-18_final.pdf\">Regeln<\/a> geeinigt, die u. a. die Funktionen der Sprecher*innen genauer beschreiben.<\/p>\n","protected":false},"excerpt":{"rendered":"<p>Die Jahreshauptversammlung der DFG-VK Gruppe K\u00f6ln hat am 28. Juni 2018 folgende Mitglieder in den Sprecher*innenkreis der Gruppe gew\u00e4hlt: Angelika Roesrath (Kassiererin), Markus Fr\u00f6hlich, Michael Roesrath, Michael\u00a0S\u00fcnner, Nele, Stefanie Intveen. Harald Fuchs und Benno&#46;&#46;&#46;<\/p>\n","protected":false},"author":110,"featured_media":0,"comment_status":"open","ping_status":"open","sticky":false,"template":"","format":"standard","meta":{"footnotes":""},"categories":[102],"tags":[],"class_list":["post-12499","post","type-post","status-publish","format-standard","hentry","category-in-eigener-sache"],"_links":{"self":[{"href":"https:\/\/www.friedenkoeln.de\/index.php?rest_route=\/wp\/v2\/posts\/12499","targetHints":{"allow":["GET"]}}],"collection":[{"href":"https:\/\/www.friedenkoeln.de\/index.php?rest_route=\/wp\/v2\/posts"}],"about":[{"href":"https:\/\/www.friedenkoeln.de\/index.php?rest_route=\/wp\/v2\/types\/post"}],"author":[{"embeddable":true,"href":"https:\/\/www.friedenkoeln.de\/index.php?rest_route=\/wp\/v2\/users\/110"}],"replies":[{"embeddable":true,"href":"https:\/\/www.friedenkoeln.de\/index.php?rest_route=%2Fwp%2Fv2%2Fcomments&post=12499"}],"version-history":[{"count":12,"href":"https:\/\/www.friedenkoeln.de\/index.php?rest_route=\/wp\/v2\/posts\/12499\/revisions"}],"predecessor-version":[{"id":14228,"href":"https:\/\/www.friedenkoeln.de\/index.php?rest_route=\/wp\/v2\/posts\/12499\/revisions\/14228"}],"wp:attachment":[{"href":"https:\/\/www.friedenkoeln.de\/index.php?rest_route=%2Fwp%2Fv2%2Fmedia&parent=12499"}],"wp:term":[{"taxonomy":"category","embeddable":true,"href":"https:\/\/www.friedenkoeln.de\/index.php?rest_route=%2Fwp%2Fv2%2Fcategories&post=12499"},{"taxonomy":"post_tag","embeddable":true,"href":"https:\/\/www.friedenkoeln.de\/index.php?rest_route=%2Fwp%2Fv2%2Ftags&post=12499"}],"curies":[{"name":"wp","href":"https:\/\/api.w.org\/{rel}","templated":true}]}}