{"id":12522,"date":"2018-07-24T23:13:53","date_gmt":"2018-07-24T21:13:53","guid":{"rendered":"http:\/\/www.friedenkoeln.de\/?p=12522"},"modified":"2018-07-24T23:13:53","modified_gmt":"2018-07-24T21:13:53","slug":"erfolgreich-den-betrieb-der-deutschen-atomkriegsmaschinerie-gestoert-go-in-in-buechel-mit-sieben-friedensfreundinnen","status":"publish","type":"post","link":"https:\/\/www.friedenkoeln.de\/?p=12522","title":{"rendered":"Erfolgreich den Betrieb der deutschen Atomkriegsmaschinerie gest\u00f6rt: &#8222;Go-in&#8220; in B\u00fcchel mit sieben Friedensfreund*innen"},"content":{"rendered":"<div id=\"cc-m-12259756749\" class=\"j-module n j-header \">\n<div id=\"attachment_12524\" style=\"width: 296px\" class=\"wp-caption alignright\"><img loading=\"lazy\" decoding=\"async\" aria-describedby=\"caption-attachment-12524\" class=\" wp-image-12524\" src=\"http:\/\/www.friedenkoeln.de\/wp-content\/uploads\/2018\/07\/signal-2018-07-24-124730-500x500.jpg\" alt=\"\" width=\"286\" height=\"286\" srcset=\"https:\/\/www.friedenkoeln.de\/wp-content\/uploads\/2018\/07\/signal-2018-07-24-124730-500x500.jpg 500w, https:\/\/www.friedenkoeln.de\/wp-content\/uploads\/2018\/07\/signal-2018-07-24-124730-150x150.jpg 150w, https:\/\/www.friedenkoeln.de\/wp-content\/uploads\/2018\/07\/signal-2018-07-24-124730-120x120.jpg 120w\" sizes=\"auto, (max-width: 286px) 100vw, 286px\" \/><p id=\"caption-attachment-12524\" class=\"wp-caption-text\">Go-In auf Luftwaffenst\u00fctzpunkt B\u00fcchel am 23.7.2018 mit 7 Friedensaktivist*innen. Foto: privat \/ Atomwaffenfrei jetzt!<\/p><\/div>\n<p>Einer Gruppe der Qu\u00e4ker gelang es gestern, den Betrieb der deutschen Atomkriegsmaschinerie in B\u00fcchel zu unterbrechen, indem sie die Start- und Landebahn blockierte. Unser K\u00f6lner Mitglied Ariane Detloff war dabei.<\/p>\n<\/div>\n<h4>Jetzt f\u00fcr juristische Auseinandersetzungen zur Durchsetzung des Atomwaffenverbots spenden!<\/h4>\n<div class=\"j-module n j-header \">Wir bitten jetzt um Spenden zur Unterst\u00fctzung der Beklagten in den bereits laufenden und noch zu erwartenden juristischen Auseinandersetzungen. Dadurch hoffen wir auch, die politische Debatte in Deutschland \u00fcber den \u00fcberf\u00e4lligen Abzug der Atomwaffen in Gang zu bringen. Wir geben die Kontoverbindungen kurzfristig bekannt.<\/div>\n<div><\/div>\n<div><\/div>\n<div>Es folgt der Bericht der Aktivist*innen (Erstver\u00f6ffentlichung auf der Seite der Kampagne &#8222;<a href=\"https:\/\/buechel-atombombenfrei.jimdo.com\/gruppen\/die-qu\u00e4ker\/\">B\u00fcchel ist \u00fcberall &#8211; Atomwaffenfrei jetzt!<\/a>&#8222;).<\/div>\n<div>\n<hr \/>\n<\/div>\n<h4>Mit Akkordeon, Fl\u00f6te und Blumensamen gegen die Kriegsvorbereitung<\/h4>\n<div class=\"j-module n j-header \">\n<div id=\"attachment_12538\" style=\"width: 287px\" class=\"wp-caption alignright\"><img loading=\"lazy\" decoding=\"async\" aria-describedby=\"caption-attachment-12538\" class=\" wp-image-12538\" src=\"http:\/\/www.friedenkoeln.de\/wp-content\/uploads\/2018\/07\/28701725857_4342950222_k-500x500.jpg\" alt=\"Durch einen Maschendraht und einen NATO-Stacheldraht hindurch sieht man einen Weg, der zwischen B\u00fcschen und trockenem Gras einen H\u00fcgel hinauff\u00fchrt. Oben am Ende des Wegs zeichnen sich ein paar Menschen gegen den blauen Himmel ab.\" width=\"277\" height=\"277\" srcset=\"https:\/\/www.friedenkoeln.de\/wp-content\/uploads\/2018\/07\/28701725857_4342950222_k-500x500.jpg 500w, https:\/\/www.friedenkoeln.de\/wp-content\/uploads\/2018\/07\/28701725857_4342950222_k-150x150.jpg 150w, https:\/\/www.friedenkoeln.de\/wp-content\/uploads\/2018\/07\/28701725857_4342950222_k-120x120.jpg 120w\" sizes=\"auto, (max-width: 277px) 100vw, 277px\" \/><p id=\"caption-attachment-12538\" class=\"wp-caption-text\">Auf dem Weg zur Startbahn der Tornados. Go-In auf Luftwaffenst\u00fctzpunkt B\u00fcchel am 23.7.2018 mit 7 Friedensaktivist*innen. Foto: privat \/ Atomwaffenfrei jetzt!<\/p><\/div>\n<p>Am Morgen des 23. Juli 2018, haben sieben Atomwaffengegner*innen die Start- und Landebahn des Fliegerhorst B\u00fcchel unautorisiert betreten, um den Abzug der Atombomben zu fordern. Die Teilnehmer*innen im Alter von 27 bis 78 Jahren durchschritten den Milit\u00e4rzaun und besetzten dann das Rollfeld.<\/p>\n<\/div>\n<div id=\"cc-m-12259756549\" class=\"j-module n j-text \">\n<p>Dort sangen und musizierten sie mit Akkordeon und Fl\u00f6te, streuten Blumensamen und verwandelten die Startbahn f\u00fcr eine kurze Zeit in einen Ort des Lebens. Mit ihrer Lebendigkeit standen sie im scharfen Kontrast zu den grauen Tornados, die an diesem Morgen nur zeitverz\u00f6gert ihre Kriegs\u00fcbungen beginnen konnten. Sie rechtfertigen ihre Aktion damit, dass die Bundesregierung unt\u00e4tig bleibt, denn:<\/p>\n<blockquote><p>Das \u00dcben mit Atomwaffen ist illegal, da es gegen V\u00f6lkerrecht verst\u00f6\u00dft. Die Nukleare Teilhabe der Bundesrepublik verst\u00f6\u00dft nicht nur gegen das Grundgesetz, sondern auch gegen den NPT-Vertrag<\/p><\/blockquote>\n<p>erkl\u00e4rt Ariane Detloff, K\u00f6ln, eine der Besetzer*innen.<\/p>\n<h4>Gewaltfreie Sitzblockade: Krieg beginnt hier &#8211; also stoppen wir ihn hier!<\/h4>\n<p>Fr\u00fcher am Morgen fand vor dem Haupttor des Atomwaffenst\u00fctzpunktes eine gewaltfreie Sitzblockade statt. Dort hatten sich 12 Blockierer*innen auf die Hauptzufahrt gesetzt. Auf Flyern erkl\u00e4rten sie:<\/p>\n<blockquote><p>Wir sagen NEIN zu jeglichen nuklearen Waffen und einer Milit\u00e4rdoktrin, die die Anwendung nuklearer Waffen ins Zentrum ihrer milit\u00e4rischen Kalkulation stellt.<\/p><\/blockquote>\n<p>Und sie fordern Tourist*innen, Anwohner*innen und Soldat*innen auf: Sag auch Du NEIN zu diesem Unrecht.<\/p>\n<blockquote><p>Krieg beginnt hier- also stoppen wir ihn hier,<\/p><\/blockquote>\n<p>erkl\u00e4rt Leonie Glahn-Ejikeme, 55 Jahre, eine der Blockierer*innen. Friederike H\u00e4user, Lehrerin, erg\u00e4nzt:<\/p>\n<blockquote><p>Mein Gewissen verbietet mir, mich von solchen Waffen sch\u00fctzen zu lassen.<\/p><\/blockquote>\n<h4>Einsteigen ins Milit\u00e4rgel\u00e4nde: Miteinander in Frieden leben!<\/h4>\n<p>Auf bunten Bannern erkl\u00e4ren die Qu\u00e4ker: \u201eAtomwaffen abschaffen JETZT\u201c und \u201eMiteinander in Frieden leben\u201c. Und<\/p>\n<blockquote><p>Hier \u00fcben deutsche Soldaten auf Natobefehl, US-Atombomben ins Ziel zu fliegen und abzuwerfen. Das ist verfassungswidrig und gegen das V\u00f6lkerrecht.<\/p><\/blockquote>\n<p>Die Demonstrant*innen geh\u00f6ren zu den Qu\u00e4kern, einer freien Religionsgemeinschaft, in der das Friedenszeugnis ein zentraler Bestandteil ist. Verst\u00e4rkt wurden sie vom Netzwerk Friedenssteuer und Pax Christi.<\/p>\n<p>Die Religi\u00f6se Gesellschaft der Freunde (Qu\u00e4ker) ermutigt ihre Mitglieder, sich gegen jegliche Art von R\u00fcstung und Krieg einzusetzen. So auch in der Eifel. Hier sind die letzten 20 Atomwaffen in US-Besitz stationiert, die im Ernstfall auf Befehl des US-Pr\u00e4sidenten von deutschen Piloten in ihr Zielgebiet geflogen werden sollen. F\u00fcr die n\u00e4chsten Jahre sind sogenannte \u201eModernisierungen\u201c geplant, die die Schwelle der Einsatzbereitschaft auf Grund ihrer \u201eZielgenauigkeit\u201c noch mehr herabsetzt.<\/p>\n<h4>Alternativen zur Gewalt<\/h4>\n<p>Alle 32 Friedensbewegte sind aus der ganzen Bundesrepublik angereist, um hier Zeugnis f\u00fcr eine Welt ohne Atomwaffen abzulegen:<\/p>\n<blockquote><p>Wir wissen, dass Frieden auf Erden zu keiner Zeit durch \u00e4u\u00dfere Waffen und absolut nie durch m\u00f6rderische Massenvernichtungswaffen erreicht werden kann. Wir vertrauen auf nicht-milit\u00e4rische, also gewaltfreie Konfliktl\u00f6sungen. Deshalb arbeiten viele Qu\u00e4ker in Projekten mit, die Alternativen zur Gewalt aufzeigen.<\/p><\/blockquote>\n<\/div>\n","protected":false},"excerpt":{"rendered":"<p>Einer Gruppe der Qu\u00e4ker gelang es gestern, den Betrieb der deutschen Atomkriegsmaschinerie in B\u00fcchel zu unterbrechen, indem sie die Start- und Landebahn blockierte. Unser K\u00f6lner Mitglied Ariane Detloff war dabei. Jetzt f\u00fcr juristische Auseinandersetzungen&#46;&#46;&#46;<\/p>\n","protected":false},"author":110,"featured_media":12538,"comment_status":"open","ping_status":"open","sticky":false,"template":"","format":"standard","meta":{"footnotes":""},"categories":[105],"tags":[33,48,3,64],"class_list":["post-12522","post","type-post","status-publish","format-standard","has-post-thumbnail","hentry","category-bericht","tag-atomwaffen","tag-bundeswehr","tag-pazifismus","tag-zivilcourage"],"_links":{"self":[{"href":"https:\/\/www.friedenkoeln.de\/index.php?rest_route=\/wp\/v2\/posts\/12522","targetHints":{"allow":["GET"]}}],"collection":[{"href":"https:\/\/www.friedenkoeln.de\/index.php?rest_route=\/wp\/v2\/posts"}],"about":[{"href":"https:\/\/www.friedenkoeln.de\/index.php?rest_route=\/wp\/v2\/types\/post"}],"author":[{"embeddable":true,"href":"https:\/\/www.friedenkoeln.de\/index.php?rest_route=\/wp\/v2\/users\/110"}],"replies":[{"embeddable":true,"href":"https:\/\/www.friedenkoeln.de\/index.php?rest_route=%2Fwp%2Fv2%2Fcomments&post=12522"}],"version-history":[{"count":16,"href":"https:\/\/www.friedenkoeln.de\/index.php?rest_route=\/wp\/v2\/posts\/12522\/revisions"}],"predecessor-version":[{"id":12543,"href":"https:\/\/www.friedenkoeln.de\/index.php?rest_route=\/wp\/v2\/posts\/12522\/revisions\/12543"}],"wp:featuredmedia":[{"embeddable":true,"href":"https:\/\/www.friedenkoeln.de\/index.php?rest_route=\/wp\/v2\/media\/12538"}],"wp:attachment":[{"href":"https:\/\/www.friedenkoeln.de\/index.php?rest_route=%2Fwp%2Fv2%2Fmedia&parent=12522"}],"wp:term":[{"taxonomy":"category","embeddable":true,"href":"https:\/\/www.friedenkoeln.de\/index.php?rest_route=%2Fwp%2Fv2%2Fcategories&post=12522"},{"taxonomy":"post_tag","embeddable":true,"href":"https:\/\/www.friedenkoeln.de\/index.php?rest_route=%2Fwp%2Fv2%2Ftags&post=12522"}],"curies":[{"name":"wp","href":"https:\/\/api.w.org\/{rel}","templated":true}]}}