{"id":12555,"date":"2018-07-27T15:15:55","date_gmt":"2018-07-27T13:15:55","guid":{"rendered":"http:\/\/www.friedenkoeln.de\/?p=12555"},"modified":"2018-07-27T16:46:20","modified_gmt":"2018-07-27T14:46:20","slug":"us-aktivistinnen-fordern-strafverfolgung-nach-atombunkerbesetzung","status":"publish","type":"post","link":"https:\/\/www.friedenkoeln.de\/?p=12555","title":{"rendered":"US-Aktivist*innen fordern Strafverfolgung nach Atombunkerbesetzung"},"content":{"rendered":"<p><em>Pressemitteilung der Kampagne &#8222;B\u00fcchel ist \u00fcberall! atomwaffenfrei.jetzt!&#8220; vom 25.07.2018.\u00a0<\/em><\/p>\n<p>Am heutigen Vormittag \u00fcbergeben die Aktivisten aus den USA &#8211; Susan Crane\u00a0(74 Jahre\/ Kalifornien) und John LaForge (62 Jahre\/Wisconsin) gemeinsam\u00a0mit ihrem Mitstreiter Gerd B\u00fcntzly (68 Jahre), die Adressen der\u00a0US-B\u00fcrger an die Staatsanwaltschaft in Koblenz. Die zust\u00e4ndige\u00a0Oberstaatsanw\u00e4ltin Maier verweigert einen m\u00f6glichen Termin f\u00fcr ein\u00a0pers\u00f6nliches Gespr\u00e4ch.<\/p>\n<p>Hintergrund: Vier U.S. AktivistInnen drangen gemeinsam mit dem Deutschen\u00a0Gerd B\u00fcntzly am 16.07.17 in den Hochsicherheitsbereich des\u00a0Bundeswehr-Milit\u00e4rflugplatzes B\u00fcchel ein. Dort sind ca. 20 U.S.\u00a0Atombomben stationiert und Bundeswehrpiloten \u00fcben im NATO-B\u00fcndnis deren\u00a0Einsatz. Die AktivistInnen durchtrennten bei der Aktion Z\u00e4une und wurden\u00a0erst nach Stunden auf einem Atomwaffenbunker von Soldaten aufgefunden.\u00a0Diese Aktion l\u00f6ste eine Debatte im Bundestag \u00fcber das Sicherheitskonzept\u00a0des Fliegerhorstes B\u00fcchel aus. Nur Gerd wurde im Januar 2018 vom\u00a0Amtsgericht Cochem zu 40 Tagess\u00e4tzen in 1. Instanz verurteilt. Die\u00a0Staatsanwaltschaft erkl\u00e4rte \u00fcber die U.S. Mit-T\u00e4terInnen nur m\u00fcndlich,\u00a0dass es wohl schwierig sein werde, sie postalisch zu erreichen und sie\u00a0daher nicht verfolgt werden w\u00fcrden. Hierzu gibt es aber eine rechtliche\u00a0Verpflichtung!<\/p>\n<div id=\"attachment_12560\" style=\"width: 549px\" class=\"wp-caption alignright\"><img loading=\"lazy\" decoding=\"async\" aria-describedby=\"caption-attachment-12560\" class=\" wp-image-12560\" src=\"http:\/\/www.friedenkoeln.de\/wp-content\/uploads\/2018\/07\/Staatsanwalt25.Juli18-e1532697047801-1024x576.jpg\" alt=\"2 Frauen und 2 M\u00e4nner stehen lachend neben dem Eingang der Staatsanwaltschaft Koblenz. Sie tragen Transparente von &quot;Atomwaffenfrei jetzt!&quot; und &quot;Nukewatch: US-Bombs out of Germany!&quot; vor sich.\" width=\"539\" height=\"303\" srcset=\"https:\/\/www.friedenkoeln.de\/wp-content\/uploads\/2018\/07\/Staatsanwalt25.Juli18-e1532697047801-1024x576.jpg 1024w, https:\/\/www.friedenkoeln.de\/wp-content\/uploads\/2018\/07\/Staatsanwalt25.Juli18-e1532697047801-768x432.jpg 768w\" sizes=\"auto, (max-width: 539px) 100vw, 539px\" \/><p id=\"caption-attachment-12560\" class=\"wp-caption-text\">US-Aktivist*innen fordern die Staatsanwaltschaft Koblenz am 25.7.2018 auf, sie anzuklagen. Marion K\u00fcpker (2. v. l.) unterst\u00fctzt. Foto: Kampagne B\u00fcchel ist \u00fcberall &#8211; Atomwaffenfrei jetzt!<\/p><\/div>\n<p>John LaForge erkl\u00e4rt: \u201eDreimal wurden unsere Personalien aufgenommen:\u00a0vom U.S. Milit\u00e4r, der Bundeswehr selbst sowie von der \u00f6rtlichen Polizei.\u00a0Die U.S. Regierung bricht mit den Atombomben in B\u00fcchel genauso wie die<br \/>\ndeutsche Regierung den Atomwaffensperrvertrag, in dem sie sich\u00a0verpflichtete haben, keinem Nicht-Atomwaffenstaat &#8211; wie es Deutschland\u00a0darstellt \u2013 Atombomben zu \u00fcberlassen!\u201c. Susan Crane erkl\u00e4rt weiter: \u201eWir<br \/>\nalle haben diese Aktion mit dem Ziel gemacht, auch gerichtlich das\u00a0Internationale Recht hier zur Geltung kommen zu lassen. Die\u00a0Staatsanwaltschaft scheint internationale Verwicklungen mit den USA\u00a0hier\u00fcber zu scheuen. Deshalb \u00fcbergeben wir noch mal pers\u00f6nlich heute die\u00a0Adressen aller Beteiligten\u201c. Susan Crane, John LaForge, Bonnie Urfer und\u00a0Stephen Baggerly verbrachten zusdammengerechnet 19 Jahre in\u00a0US-Gef\u00e4ngnisse f\u00fcr ihre dortigen gewaltfreien Proteste gegen die US\u00a0Atomwaffen-(systeme): siehe ihre <a href=\"https:\/\/buechel-atombombenfrei.jimdo.com\/international\/us-biographies-2017\">Biografien<\/a>.<\/p>\n<p>Diese Go-In Aktion war die dritte, die w\u00e4hrend der Internationalen Woche\u00a0(12.-18. Juli 2017) der Gewaltfreien Aktion Atomwaffen Abschaffen (GAAA)\u00a0im Rahmen einer 20-w\u00f6chigen Aktionspr\u00e4senz stattfand. Die gewaltfreien<br \/>\nProteste wurden von f\u00fcnfzig Friedensorganisationen im Rahmen der\u00a0Kampagne \u201eB\u00fcchel ist \u00fcberall! atomwaffenfrei.jetzt!\u201c organisiert. Auch\u00a0dieses Jahr gab es wieder eine 9-k\u00f6pfige U.S. Delegation bei den<br \/>\nProtesten in der Internationalen Woche vom 10.-18. Juli 2018. Am 15.Juli drangen achtzehn Personen in den Hochsicherheitsbereich ein, einige\u00a0erreichten die Landebahn, und drei besetzten erneut einen\u00a0Atomwaffenbunker! Am 23. Juli machte eine 7-k\u00f6pfige Gruppe der Qu\u00e4ker\u00a0medial auf sich aufmerksam: sie hielten auf der Landebahn ein\u00a0Friedenskonzert ab.<\/p>\n<p>Kontakt f\u00fcr weitere Infos: Marion K\u00fcpker, Tel. 0172 771 32 66<\/p>\n<p>Hier\u00fcber k\u00f6nnen auch Interviews mit Susan und John gef\u00fchrt werden!<\/p>\n<p><a href=\"http:\/\/www.buechel-atombombenfrei.de\/\">www.buechel-atombombenfrei.de<\/a><\/p>\n<p>B\u00fcchel ist \u00fcberall! atomwaffenfrei.jetzt<br \/>\nc\/o Netzwerk Friedenskooperative<br \/>\nR\u00f6merstr. 88, 53111 Bonn<br \/>\nTel.: 0228-692904<br \/>\nFax: 0228-692906<br \/>\nEmail: <a href=\"mailto:info@atomwaffenfrei.de\">info@atomwaffenfrei.de<\/a><br \/>\nWeb: <a href=\"http:\/\/www.atomwaffenfrei.de\/\">www.atomwaffenfrei.de<\/a><\/p>\n<p>Spenden:<br \/>\nGewaltfreie Aktion Atomwaffen abschaffen\u00a0GAAA<br \/>\nIBAN:\u00a0DE57 4306 0967 8019 1512 00<br \/>\nVerwendungszweck: \u201eRechtshilfe\u201c<\/p>\n","protected":false},"excerpt":{"rendered":"<p>Pressemitteilung der Kampagne &#8222;B\u00fcchel ist \u00fcberall! atomwaffenfrei.jetzt!&#8220; vom 25.07.2018.\u00a0 Am heutigen Vormittag \u00fcbergeben die Aktivisten aus den USA &#8211; Susan Crane\u00a0(74 Jahre\/ Kalifornien) und John LaForge (62 Jahre\/Wisconsin) gemeinsam\u00a0mit ihrem Mitstreiter Gerd B\u00fcntzly (68&#46;&#46;&#46;<\/p>\n","protected":false},"author":110,"featured_media":0,"comment_status":"open","ping_status":"open","sticky":false,"template":"","format":"standard","meta":{"footnotes":""},"categories":[87],"tags":[33,80],"class_list":["post-12555","post","type-post","status-publish","format-standard","hentry","category-pressemitteilung","tag-atomwaffen","tag-rechtsprechung"],"_links":{"self":[{"href":"https:\/\/www.friedenkoeln.de\/index.php?rest_route=\/wp\/v2\/posts\/12555","targetHints":{"allow":["GET"]}}],"collection":[{"href":"https:\/\/www.friedenkoeln.de\/index.php?rest_route=\/wp\/v2\/posts"}],"about":[{"href":"https:\/\/www.friedenkoeln.de\/index.php?rest_route=\/wp\/v2\/types\/post"}],"author":[{"embeddable":true,"href":"https:\/\/www.friedenkoeln.de\/index.php?rest_route=\/wp\/v2\/users\/110"}],"replies":[{"embeddable":true,"href":"https:\/\/www.friedenkoeln.de\/index.php?rest_route=%2Fwp%2Fv2%2Fcomments&post=12555"}],"version-history":[{"count":9,"href":"https:\/\/www.friedenkoeln.de\/index.php?rest_route=\/wp\/v2\/posts\/12555\/revisions"}],"predecessor-version":[{"id":12566,"href":"https:\/\/www.friedenkoeln.de\/index.php?rest_route=\/wp\/v2\/posts\/12555\/revisions\/12566"}],"wp:attachment":[{"href":"https:\/\/www.friedenkoeln.de\/index.php?rest_route=%2Fwp%2Fv2%2Fmedia&parent=12555"}],"wp:term":[{"taxonomy":"category","embeddable":true,"href":"https:\/\/www.friedenkoeln.de\/index.php?rest_route=%2Fwp%2Fv2%2Fcategories&post=12555"},{"taxonomy":"post_tag","embeddable":true,"href":"https:\/\/www.friedenkoeln.de\/index.php?rest_route=%2Fwp%2Fv2%2Ftags&post=12555"}],"curies":[{"name":"wp","href":"https:\/\/api.w.org\/{rel}","templated":true}]}}