{"id":12579,"date":"2018-08-01T13:20:03","date_gmt":"2018-08-01T11:20:03","guid":{"rendered":"http:\/\/www.friedenkoeln.de\/?p=12579"},"modified":"2018-08-01T13:20:03","modified_gmt":"2018-08-01T11:20:03","slug":"auf-achse-fuer-frieden-und-abruestung-klima-und-umweltschutz-fftnrw18-startet-am-4-august-2018","status":"publish","type":"post","link":"https:\/\/www.friedenkoeln.de\/?p=12579","title":{"rendered":"Auf Achse f\u00fcr Frieden und Abr\u00fcstung, Klima- und Umweltschutz &#8211; #FFTNRW18 startet am 4. August 2018"},"content":{"rendered":"<div id=\"attachment_12580\" style=\"width: 397px\" class=\"wp-caption alignright\"><img loading=\"lazy\" decoding=\"async\" aria-describedby=\"caption-attachment-12580\" class=\" wp-image-12580\" src=\"http:\/\/www.friedenkoeln.de\/wp-content\/uploads\/2018\/08\/fullsizeoutput_afa.jpeg\" alt=\"Eine Radfahrerin ist von hinten zu sehen. Eine gro\u00dfe regenbogenfarbene PACE-Fahne, die am Hinterrad angebracht ist, wird vom Wind nach rechts getrieben, so dass man die Aufschrift gut sieht.\" width=\"387\" height=\"322\" srcset=\"https:\/\/www.friedenkoeln.de\/wp-content\/uploads\/2018\/08\/fullsizeoutput_afa.jpeg 736w, https:\/\/www.friedenkoeln.de\/wp-content\/uploads\/2018\/08\/fullsizeoutput_afa-150x125.jpeg 150w\" sizes=\"auto, (max-width: 387px) 100vw, 387px\" \/><p id=\"caption-attachment-12580\" class=\"wp-caption-text\">\u201ePACE\u201c \u2013 Die Friedensfahne. Foto: Bodo Schmitz, www.mutbuergerdokus.de<\/p><\/div>\n<p>Am 4. August 2018 startet die\u00a0<a href=\"http:\/\/www.nrw.dfg-vk.de\/dokumente\/DFG-VK%20-%20Flyer%20Friedensfahrradtour%202018%20v04%20-%20web%20und%20mail.pdf\">FriedensFahrradtour NRW 2018<\/a> in M\u00fcnster unter dem Motto &#8222;Auf\u00a0Achse f\u00fcr Frieden und Abr\u00fcstung, Klima- und Umweltschutz&#8220;. In Kooperation mit dem ForumZFD und der Agenda21 Ratingen l\u00e4dt der Landesverband NRW der DFG-VK zur Tour quer durch Nordrhein-Westfalen mit Abstechern zu unseren niederl\u00e4ndischen und belgischen Nachbar*innen ein.<\/p>\n<p>Die Radler*innen kommen am 6. August in K\u00f6ln an und beteiligen sich an den Feiern zum Gedenken der Opfer der Atombombenabw\u00fcrfe auf die japanischen St\u00e4dte Hiroshima und Nagasaki vor 73 Jahren. N\u00e4heres dazu gibt es auf dem <a href=\"http:\/\/koelnerfriedensforum.org\/wp-content\/mediathek\/2018\/07\/Flyer_Hiroshima_2018.pdf\">Flyer<\/a> des K\u00f6lner Friedensforum.<\/p>\n<p>Wer die Friedensradler*innen unterwegs antrifft, kann sehr gerne Fotos und Eindr\u00fccke mit #FFTNRW18 ins Netz hochladen.<\/p>\n","protected":false},"excerpt":{"rendered":"<p>Am 4. August 2018 startet die\u00a0FriedensFahrradtour NRW 2018 in M\u00fcnster unter dem Motto &#8222;Auf\u00a0Achse f\u00fcr Frieden und Abr\u00fcstung, Klima- und Umweltschutz&#8220;. In Kooperation mit dem ForumZFD und der Agenda21 Ratingen l\u00e4dt der Landesverband NRW&#46;&#46;&#46;<\/p>\n","protected":false},"author":110,"featured_media":0,"comment_status":"open","ping_status":"open","sticky":false,"template":"","format":"standard","meta":{"footnotes":""},"categories":[2,104],"tags":[42,109,110,36],"class_list":["post-12579","post","type-post","status-publish","format-standard","hentry","category-aktionen","category-ankuendigung","tag-abruestung","tag-fahrrad","tag-klima","tag-oekologie-und-frieden"],"_links":{"self":[{"href":"https:\/\/www.friedenkoeln.de\/index.php?rest_route=\/wp\/v2\/posts\/12579","targetHints":{"allow":["GET"]}}],"collection":[{"href":"https:\/\/www.friedenkoeln.de\/index.php?rest_route=\/wp\/v2\/posts"}],"about":[{"href":"https:\/\/www.friedenkoeln.de\/index.php?rest_route=\/wp\/v2\/types\/post"}],"author":[{"embeddable":true,"href":"https:\/\/www.friedenkoeln.de\/index.php?rest_route=\/wp\/v2\/users\/110"}],"replies":[{"embeddable":true,"href":"https:\/\/www.friedenkoeln.de\/index.php?rest_route=%2Fwp%2Fv2%2Fcomments&post=12579"}],"version-history":[{"count":2,"href":"https:\/\/www.friedenkoeln.de\/index.php?rest_route=\/wp\/v2\/posts\/12579\/revisions"}],"predecessor-version":[{"id":12582,"href":"https:\/\/www.friedenkoeln.de\/index.php?rest_route=\/wp\/v2\/posts\/12579\/revisions\/12582"}],"wp:attachment":[{"href":"https:\/\/www.friedenkoeln.de\/index.php?rest_route=%2Fwp%2Fv2%2Fmedia&parent=12579"}],"wp:term":[{"taxonomy":"category","embeddable":true,"href":"https:\/\/www.friedenkoeln.de\/index.php?rest_route=%2Fwp%2Fv2%2Fcategories&post=12579"},{"taxonomy":"post_tag","embeddable":true,"href":"https:\/\/www.friedenkoeln.de\/index.php?rest_route=%2Fwp%2Fv2%2Ftags&post=12579"}],"curies":[{"name":"wp","href":"https:\/\/api.w.org\/{rel}","templated":true}]}}