{"id":12614,"date":"2018-08-15T23:18:08","date_gmt":"2018-08-15T21:18:08","guid":{"rendered":"http:\/\/www.friedenkoeln.de\/?p=12614"},"modified":"2018-08-15T23:18:08","modified_gmt":"2018-08-15T21:18:08","slug":"atombombenopfer-michimasa-hirata-in-koeln-bekaempfen-sie-diese-waffen","status":"publish","type":"post","link":"https:\/\/www.friedenkoeln.de\/?p=12614","title":{"rendered":"Atombombenopfer Michimasa Hirata in K\u00f6ln: &#8222;Bek\u00e4mpfen Sie diese Waffen!&#8220;"},"content":{"rendered":"<div class=\"page\" title=\"Page 3\">\n<div class=\"layoutArea\">\n<div class=\"column\">\n<p>Am 6. August 2018 hielt Herr Michimasa Hirata aus Tokio auf dem Domvorplatz eine Rede zum Gedenken an die Opfer der US-Atombomben, die 1945 \u00fcber den japanischen St\u00e4dten Hiroshima und Nagasaki abgeworfen wurden. Michimasa Hirata geh\u00f6rt zu den \u00dcberlebenden in Hiroshima; er war bei der Atomexplosion neun Jahre alt. Hier ist die deutsche \u00dcbersetzung seiner Rede:<\/p>\n<hr \/>\n<div class=\"page\" title=\"Page 1\">\n<div class=\"layoutArea\">\n<div class=\"column\">\n<p>Guten Abend allerseits!<\/p>\n<\/div>\n<\/div>\n<div class=\"layoutArea\">\n<div class=\"column\">\n<div id=\"attachment_12623\" style=\"width: 476px\" class=\"wp-caption alignright\"><img loading=\"lazy\" decoding=\"async\" aria-describedby=\"caption-attachment-12623\" class=\" wp-image-12623\" src=\"http:\/\/www.friedenkoeln.de\/wp-content\/uploads\/2018\/08\/fullsizeoutput_b0b-2856x3000.jpeg\" alt=\"\" width=\"466\" height=\"489\" srcset=\"https:\/\/www.friedenkoeln.de\/wp-content\/uploads\/2018\/08\/fullsizeoutput_b0b-2856x3000.jpeg 2856w, https:\/\/www.friedenkoeln.de\/wp-content\/uploads\/2018\/08\/fullsizeoutput_b0b-143x150.jpeg 143w, https:\/\/www.friedenkoeln.de\/wp-content\/uploads\/2018\/08\/fullsizeoutput_b0b-768x807.jpeg 768w\" sizes=\"auto, (max-width: 466px) 100vw, 466px\" \/><p id=\"caption-attachment-12623\" class=\"wp-caption-text\">Atombombenopfer Michimasa Hirata (li.) und Reiko M\u00fcller-Shiba auf dem Domvorplatz in K\u00f6ln am 7.6.2018. Foto: Stefanie Intveen.<\/p><\/div>\n<p>Heute, am 6. August, also vor 73 Jahren, wurde 1945 die Atombombe auf Hiroshima geworfen. Ich habe von Herzen einen gro\u00dfen Respekt vor Ihnen, die Sie allj\u00e4hrlich aus diesem Anlass eine Gedenkfeier abhalten.<\/p>\n<p>Mein Name ist Michimasa Hirata. Ich lebe jetzt in Tokyo und bin ein Atombombenopfer von Hiroshima, also ein Hibakusha, wie wir in Japan sagen. Ich bin heute als Vertreter von Herrn Kazuo Soda gekommen, der \u00fcber viele Jahre oftmals bei ihnen war, an diese Veranstaltungen teilnahm und \u00fcber seine Gedanken als Atombombenopfer zu Ihnen gesprochen hat.<\/p>\n<p>Es gibt drei gro\u00dfe Unterschiede zwischen Atom- und konventionellen Waffen.<\/p>\n<h4>Erstens: das Ausma\u00df und die Gr\u00f6\u00dfe der Sch\u00e4den<\/h4>\n<p>Die Atombomben sind in der Geschichte der Kriege bisher zweimal benutzt worden. Sie wurden auf Hiroshima und in Nagasaki w\u00e4hrend des zweiten Weltkriegs geworfen. Die Ausma\u00dfe der Sch\u00e4den waren unz\u00e4hlige Tote und zigtausende Verletzte mit meistens schweren Verbrennungen, vollkommen zerst\u00f6rte H\u00e4user und Br\u00e4nde durch Hitzestrahlung, sodass im Radius von 2 km um das Hypozentrum eine einzige Ruine blieb. Durch diese 2 Atombomben wurden 140,000 Menschen in Hiroshima und 70,000 Menschen in Nagasaki, also insgesamt 210,000 Menschen get\u00f6tet. Wenn man die Leichen dieser get\u00f6teten Menschen Schulter an Schulter legen w\u00fcrde, w\u00e4ren es etwa 100 km. Das sollte ungef\u00e4hr von K\u00f6ln bis nach B\u00fcchel sein, wo immer noch Atombomben der USA in einem deutschen Luftwaffenst\u00fctzpunkt gelagert sind. Die Anzahl der Get\u00f6teten allein sagt noch gar nichts, weil ein einziges Menschenleben so kostbar ist. Trotzdem ist es eine Tatsache, dass durch zwei Bomben 210.000 Menschen get\u00f6tet wurden und ich appelliere an Sie, diese Waffen zu bek\u00e4mpfen, die eine ungeheure Massenmord- Maschinerie sind, die inhuman und wahllos Menschen t\u00f6ten!<\/p>\n<h4>Zweitens: die Vielf\u00e4ltigkeit der Sch\u00e4den<\/h4>\n<p>Eine Atombombe hat gleichzeitig drei Wirkungen. Die erste ist die Hitzestrahlung, die Br\u00e4nde verursacht und den Menschen Verbrennungen zuf\u00fcgt, die zweite sind die Bombendetonationswellen und die dritte, die die meisten und problematischsten Sch\u00e4den erzeugt, ist die Radioaktivit\u00e4t, die es so bei konventionellen Waffen nicht gibt.<\/p>\n<h4>Drittens: die Folgesch\u00e4den<\/h4>\n<p>Diese Radioaktivit\u00e4t, die wir weder sehen, noch h\u00f6ren, noch riechen k\u00f6nnen,\u00a0bemerkt man als Schaden zu aller erst nicht. Diese Strahlung erscheint als Blutung oder Leuk\u00e4mie, als akute Erkrankungen danach. Viele Hibakusha leiden auch 73 Jahre nach dem Bombenabwurf immer noch an Leuk\u00e4mie und an verschiedenen Arten von Krebs, deren Verursachung Radioaktivit\u00e4t vermuten l\u00e4sst. Bei diesen Erkrankungen ist zu bef\u00fcrchten, dass sie auf weitere Generationen erbm\u00e4\u00dfig \u00fcbertragen werden.<\/p>\n<p>Also, diese Atomwaffen bringen lang andauernde Nachfolge-Sch\u00e4den. Und das ist der dritte charakteristische Unterschied zu den konventionellen Waffen!<\/p>\n<h4>Als ich 9 Jahre alt war, wurde die Atombombe in Hiroshima abgeworfen<\/h4>\n<\/div>\n<\/div>\n<\/div>\n<div class=\"page\" title=\"Page 2\">\n<div class=\"layoutArea\">\n<div class=\"column\">\n<p>Nun erz\u00e4hle ich Ihnen mein pers\u00f6nliches Erlebnis mit dieser Atomwaffe. Als ich 9 Jahre alt war, wurde die Atombombe in Hiroshima abgeworfen, wo wir etwa 2,1 km vom Hypozentrum entfernt lebten. Nach dem Fr\u00fchst\u00fcck habe ich es mir im Wohnzimmer bequem gemacht. Pl\u00f6tzlich blitzte es mit einem blauwei\u00dfen grellen Licht. Als mein Vater mich in den Hausbunker stie\u00df, der sich am Beginn des Korridors beim Wohnzimmer befand, kam gleichzeitig ein starke Bomben-Windsto\u00df. Als ich eine Weile danach aus dem Bunker heraus kam, lag das Zentrum des Stadtgebiets vor unserm Haus in Schutt und Asche.<\/p>\n<div id=\"attachment_12622\" style=\"width: 371px\" class=\"wp-caption alignright\"><img loading=\"lazy\" decoding=\"async\" aria-describedby=\"caption-attachment-12622\" class=\" wp-image-12622\" src=\"http:\/\/www.friedenkoeln.de\/wp-content\/uploads\/2018\/08\/P2640626_1-2.jpg\" alt=\"Eine Reihe von Papierl\u00e4mpchen mit darin brennenden Teelichtern schwimmt auf einem d\u00e4mmrigen Wasser.\" width=\"361\" height=\"568\" srcset=\"https:\/\/www.friedenkoeln.de\/wp-content\/uploads\/2018\/08\/P2640626_1-2.jpg 435w, https:\/\/www.friedenkoeln.de\/wp-content\/uploads\/2018\/08\/P2640626_1-2-95x150.jpg 95w\" sizes=\"auto, (max-width: 361px) 100vw, 361px\" \/><p id=\"caption-attachment-12622\" class=\"wp-caption-text\">#ToroNagashi am 6.8.2018 am Aachener Weiher in K\u00f6ln. Foto: Klaus M\u00fcller.<\/p><\/div>\n<p>Ich rannte auf die Stra\u00dfe und was ich dort sah, war so schrecklich: Aus dem Hypozentrum fl\u00fcchtende Menschen, ihre Haare vom Kopf abstehend, ihre Kleidung nur als Lappen auf den verbrannten K\u00f6rpern haftend, die eigene Haut zeigten sie wie Bl\u00e4tter herabh\u00e4ngend von den vorgestreckten H\u00e4nden &#8230; Rein \u00e4u\u00dferlich konnte man bei diesen Menschen kaum einen Unterschied finden, ob es sich dabei um weibliche oder m\u00e4nnliche Wesen handelte. Es war sage und schreibe die H\u00f6lle auf Erden.<\/p>\n<p>Es wurde Abend und ich wollte zu meiner Mutter und Schwester hin, die als Evakuierte au\u00dferhalb der Stadt lebten. Der Weg dorthin war schwierig, da auf der Stra\u00dfe Telegrafenmasten, Elektrokabel und abgebrannte Hausteile lagen. Ich w\u00e4hlte den Weg auf dem Eisenbahndeich. Da lagen viele Leichen und st\u00f6hnende Verletzte. Ich ging auf der Eisenbahnbr\u00fccke, deren Holzschwellen verkohlt waren, und dort unten sah ich viele Leichen auf dem Fluss treiben. Es hat drei mal mehr Zeit gebraucht, mein Ziel zu erreichen, wo meine Mutter und Schwester waren und wir uns gl\u00fccklich in die Arme schlie\u00dfen konnten. Die Beeinflussung der Radioaktivit\u00e4t f\u00fcgte mir eine Krankheit mit verminderten wei\u00dfen Blutk\u00f6rperchen zu. Ich besitze nur eine H\u00e4lfte der wei\u00dfen Blutk\u00f6rperchen als gesunde Menschen. Ich hatte zwar Lungenentz\u00fcndungen, aber gl\u00fccklicherweise keinen Krebs oder andere radioaktiv bedingte Erkrankungen.<\/p>\n<h4>Atomwaffen, deren Sprengkr\u00e4fte 10- bis 1000-fach gr\u00f6\u00dfer sind als die Hiroshima-Bombe<\/h4>\n<p>Es gibt 9 L\u00e4nder auf der Welt, die Atomwaffen zu besitzen, auf die sich der Atomwaffensperrvertrag NPT bezieht. Diese L\u00e4nder sind: USA, Russland, England, Frankreich, China, Indien, Pakistan, Israel und Nordkorea. Sie haben insgesamt 15,000 Atomwaffen, deren Sprengkr\u00e4fte 10- bis 1000-fach gr\u00f6\u00dfer sind als die Atombombe von Hiroshima. Davon sind 330 strategische Atomwaffen, die den USA und Russland geh\u00f6ren. Wenn eine von beiden Seiten nur eine Waffe davon abschie\u00dft, egal ob aus Absicht oder Zufall, so schie\u00dft der Gegen\u00fcber innerhalb von ein paar Minuten zur Vergeltung zur\u00fcck. So wird das System eingesetzt. Schlimmstenfalls fliegen Atomraketen durcheinander \u00fcber die Erde und werden alle Lebewesen samt Menschen t\u00f6ten und es k\u00f6nnte die Oberfl\u00e4che der Erde zur\u00fcckbleiben wie die Oberfl\u00e4che des Mondes.<\/p>\n<p>Die L\u00e4nder, die keine Atomwaffen besitzen und sie als inhuman bezeichneten, versuchten, diese Waffen zu verbieten wie chemische- und biologische Waffen. Im Juli vergangenen Jahres wurde \u00fcber den \u201eAtomwaffenverbotsvertrag\u201c bei der UNO- Generalversammlung verhandelt und bisher gab es eine Zustimmung von 122 L\u00e4ndern. Leider haben 59 L\u00e4nder, darunter auch die, die Atomwaffen besitzen, sowie die unter USA-Atom-Schirmherrschaft stehenden L\u00e4nder, wie Japan, Australien und die NATO-Staaten, nicht mal an den dies bez\u00fcglichen UNO-Versammlungen teilgenommen, denn sie waren gegen das Verbot. Ihre Behauptung: Die Beherrschung der Atomwaffen reicht aus, das Verbot ist noch zu fr\u00fch.<\/p>\n<h4>Japan soll sich vom Zauber der &#8222;Beherrschung der Atomwaffen&#8220; befreien<\/h4>\n<\/div>\n<\/div>\n<\/div>\n<div class=\"page\" title=\"Page 3\">\n<div class=\"layoutArea\">\n<div class=\"column\">\n<p>Japan, der einziger Staat, der mit Atombomben beworfen wurde, hat zwar eine eigene Position gegen Atomwaffen eingenommen, steht aber gleichzeitig unter der Atom-Schirmherrschaft der USA, also hat Japan einen Doppel-Standpunkt. Dies finde ich als Hibakusha sehr bedauerlich. Japan soll sich vom Zauber der \u201eBeherrschung der Atomwaffen\u201c befreien und eine Br\u00fccke bauen zwischen den Nicht- und den Mit-Atomwaffen-L\u00e4ndern. Ich w\u00fcnsche mir, dass Japan f\u00fcr die Abr\u00fcstung eine f\u00fchrende Rolle einnehmen soll.<\/p>\n<p><img loading=\"lazy\" decoding=\"async\" class=\" wp-image-11572 alignright\" src=\"http:\/\/www.friedenkoeln.de\/wp-content\/uploads\/2017\/12\/ICAN-Stempel-8.png\" alt=\"\" width=\"334\" height=\"311\" srcset=\"https:\/\/www.friedenkoeln.de\/wp-content\/uploads\/2017\/12\/ICAN-Stempel-8.png 863w, https:\/\/www.friedenkoeln.de\/wp-content\/uploads\/2017\/12\/ICAN-Stempel-8-768x715.png 768w\" sizes=\"auto, (max-width: 334px) 100vw, 334px\" \/>Die junge Organisation ICAN hat voriges Jahr den Nobelpreis bekommen, da sie einen gro\u00dfen Beitrag f\u00fcr die Resolution des Atomwaffen-Verbotsvertrages geleistet hat. Der Vertrag wird mit der Ratifikation von 50 L\u00e4ndern in Kraft treten. Bis jetzt haben ihn 14 L\u00e4nder ratifiziert.<\/p>\n<p>Wir Hibakusha haben eine Unterschriften-Sammelaktion angefangen, um diesen Vertrag so fr\u00fch wie m\u00f6glich in Kraft zu setzen und Atomwaffen abzuschaffen. Man kann zwar durch das Internet unterschreiben, aber hier habe ich Unterschriften- Listen auf Papier dabei, bitte machen Sie mit, wenn Sie es wichtig finden!<\/p>\n<p><strong>Wir Menschen k\u00f6nnen die Atomkraft nicht unter Kontrolle bringen<\/strong><\/p>\n<p>Zum Schluss m\u00f6chte ich noch die Atom-Kraftwerke erw\u00e4hnen, die als friedliche Nutzung des Atoms gepriesen worden sind. AKW und Atomwaffen haben eine gleiche Wurzel, die Atom hei\u00dft. Wie wir aus den AKW-Unf\u00e4llen von Tschernobyl oder Fukushima wissen, ist ihre Schaden unermesslich gro\u00df. Wir Menschen k\u00f6nnen die Atomkraft nicht perfekt unter Kontrolle bringen. Ich protestiere gegen Atom- Kraftwerke genau so wie gegen Atomwaffen, weil AKW&#8217;s ein gro\u00dfes Unfallpotenzial haben. Ich finde es sehr bedauerlich, dass die japanische Regierung die Wiederinbetriebnahme der AKW&#8217;s und Investitionen f\u00fcr den AKW-Bau im Ausland f\u00f6rdert, obwohl die Folgen der Unfallkatastrophe von Fukushima \u00fcberhaupt nicht gemeistert worden sind. In diesem Punkt respektiere ich Deutschland, das nach dem AKW-Unfall in Fukushima sofort den Atomausstieg im Land beschlossen hat.<\/p>\n<h4>Nie mehr Hiroshima! Nie mehr Nagasaki! Nie mehr Hibakusha! Und Nie mehr Krieg!<\/h4>\n<p>Ich will noch mal betonen, dass die Atomwaffen inhumane teuflische Waffen sind, und wenn diese einmal los gehen, mit Absicht oder nicht, k\u00f6nnte die ganze Menschheit untergehen \u2013 und dieses Gefahrgut haben wir so in der N\u00e4he. Mit dem Atomwaffen-Verbotsvertrag hat man einen gro\u00dfen Schritt angefangen. Durch Verhandlungen zwischen USA und Nordkorea k\u00f6nnte man erwarten, die Atomwaffen zu sperren. Der Weg zur Abschaffung der Atomwaffen ist noch sehr lang, da allein die Zerlegung der Waffen sehr viel Zeit braucht. Bis dahin \u00fcberleben wir Hibakusha ganz bestimmt nicht mehr. Lassen wir uns alle zusammen eine Welt ohne Atomwaffen schaffen!<\/p>\n<p>Nie mehr Hiroshima! Nie mehr Nagasaki! Nie mehr Hibakusha! und Nie mehr Krieg! Vielen Dank f\u00fcr Ihre Aufmerksamkeit<\/p>\n<\/div>\n<\/div>\n<\/div>\n<\/div>\n<\/div>\n<\/div>\n","protected":false},"excerpt":{"rendered":"<p>Am 6. August 2018 hielt Herr Michimasa Hirata aus Tokio auf dem Domvorplatz eine Rede zum Gedenken an die Opfer der US-Atombomben, die 1945 \u00fcber den japanischen St\u00e4dten Hiroshima und Nagasaki abgeworfen wurden. Michimasa&#46;&#46;&#46;<\/p>\n","protected":false},"author":110,"featured_media":0,"comment_status":"open","ping_status":"open","sticky":false,"template":"","format":"standard","meta":{"footnotes":""},"categories":[111],"tags":[42,33,112,91],"class_list":["post-12614","post","type-post","status-publish","format-standard","hentry","category-rede","tag-abruestung","tag-atomwaffen","tag-atomwaffenverbotsvertrag","tag-voelkerrecht"],"_links":{"self":[{"href":"https:\/\/www.friedenkoeln.de\/index.php?rest_route=\/wp\/v2\/posts\/12614","targetHints":{"allow":["GET"]}}],"collection":[{"href":"https:\/\/www.friedenkoeln.de\/index.php?rest_route=\/wp\/v2\/posts"}],"about":[{"href":"https:\/\/www.friedenkoeln.de\/index.php?rest_route=\/wp\/v2\/types\/post"}],"author":[{"embeddable":true,"href":"https:\/\/www.friedenkoeln.de\/index.php?rest_route=\/wp\/v2\/users\/110"}],"replies":[{"embeddable":true,"href":"https:\/\/www.friedenkoeln.de\/index.php?rest_route=%2Fwp%2Fv2%2Fcomments&post=12614"}],"version-history":[{"count":9,"href":"https:\/\/www.friedenkoeln.de\/index.php?rest_route=\/wp\/v2\/posts\/12614\/revisions"}],"predecessor-version":[{"id":12626,"href":"https:\/\/www.friedenkoeln.de\/index.php?rest_route=\/wp\/v2\/posts\/12614\/revisions\/12626"}],"wp:attachment":[{"href":"https:\/\/www.friedenkoeln.de\/index.php?rest_route=%2Fwp%2Fv2%2Fmedia&parent=12614"}],"wp:term":[{"taxonomy":"category","embeddable":true,"href":"https:\/\/www.friedenkoeln.de\/index.php?rest_route=%2Fwp%2Fv2%2Fcategories&post=12614"},{"taxonomy":"post_tag","embeddable":true,"href":"https:\/\/www.friedenkoeln.de\/index.php?rest_route=%2Fwp%2Fv2%2Ftags&post=12614"}],"curies":[{"name":"wp","href":"https:\/\/api.w.org\/{rel}","templated":true}]}}