{"id":12629,"date":"2018-08-18T18:34:41","date_gmt":"2018-08-18T16:34:41","guid":{"rendered":"http:\/\/www.friedenkoeln.de\/?p=12629"},"modified":"2018-08-18T18:34:41","modified_gmt":"2018-08-18T16:34:41","slug":"konzerttipp-fuer-sonntag-mit-suite-und-kantate-gegen-den-staat-im-staate-geheimdienste-abschalten","status":"publish","type":"post","link":"https:\/\/www.friedenkoeln.de\/?p=12629","title":{"rendered":"Konzerttipp f\u00fcr Sonntag: &#8222;Mit Suite und Kantate gegen den Staat im Staate &#8211; Geheimdienste abschalten!&#8220;"},"content":{"rendered":"<div class=\"page\" title=\"Page 1\">\n<div>Unser Konzerttipp f\u00fcr Sonntag und Dienstag: 70 Musikerinnen und Musiker der Aktionsgruppe Lebenslaute mit Chor und Orchester sind in K\u00f6ln.\u00a0Am Sonntag Abend findet ihr Vorkonzert in der Alten Feuerwache statt. Das Aktionskonzert folgt am Dienstag Vormittag\u00a0vor dem Bundesamt f\u00fcr Verfassungsschutz (BfV) in K\u00f6ln-Chorweiler.\u00a0Es folgt die Presseinformation der Lebenslaute vom\u00a016. August 2018:<\/div>\n<div class=\"section\">\n<div class=\"layoutArea\">\n<div class=\"column\">\n<hr \/>\n<p>Protestaktion 2018 von Chor und Orchester der Lebenslaute<\/p>\n<p><strong>\u201eMit Suite und Kantate gegen den Staat im Staate &#8211; Geheimdienste abschalten!\u201c<\/strong><br \/>\n<strong>Eine Betriebsst\u00f6rung des Bundesamts f\u00fcr Verfassungsschutz<\/strong><\/p>\n<p>Vorkonzert:<br \/>\n<strong> So, 19. August, 18 Uhr, Alte Feuerwache, Melchiorstra\u00dfe 3, K\u00f6ln<\/strong><br \/>\nAktionskonzert:<br \/>\n<strong>Di, 21. August, 10 Uhr, am Bundesamt f\u00fcr Verfassungsschutz, K\u00f6l<\/strong><strong>n-Chorweiler<\/strong><\/p>\n<p>Mit rund 70 MusikerInnen und einem klassischen Konzert f\u00fcr Chor und Orchester fordert das Netzwerk Lebenslaute:<\/p>\n<ul>\n<li>den Verfassungsschutz und alle anderen Geheimdienste abschalten,<\/li>\n<li>T\u00e4terInnen und Mitwissende im NSU-Komplex aus Politik und Beh\u00f6rden zur\u00a0Verantwortung ziehen,<\/li>\n<li>Ausbau demokratischer Grundrechte.<\/li>\n<\/ul>\n<p><img loading=\"lazy\" decoding=\"async\" class=\"wp-image-12635 alignleft\" src=\"http:\/\/www.friedenkoeln.de\/wp-content\/uploads\/2018\/08\/Lebenslaute-Logo.jpeg\" alt=\"\" width=\"224\" height=\"106\" srcset=\"https:\/\/www.friedenkoeln.de\/wp-content\/uploads\/2018\/08\/Lebenslaute-Logo.jpeg 982w, https:\/\/www.friedenkoeln.de\/wp-content\/uploads\/2018\/08\/Lebenslaute-Logo-150x71.jpeg 150w, https:\/\/www.friedenkoeln.de\/wp-content\/uploads\/2018\/08\/Lebenslaute-Logo-768x364.jpeg 768w\" sizes=\"auto, (max-width: 224px) 100vw, 224px\" \/>Am Dienstag, 21. August, werden um 10 Uhr etwa 70 Musikerinnen und Musiker der Aktionsgruppe Lebenslaute mit Chor und Orchester ein Aktionskonzert vor dem Bundesamt f\u00fcr Verfassungsschutz in K\u00f6ln-Chorweiler durchf\u00fchren und den Betriebsablauf blockieren. Bei dem Aktionskonzert werden vorwiegend klassische Werke aufgef\u00fchrt, darunter ein t\u00fcrkisches Klagelied in Gedenken an die Opfer des NSU.<\/p>\n<p>Bereits am Sonntag, 19. August, pr\u00e4sentiert Lebenslaute das Musikprogramm im Rahmen eines Vorkonzerts um 18 Uhr in der Alten Feuerwache K\u00f6ln. Daneben gibt es Redebeitr\u00e4ge von Lebenslaute und dem zu unrecht \u00fcber vier Jahrzehnte observierten B\u00fcrgerrechtsaktivisten Rolf G\u00f6ssner. In ihnen wird \u00fcber den deutschen Inlandsgeheimdienst informiert und die Forderung \u201eGeheimdienste abschalten!\u201c begr\u00fcndet.<\/p>\n<p>Am 11. Juli endete der NSU-Prozess, bei dem viele Fragen der Opfer und ihrer Familien zur Rolle der Geheimdienste unbeantwortet blieben. K\u00fcrzlich wurden Absprachen zwischen Hans-Georg Maa\u00dfen, dem Pr\u00e4sidenten des BfV, und der AfD-F\u00fchrung bekannt. Dies zeigt, dass das BfV immer wieder aktiv und zugleich verdeckt in politische Prozesse in Deutschland eingreift. Die im aktuellen Fall bekannt gewordene selektive Aktenvernichtung, selektive Zur\u00fcckhaltung von Beweismitteln und Aussageverweigerungen sind Mittel der politischen Einflussnahme und verhindern eine rechtsstaatliche Ahndung von schweren Verbrechen.<\/p>\n<p>In der Vergangenheit gab es weitere prominente Beispiele:<\/p>\n<ul>\n<li>1974 wurde Ulrich Schm\u00fccker ermordet. Die Verwicklung des VS ist bis heute ungekl\u00e4rt. Der Schm\u00fccker-Prozess war einer der gr\u00f6\u00dften Justizskandale der Bundesrepublik.<\/li>\n<li>1978 f\u00fchrte der nieders\u00e4chsische Verfassungsschutz die \u201eAktion Feuerzauber\u201c durch (bekanntals \u201eCeller Loch\u201c).<\/li>\n<li>1980 wurde das Oktoberfestattentat ver\u00fcbt, bei dem bis heute unklar ist, welche Rolle die Wehrsportgruppe Hoffmann genau spielte und wie viele V-M\u00e4nner des Verfassungsschutzes wiederum in dieser rechtsextremen Gruppierung aktiv waren.<\/li>\n<\/ul>\n<\/div>\n<\/div>\n<\/div>\n<\/div>\n<div class=\"page\" title=\"Page 2\">\n<div class=\"section\">\n<div class=\"layoutArea\">\n<div class=\"column\">\n<p>Eine Kontrolle der Geheimdienste ist zwar formal geregelt, ihre faktische Wirksamkeit ist aber nicht m\u00f6glich. In welchem Ausma\u00df eine verdeckte Einflussnahme auf politische Prozesse stattfindet, ist unbekannt. Dies schadet der Demokratie grunds\u00e4tzlich. Umgekehrt ist nicht nachvollziehbar, welche Schutzfunktion der Verfassungsschutz hat, die nicht durch die Strafverfolgungsbeh\u00f6rden der Polizei wahrgenommen wird.<\/p>\n<p>Lebenslaute will die Bedeutung der Forderung sinnlich erlebbar machen und spielt Werke von L. v. Beethoven, D. Schostakowitsch, Ausz\u00fcge einer Oper von C. W. Gluck mit bemerkenswert aktuellem Textbezug zum Wesen von Geheimdiensten, die Gedichtvertonung \u201eWer die Wahrheit spricht\u201c aus einem Oratorium von U. Klan, das t\u00fcrkische Klagelied \u201e\u00d6tme B\u00fclb\u00fcl \u00d6tme\u201c und nicht zuletzt eine Bearbeitung des James-Bond-Themas.<\/p>\n<p>Lebenslaute ist ein bundesweites Netzwerk von Musikaktivist*innen, Laien und Profis, die klassische Musik an Orten auff\u00fchren, von denen Bedrohung ausgeht. Seit 1986 fanden Besetzungen und Bl<\/p>\n<p>ockaden u.a. von Milit\u00e4rst\u00fctzpunkten, Atomkraftwerken, 2015 auch dem Braunkohletagebau Hambach statt. Die diesj\u00e4hrige Lebenslaute-Aktion erfolgt in Kooperation mit der \u201eInitiative Keupstra\u00dfe ist \u00fcberall\u201c, der DFG-VK-Gruppe K\u00f6ln, dem \u201eTribunal NSU-Komplex aufl\u00f6sen\u201c sowie \u201eK\u00f6ln gegen Rechts\u201c.<\/p>\n<p><img loading=\"lazy\" decoding=\"async\" class=\"wp-image-12643 aligncenter\" src=\"http:\/\/www.friedenkoeln.de\/wp-content\/uploads\/2018\/08\/Lebenslaute_postkarte2018_300dpi_S1-2120x3000.jpg\" alt=\"\" width=\"548\" height=\"775\" srcset=\"https:\/\/www.friedenkoeln.de\/wp-content\/uploads\/2018\/08\/Lebenslaute_postkarte2018_300dpi_S1-2120x3000.jpg 2120w, https:\/\/www.friedenkoeln.de\/wp-content\/uploads\/2018\/08\/Lebenslaute_postkarte2018_300dpi_S1-106x150.jpg 106w, https:\/\/www.friedenkoeln.de\/wp-content\/uploads\/2018\/08\/Lebenslaute_postkarte2018_300dpi_S1-768x1087.jpg 768w\" sizes=\"auto, (max-width: 548px) 100vw, 548px\" \/><\/p>\n<p>(&#8230;)\u00a0Weitere Informationen unter www.lebenslaute.net.<\/p>\n<p>Pressekontakt: F\u00fcr Anfragen, Bild- und Tonaufnahmen wenden Sie sich bitte an<br \/>\nLebenslaute, 01578 7114306, 0160 92619994, presse@lebenslaute.net, www.lebenslaute.net<\/p>\n<\/div>\n<\/div>\n<\/div>\n<\/div>\n","protected":false},"excerpt":{"rendered":"<p>Unser Konzerttipp f\u00fcr Sonntag und Dienstag: 70 Musikerinnen und Musiker der Aktionsgruppe Lebenslaute mit Chor und Orchester sind in K\u00f6ln.\u00a0Am Sonntag Abend findet ihr Vorkonzert in der Alten Feuerwache statt. Das Aktionskonzert folgt am&#46;&#46;&#46;<\/p>\n","protected":false},"author":110,"featured_media":0,"comment_status":"open","ping_status":"open","sticky":false,"template":"","format":"standard","meta":{"footnotes":""},"categories":[2,104,87],"tags":[],"class_list":["post-12629","post","type-post","status-publish","format-standard","hentry","category-aktionen","category-ankuendigung","category-pressemitteilung"],"_links":{"self":[{"href":"https:\/\/www.friedenkoeln.de\/index.php?rest_route=\/wp\/v2\/posts\/12629","targetHints":{"allow":["GET"]}}],"collection":[{"href":"https:\/\/www.friedenkoeln.de\/index.php?rest_route=\/wp\/v2\/posts"}],"about":[{"href":"https:\/\/www.friedenkoeln.de\/index.php?rest_route=\/wp\/v2\/types\/post"}],"author":[{"embeddable":true,"href":"https:\/\/www.friedenkoeln.de\/index.php?rest_route=\/wp\/v2\/users\/110"}],"replies":[{"embeddable":true,"href":"https:\/\/www.friedenkoeln.de\/index.php?rest_route=%2Fwp%2Fv2%2Fcomments&post=12629"}],"version-history":[{"count":10,"href":"https:\/\/www.friedenkoeln.de\/index.php?rest_route=\/wp\/v2\/posts\/12629\/revisions"}],"predecessor-version":[{"id":12645,"href":"https:\/\/www.friedenkoeln.de\/index.php?rest_route=\/wp\/v2\/posts\/12629\/revisions\/12645"}],"wp:attachment":[{"href":"https:\/\/www.friedenkoeln.de\/index.php?rest_route=%2Fwp%2Fv2%2Fmedia&parent=12629"}],"wp:term":[{"taxonomy":"category","embeddable":true,"href":"https:\/\/www.friedenkoeln.de\/index.php?rest_route=%2Fwp%2Fv2%2Fcategories&post=12629"},{"taxonomy":"post_tag","embeddable":true,"href":"https:\/\/www.friedenkoeln.de\/index.php?rest_route=%2Fwp%2Fv2%2Ftags&post=12629"}],"curies":[{"name":"wp","href":"https:\/\/api.w.org\/{rel}","templated":true}]}}