{"id":12669,"date":"2018-08-31T10:57:33","date_gmt":"2018-08-31T08:57:33","guid":{"rendered":"http:\/\/www.friedenkoeln.de\/?p=12669"},"modified":"2018-08-31T10:57:33","modified_gmt":"2018-08-31T08:57:33","slug":"antikriegstag-1-september-2018-kundgebung-und-demo-in-koeln","status":"publish","type":"post","link":"https:\/\/www.friedenkoeln.de\/?p=12669","title":{"rendered":"Antikriegstag 1. September 2018: Kundgebung und Demo in K\u00f6ln"},"content":{"rendered":"<p>Wir rufen zur Teilnahme an Kundgebung und Demo zum Antikriegstag am 1. September 2018 in K\u00f6ln auf:<\/p>\n<h4>12:30 Uhr Friedensbildungswerk K\u00f6ln (Obenmarspforten 7-11) Treffpunkt von Friedensgruppen<\/h4>\n<div id=\"attachment_12673\" style=\"width: 330px\" class=\"wp-caption alignright\"><img loading=\"lazy\" decoding=\"async\" aria-describedby=\"caption-attachment-12673\" class=\"size-full wp-image-12673\" src=\"http:\/\/www.friedenkoeln.de\/wp-content\/uploads\/2018\/08\/HDH_kriegistmies-ausschnitt_afghanistanprotest1_10_20111206_2016795088.jpg\" alt=\"Ein selbstgemaltes Demo-Schild mit der obigen Aufschrift.\" width=\"320\" height=\"240\" srcset=\"https:\/\/www.friedenkoeln.de\/wp-content\/uploads\/2018\/08\/HDH_kriegistmies-ausschnitt_afghanistanprotest1_10_20111206_2016795088.jpg 320w, https:\/\/www.friedenkoeln.de\/wp-content\/uploads\/2018\/08\/HDH_kriegistmies-ausschnitt_afghanistanprotest1_10_20111206_2016795088-150x113.jpg 150w\" sizes=\"auto, (max-width: 320px) 100vw, 320px\" \/><p id=\"caption-attachment-12673\" class=\"wp-caption-text\">&#8222;Krieg is mies &#8211; I love Peace!&#8220; Foto: privat<\/p><\/div>\n<p>Das K\u00f6lner Friedensforum und die DFG-VK Gruppe K\u00f6ln treffen sich um 12:30 im Friedensbildungswerk K\u00f6ln zur Materialverteilung: Verleih von Transparenten und Fahnen, Ausgabe von Flyern und der &#8222;Zeitung gegen den Krieg&#8220; zur Verteilung w\u00e4hrend der Kundgebung und Demo. Alle Helfer*innen sind herzlich willkommen!<\/p>\n<h4 class=\"subtitle_head\">13:00 Auftaktkundgebung auf dem Bahnhofsvorplatz in K\u00f6ln<\/h4>\n<p>Um 13:00 Uhr beginnt die Kundgebung auf dem Vorplatz des Hautbahnhofes K\u00f6ln, danach geht die Demonstration durch die K\u00f6lner Innenstadt.<\/p>\n<div class=\"entry-content clearfix\">\n<h4>Zum Antikriegstag gemeinsam auf die Stra\u00dfe gehen \u2013 gegen die wachsende Kriegsgefahr und gegen Fluchtursachen!<\/h4>\n<p>Heute gibt es mehr als 32 offene Kriege und bewaffnete Konflikte. In noch viel mehr L\u00e4ndern ist die Lebensgrundlage aufgrund von Kriegen zerst\u00f6rt. Auf unsere Umwelt wird im Kampf um den m\u00f6glichst gr\u00f6\u00dften Profit keinerlei R\u00fccksicht genommen. Das sind die Ursachen daf\u00fcr, dass alle zwei Sekunden ein Mensch zur Flucht gezwungen wird.<\/p>\n<p>Wir erleben in vielen L\u00e4ndern einen Rechtsruck und Regierungen, die sich immer offener mit Aggressivit\u00e4t nach innen und au\u00dfen zeigen. Die weltweiten R\u00fcstungsausgaben lagen 2017 mit 1,74 Billionen Dollar auf dem h\u00f6chsten Stand seit Ende des Kalten Krieges. Ein klares Zeichen daf\u00fcr, dass die Herrschenden sich darauf vorbereiten, ihre Interessen weltweit noch aggressiver mit Kriegen durchzusetzen. L\u00e4nder wie Deutschland, Frankreich und Gro\u00dfbritannien, die an Kriegen \u2013 wie in Syrien \u2013 beteiligt sind, schlie\u00dfen ihre Grenzen, w\u00e4hrend gleichzeitig z. B.\u00a0KurdInnen und YezidInnen von Vernichtung und Vertreibung bedroht sind.<\/p>\n<p>Anstatt etwas gegen die Fluchtursachen (Krieg, Profitgier, Arbeitslosigkeit, Ausbeutung von Bodensch\u00e4tzen und Umweltzerst\u00f6rung) zu unternehmen, wird nicht nur die Flucht, sondern auch die Rettung der hilflosen Menschen kriminalisiert. In diesem Jahr sind bereits mehr als\u00a01.500 Menschen im Mittelmeer ertrunken.\u00a0Immer mehr Menschen werden aktiv gegen diese Politik. Hunderttausende beteiligten sich an den Protesten gegen das Sterben im Mittelmeer.<\/p>\n<p>Wir nehmen es nicht hin, dass Fl\u00fcchtlinge in Deutschland als Verbrecher hingestellt werden. Wir nehmen es nicht hin, dass die Bundeswehr in Schulen f\u00fcr Kriegseins\u00e4tze wirbt.<\/p>\n<p>Nicht AfD, PEGIDA und Co. sind der Ausweg aus dieser Situation, sondern eine Politik, die im Sinne der Interessen der Menschen agiert. Wir wollen eine Gesellschaft, die das Leben von Mensch und Natur achtet.<\/p>\n<p>Wir wollen keine ungerechten Kriege und keine Mauer um Europa! Am 1.\u00a0September, am Antikriegstag, an dem weltweit Menschen ihren Protest gegen die Kriegstreiber auf die Stra\u00dfe tragen, wollen auch wir in K\u00f6ln gemeinsam gegen Kriegsgefahr und Fluchtursachen demonstrieren.<\/p>\n<p>Um 13:00 Uhr Kundgebung auf dem Vorplatz des Hautbahnhofes K\u00f6ln, danach Demonstration durch die K\u00f6lner Innenstadt<\/p>\n<p><strong>Flucht und Seenotrettung sind keine Verbrechen! Kriege und Aufr\u00fcstung hingegen schon!<\/strong><\/p>\n<p>B\u00fcndnis zum Antikriegstag 2018 in K\u00f6ln<\/p>\n<p>Die <a href=\"http:\/\/tiny.cc\/Antikriegstag2018\">Unterst\u00fctzer<\/a>.<\/p>\n<p><strong>Geplante Demo- Route:<\/strong><\/p>\n<p>13:00 Auftaktkundgebung Bahnhofsvorplatz K\u00f6ln HBF (ca eine Stunde) Demonstrationszug \u00fcber Bahnhofsvorplatz, Trankgasse, Unter Fettenhennen, Wallrafplatz, Richartzstra\u00dfe, Minorittenstra\u00dfe, Breite Stra\u00dfe, Ehrenstra\u00dfe, Friesenwall, Rudolfplatz Abschlusskundgebung auf dem Rudolfplatz.<\/p>\n<\/div>\n","protected":false},"excerpt":{"rendered":"<p>Wir rufen zur Teilnahme an Kundgebung und Demo zum Antikriegstag am 1. September 2018 in K\u00f6ln auf: 12:30 Uhr Friedensbildungswerk K\u00f6ln (Obenmarspforten 7-11) Treffpunkt von Friedensgruppen Das K\u00f6lner Friedensforum und die DFG-VK Gruppe K\u00f6ln&#46;&#46;&#46;<\/p>\n","protected":false},"author":110,"featured_media":0,"comment_status":"open","ping_status":"open","sticky":false,"template":"","format":"standard","meta":{"footnotes":""},"categories":[2,104],"tags":[42,114,28,36,76],"class_list":["post-12669","post","type-post","status-publish","format-standard","hentry","category-aktionen","category-ankuendigung","tag-abruestung","tag-antimilitarismus","tag-fluchtlingen","tag-oekologie-und-frieden","tag-wirtschaft"],"_links":{"self":[{"href":"https:\/\/www.friedenkoeln.de\/index.php?rest_route=\/wp\/v2\/posts\/12669","targetHints":{"allow":["GET"]}}],"collection":[{"href":"https:\/\/www.friedenkoeln.de\/index.php?rest_route=\/wp\/v2\/posts"}],"about":[{"href":"https:\/\/www.friedenkoeln.de\/index.php?rest_route=\/wp\/v2\/types\/post"}],"author":[{"embeddable":true,"href":"https:\/\/www.friedenkoeln.de\/index.php?rest_route=\/wp\/v2\/users\/110"}],"replies":[{"embeddable":true,"href":"https:\/\/www.friedenkoeln.de\/index.php?rest_route=%2Fwp%2Fv2%2Fcomments&post=12669"}],"version-history":[{"count":4,"href":"https:\/\/www.friedenkoeln.de\/index.php?rest_route=\/wp\/v2\/posts\/12669\/revisions"}],"predecessor-version":[{"id":12676,"href":"https:\/\/www.friedenkoeln.de\/index.php?rest_route=\/wp\/v2\/posts\/12669\/revisions\/12676"}],"wp:attachment":[{"href":"https:\/\/www.friedenkoeln.de\/index.php?rest_route=%2Fwp%2Fv2%2Fmedia&parent=12669"}],"wp:term":[{"taxonomy":"category","embeddable":true,"href":"https:\/\/www.friedenkoeln.de\/index.php?rest_route=%2Fwp%2Fv2%2Fcategories&post=12669"},{"taxonomy":"post_tag","embeddable":true,"href":"https:\/\/www.friedenkoeln.de\/index.php?rest_route=%2Fwp%2Fv2%2Ftags&post=12669"}],"curies":[{"name":"wp","href":"https:\/\/api.w.org\/{rel}","templated":true}]}}