{"id":12715,"date":"2018-09-02T17:36:38","date_gmt":"2018-09-02T15:36:38","guid":{"rendered":"http:\/\/www.friedenkoeln.de\/?p=12715"},"modified":"2018-09-02T17:40:30","modified_gmt":"2018-09-02T15:40:30","slug":"ariane-dettloff-im-domradio-ueber-den-zivilen-ungehorsam-in-buechel-es-ist-eine-art-verzweiflung","status":"publish","type":"post","link":"https:\/\/www.friedenkoeln.de\/?p=12715","title":{"rendered":"Ariane Dettloff im Domradio \u00fcber den zivilen Ungehorsam in B\u00fcchel: &#8222;Es ist eine Art Verzweiflung&#8220;"},"content":{"rendered":"<div id=\"attachment_12597\" style=\"width: 505px\" class=\"wp-caption alignright\"><img loading=\"lazy\" decoding=\"async\" aria-describedby=\"caption-attachment-12597\" class=\" wp-image-12597\" src=\"http:\/\/www.friedenkoeln.de\/wp-content\/uploads\/2018\/08\/signal-2018-07-24-124730.jpg\" alt=\"Eine Gruppe von sechs Personen steht mitten auf einer riesigen asphaltierten Fl\u00e4che und h\u00e4lt ein Transparent der Qu\u00e4ker mit der Aufschrift &quot;Atomwaffen abschaffen jetzt! Miteinander in Frieden leben&quot;.\" width=\"495\" height=\"371\" srcset=\"https:\/\/www.friedenkoeln.de\/wp-content\/uploads\/2018\/08\/signal-2018-07-24-124730.jpg 1632w, https:\/\/www.friedenkoeln.de\/wp-content\/uploads\/2018\/08\/signal-2018-07-24-124730-150x113.jpg 150w, https:\/\/www.friedenkoeln.de\/wp-content\/uploads\/2018\/08\/signal-2018-07-24-124730-768x576.jpg 768w\" sizes=\"auto, (max-width: 495px) 100vw, 495px\" \/><p id=\"caption-attachment-12597\" class=\"wp-caption-text\">Go-In auf Luftwaffenst\u00fctzpunkt B\u00fcchel am 23.7.2018 mit 7 Friedensaktivist*innen. Foto: privat \/ Atomwaffenfrei jetzt!<\/p><\/div>\n<p>Unser Mitglied Ariane Dettloff setzt sich seit Jahrzehnten f\u00fcr die\u00a0vollst\u00e4ndige Abr\u00fcstung der Atomwaffen ein. Am 23. Juli 2018 ging sie\u00a0gemeinsam mit einer Gruppe von Qu\u00e4ker*innen, Mitgliedern des Netzwerkes Friedenssteuer und von der IPPNW (Internationale \u00c4rzte gegen den Atomkrieg und f\u00fcr Soziale Verantwortung) auf die Start- und\u00a0Landebahn des Bundeswehrflughafens in B\u00fcchel in der Eifel. Damit st\u00f6rte die\u00a0Gruppe erfolgreich den milit\u00e4rischen Betriebsablauf, der unter\u00a0anderem der Ein\u00fcbung des Atombombenabwurfs durch deutsche Piloten\u00a0dient.<\/p>\n<p>Am Montag, den 6. August 2018, genau 73 Jahre nach der\u00a0Atombombenexplosion \u00fcber der japanischen Stadt Hiroshima, war Ariane live im Domradio zu h\u00f6ren. Gefragt, warum sie wolle, dass sie verhaftet und angeklagt werden wolle, antwortete sie:<\/p>\n<blockquote><p>Wir haben alles m\u00f6gliche schon probiert, ohne gro\u00dfe Wirkung. Es ist eine Art Verzweiflung, die dahinter steckt, weil es gab auch schon einen Bundestagsbeschluss, dass die US-Atomwaffen abgezogen werden sollen, es gab auch schon im Koalitionsvertrag CDU\/FDP den Beschluss, sich daf\u00fcr einzusetzen, dass die US-Atomwaffen wegkommen, aber nichts ist bislang passiert. Der Atomwaffenverbotsvertrag, der vor einem Jahr von den Vereinten Nationen beschlossen wurde, ist verabschiedet worden mit \u00fcber 125 Staaten. Nur die Bundesrepublik Deutschland zusammen mit den \u00fcbrigen NATO-Staaten war leider nicht dabei.<\/p><\/blockquote>\n<p title=\"Warum christliche Friedensaktivisten in B\u00fcchel eingedrungen sind - Ein Interview mit Ariane Dettloff (Friedensaktivistin)\">Das ganze Interview &#8222;Warum christliche Friedensaktivisten in B\u00fcchel eingedrungen sind&#8220; (8&#8217;13&#8220;) ist hier &#8211; mit herzlichem Dank an domradio.de &#8211; zum Nachh\u00f6ren:<\/p>\n<div class=\"body\">\n<audio class=\"wp-audio-shortcode\" id=\"audio-12715-1\" preload=\"none\" style=\"width: 100%;\" controls=\"controls\"><source type=\"audio\/mpeg\" src=\"https:\/\/medien.domradio.de\/world\/6af3812184b8f1bfe173e1db3f53460b\/Mitschnitt_Zum_Hiroshima_Gedenken__Ziviler_Ungehorsam_und_Atomwaffenfreie_Zonen_-_06082018.mp3?_=1\" \/><a href=\"https:\/\/medien.domradio.de\/world\/6af3812184b8f1bfe173e1db3f53460b\/Mitschnitt_Zum_Hiroshima_Gedenken__Ziviler_Ungehorsam_und_Atomwaffenfreie_Zonen_-_06082018.mp3\">https:\/\/medien.domradio.de\/world\/6af3812184b8f1bfe173e1db3f53460b\/Mitschnitt_Zum_Hiroshima_Gedenken__Ziviler_Ungehorsam_und_Atomwaffenfreie_Zonen_-_06082018.mp3<\/a><\/audio>\n<\/div>\n<p>Wir erwarten, dass die Staatsanwaltschaft <a href=\"https:\/\/www.friedenkoeln.de\/?p=12530\">Anklage<\/a> gegen die Aktivist*innen erhebt. Zur Unterst\u00fctzung der Gruppe bitten wir um Spenden auf das folgende Konto:<\/p>\n<div>Gl\u00e4ubige f\u00fcr den Frieden e.V.<br \/>\nIBAN: DE21 6945 0065 0151 0430 90<br \/>\nVerwendungszweck: \u201eQu\u00e4ker Friedenszeugnis Airbase\u201c<\/div>\n","protected":false},"excerpt":{"rendered":"<p>Unser Mitglied Ariane Dettloff setzt sich seit Jahrzehnten f\u00fcr die\u00a0vollst\u00e4ndige Abr\u00fcstung der Atomwaffen ein. Am 23. Juli 2018 ging sie\u00a0gemeinsam mit einer Gruppe von Qu\u00e4ker*innen, Mitgliedern des Netzwerkes Friedenssteuer und von der IPPNW (Internationale&#46;&#46;&#46;<\/p>\n","protected":false},"author":110,"featured_media":0,"comment_status":"open","ping_status":"open","sticky":false,"template":"","format":"standard","meta":{"footnotes":""},"categories":[105],"tags":[33,112,3,64,115],"class_list":["post-12715","post","type-post","status-publish","format-standard","hentry","category-bericht","tag-atomwaffen","tag-atomwaffenverbotsvertrag","tag-pazifismus","tag-zivilcourage","tag-ziviler-ungehorsam"],"_links":{"self":[{"href":"https:\/\/www.friedenkoeln.de\/index.php?rest_route=\/wp\/v2\/posts\/12715","targetHints":{"allow":["GET"]}}],"collection":[{"href":"https:\/\/www.friedenkoeln.de\/index.php?rest_route=\/wp\/v2\/posts"}],"about":[{"href":"https:\/\/www.friedenkoeln.de\/index.php?rest_route=\/wp\/v2\/types\/post"}],"author":[{"embeddable":true,"href":"https:\/\/www.friedenkoeln.de\/index.php?rest_route=\/wp\/v2\/users\/110"}],"replies":[{"embeddable":true,"href":"https:\/\/www.friedenkoeln.de\/index.php?rest_route=%2Fwp%2Fv2%2Fcomments&post=12715"}],"version-history":[{"count":4,"href":"https:\/\/www.friedenkoeln.de\/index.php?rest_route=\/wp\/v2\/posts\/12715\/revisions"}],"predecessor-version":[{"id":12719,"href":"https:\/\/www.friedenkoeln.de\/index.php?rest_route=\/wp\/v2\/posts\/12715\/revisions\/12719"}],"wp:attachment":[{"href":"https:\/\/www.friedenkoeln.de\/index.php?rest_route=%2Fwp%2Fv2%2Fmedia&parent=12715"}],"wp:term":[{"taxonomy":"category","embeddable":true,"href":"https:\/\/www.friedenkoeln.de\/index.php?rest_route=%2Fwp%2Fv2%2Fcategories&post=12715"},{"taxonomy":"post_tag","embeddable":true,"href":"https:\/\/www.friedenkoeln.de\/index.php?rest_route=%2Fwp%2Fv2%2Ftags&post=12715"}],"curies":[{"name":"wp","href":"https:\/\/api.w.org\/{rel}","templated":true}]}}