{"id":12725,"date":"2018-09-09T11:51:56","date_gmt":"2018-09-09T09:51:56","guid":{"rendered":"http:\/\/www.friedenkoeln.de\/?p=12725"},"modified":"2018-09-09T12:47:12","modified_gmt":"2018-09-09T10:47:12","slug":"koeln-zeigt-haltung-aufnehmen-hierbleiben-solidaritaet","status":"publish","type":"post","link":"https:\/\/www.friedenkoeln.de\/?p=12725","title":{"rendered":"K\u00f6ln zeigt Haltung: Aufnehmen, Hierbleiben, Solidarit\u00e4t!"},"content":{"rendered":"<p><img loading=\"lazy\" decoding=\"async\" class=\"size-full wp-image-12728 alignright\" src=\"http:\/\/www.friedenkoeln.de\/wp-content\/uploads\/2018\/09\/fullsizeoutput_b36.jpeg\" alt=\"Logo des Aufrufs &quot;K\u00f6ln zeigt Haltung&quot;. Drei H\u00e4nde kreisf\u00f6rmig auf rotem Grund; au\u00dfen die Schrift &quot;Aufnehmen Hierbleiben Solidarit\u00e4t&quot;\" width=\"267\" height=\"267\" srcset=\"https:\/\/www.friedenkoeln.de\/wp-content\/uploads\/2018\/09\/fullsizeoutput_b36.jpeg 267w, https:\/\/www.friedenkoeln.de\/wp-content\/uploads\/2018\/09\/fullsizeoutput_b36-150x150.jpeg 150w, https:\/\/www.friedenkoeln.de\/wp-content\/uploads\/2018\/09\/fullsizeoutput_b36-120x120.jpeg 120w\" sizes=\"auto, (max-width: 267px) 100vw, 267px\" \/><\/p>\n<p>Wir laden herzlich zur Unterst\u00fctzung des Aufrufs &#8222;K\u00f6ln zeigt Haltung: Aufnehmen, Hierbleiben, Solidarit\u00e4t!&#8220; und zur <strong>Kundgebung am 16. September 2018, 14 Uhr, Roncalliplatz K\u00f6ln<\/strong>, ein.<\/p>\n<p>Wir verleihen unsere <strong>Flaggen (&#8222;DFG-VK&#8220; oder &#8222;Pace&#8220;) und Transparente f\u00fcr die Kundgebung <\/strong>solange der Vorrat reicht<strong> ab 13:30 Uhr im Friedensbildungswerk K\u00f6ln<\/strong>, Obenmarspforten 7-11.<\/p>\n<p>Die \u00fcberwiegende Anzahl der weltweit auf der Flucht befindlichen Menschen kommt aus den Kriegs- und Konfliktgebieten in Syrien, Afghanistan und Irak. Die Bundesrepublik Deutschland ist in diesen Staaten Konfliktpartei, obwohl keiner dieser Staaten die Bundesrepublik jemals angegriffen hat. Kriegswaffen und Munition deutscher R\u00fcstungsunternehmen tragen dort wie auch in vielen anderen Regionen der Welt zur Gewalteskalation bei.<\/p>\n<p>Auch deshalb steht Deutschland in der Pflicht, das Grundrecht auf Flucht und Schutz zu verteidigen. Wir unterst\u00fctzen den folgenden Aufruf daher zusammen mit zahlreichen anderen K\u00f6lner Organisationen.<\/p>\n<hr \/>\n<h4><strong>Aufnehmen statt Abschotten!<\/strong><\/h4>\n<p>Menschen ertrinken. Retter*innen werden kriminalisiert. Menschen werden an der Flucht gehindert, Schutz vor Krieg und Verfolgung ist nicht mehr sichergestellt. Die EU und Deutschland haben sich von der Geltung des Fl\u00fcchtlingsschutzes verabschiedet. Der Abschottung Europas, dem Versperren von Fluchtwegen und der Zusammenarbeit mit autorit\u00e4ren Regierungen fallen j\u00e4hrlich tausende Menschen zum Opfer.<\/p>\n<p>Gegen diese Politik der Abschottung stehen wir auf: Wir fordern sichere Fluchtwege. Wir setzen uns ein f\u00fcr das Grundrecht auf Flucht und Schutz. Wir fordern Bund und Land auf, das Angebot der Oberb\u00fcrgermeisterin sofort umzusetzen, Gefl\u00fcchtete aufzunehmen und K\u00f6ln zuzuweisen.<\/p>\n<h4><strong>Hierbleiben statt Abschieben!<\/strong><\/h4>\n<p>Abschiebungen in Kriegs- und Krisenregionen und rechtswidrige Abschiebungen sind kein Tabu mehr. Lager in Unrechtsstaaten sind geplant, Familienzusammenf\u00fchrung ist kaum mehr m\u00f6glich und das Kirchenasyl ist bedroht. Die Landesregierung NRW plant Lager, in denen Menschen 24 Monate ausgegrenzt werden.<\/p>\n<p>Diese Politik nehmen wir nicht hin: Wir fordern eine den Menschenrechten verpflichtete, rechtsstaatliche Fl\u00fcchtlingspolitik. Wir fordern: keine Abschiebungen aus K\u00f6ln und NRW. Wir fordern die gleichberechtigte Teilhabe und Partizipation gefl\u00fcchteter Menschen. Ihr Zugang zu Bildung, Arbeit, Gesundheit und menschenw\u00fcrdigem Wohnen muss sichergestellt sein. Wir fordern eine sofortige Umsetzung der Bleiberechtsinitiative und ein Bleiberecht f\u00fcr Geduldete in K\u00f6ln.<\/p>\n<h4><strong>Solidarit\u00e4t statt Hetze! <\/strong><\/h4>\n<p>Tag f\u00fcr Tag erleben wir die Angst der Menschen vor Abschiebung. Wir erleben die Zunahme rassistischer Hetze und Angriffe. Und wir erleben die Ausgrenzung gefl\u00fcchteter Menschen im Alltag.<\/p>\n<p>Der Hetze und Angstmache setzen wir das solidarische K\u00f6ln entgegen: Wir respektieren die angeborene W\u00fcrde und die gleichen und unver\u00e4u\u00dferlichen Rechte aller Menschen. Darum sind gefl\u00fcchtete Menschen Teil unserer Gesellschaft.<\/p>\n<p>Wir sind hier und wir sind viele. Wir engagieren uns tatkr\u00e4ftig und tagt\u00e4glich als Ehrenamtler*innen und Nachbar*innen, Mitsch\u00fcler*innen und Kommiliton*innen, Kolleg*innen und Fachpersonal, in Willkommensinitiativen, Migrant*inneneinrichtungen, Fl\u00fcchtlingsberatungsstellen, Kirchen und Gemeinden, Wohlfahrtsverb\u00e4nden, in Verwaltung, st\u00e4dtischen Einrichtungen und in der Arbeitswelt. Wir machen Solidarit\u00e4t selbst.<\/p>\n<h4><strong>Gemeinsam zeigt K\u00f6ln Haltung \u2013 f\u00fcr Aufnehmen, Hierbleiben, Solidarit\u00e4t!<\/strong><\/h4>\n<div class=\"page\" title=\"Page 1\">\n<div class=\"layoutArea\">\n<div class=\"column\">\n<p>K\u00f6ln zeigt Haltung ist ein breites B\u00fcndnis aus Willkommensinitiativen, zivilgesellschaftlichen Vereinen und Initiativen, kirchlichen und religi\u00f6sen Organisationen, Parteien, Gewerkschaften, Verb\u00e4nden und vielen Menschen in K\u00f6ln und anderswo.<\/p>\n<hr \/>\n<p>Der Aufruf kann <a href=\"http:\/\/koelnzeigthaltung.org\/koeln\">hier<\/a> unterst\u00fctzt werden.<\/p>\n<\/div>\n<\/div>\n<\/div>\n","protected":false},"excerpt":{"rendered":"<p>Wir laden herzlich zur Unterst\u00fctzung des Aufrufs &#8222;K\u00f6ln zeigt Haltung: Aufnehmen, Hierbleiben, Solidarit\u00e4t!&#8220; und zur Kundgebung am 16. September 2018, 14 Uhr, Roncalliplatz K\u00f6ln, ein. Wir verleihen unsere Flaggen (&#8222;DFG-VK&#8220; oder &#8222;Pace&#8220;) und Transparente&#46;&#46;&#46;<\/p>\n","protected":false},"author":110,"featured_media":0,"comment_status":"open","ping_status":"open","sticky":false,"template":"","format":"standard","meta":{"footnotes":""},"categories":[2,104,116],"tags":[118,117,29],"class_list":["post-12725","post","type-post","status-publish","format-standard","hentry","category-aktionen","category-ankuendigung","category-aufruf","tag-asyl","tag-flucht","tag-solidaritat"],"_links":{"self":[{"href":"https:\/\/www.friedenkoeln.de\/index.php?rest_route=\/wp\/v2\/posts\/12725","targetHints":{"allow":["GET"]}}],"collection":[{"href":"https:\/\/www.friedenkoeln.de\/index.php?rest_route=\/wp\/v2\/posts"}],"about":[{"href":"https:\/\/www.friedenkoeln.de\/index.php?rest_route=\/wp\/v2\/types\/post"}],"author":[{"embeddable":true,"href":"https:\/\/www.friedenkoeln.de\/index.php?rest_route=\/wp\/v2\/users\/110"}],"replies":[{"embeddable":true,"href":"https:\/\/www.friedenkoeln.de\/index.php?rest_route=%2Fwp%2Fv2%2Fcomments&post=12725"}],"version-history":[{"count":3,"href":"https:\/\/www.friedenkoeln.de\/index.php?rest_route=\/wp\/v2\/posts\/12725\/revisions"}],"predecessor-version":[{"id":12729,"href":"https:\/\/www.friedenkoeln.de\/index.php?rest_route=\/wp\/v2\/posts\/12725\/revisions\/12729"}],"wp:attachment":[{"href":"https:\/\/www.friedenkoeln.de\/index.php?rest_route=%2Fwp%2Fv2%2Fmedia&parent=12725"}],"wp:term":[{"taxonomy":"category","embeddable":true,"href":"https:\/\/www.friedenkoeln.de\/index.php?rest_route=%2Fwp%2Fv2%2Fcategories&post=12725"},{"taxonomy":"post_tag","embeddable":true,"href":"https:\/\/www.friedenkoeln.de\/index.php?rest_route=%2Fwp%2Fv2%2Ftags&post=12725"}],"curies":[{"name":"wp","href":"https:\/\/api.w.org\/{rel}","templated":true}]}}