{"id":12733,"date":"2018-09-10T11:53:43","date_gmt":"2018-09-10T09:53:43","guid":{"rendered":"http:\/\/www.friedenkoeln.de\/?p=12733"},"modified":"2018-10-03T23:19:45","modified_gmt":"2018-10-03T21:19:45","slug":"stoppt-kohle-in-koeln","status":"publish","type":"post","link":"https:\/\/www.friedenkoeln.de\/?p=12733","title":{"rendered":"Stoppt Kohle in K\u00f6ln"},"content":{"rendered":"<p><img loading=\"lazy\" decoding=\"async\" class=\"alignnone size-full wp-image-12734\" src=\"http:\/\/www.friedenkoeln.de\/wp-content\/uploads\/2018\/09\/Redline-Alter-Markt-8-9-18-c.jpg\" alt=\"\" width=\"1625\" height=\"914\" srcset=\"https:\/\/www.friedenkoeln.de\/wp-content\/uploads\/2018\/09\/Redline-Alter-Markt-8-9-18-c.jpg 1625w, https:\/\/www.friedenkoeln.de\/wp-content\/uploads\/2018\/09\/Redline-Alter-Markt-8-9-18-c-150x84.jpg 150w, https:\/\/www.friedenkoeln.de\/wp-content\/uploads\/2018\/09\/Redline-Alter-Markt-8-9-18-c-768x432.jpg 768w\" sizes=\"auto, (max-width: 1625px) 100vw, 1625px\" \/><\/p>\n<p>Unbeachtet von den Leitmedien folgten ca. 300 K\u00f6lner am 8.9. 18 dem Aufruf zur Red-Line-Aktion auf dem Alter Markt.<\/p>\n<p>Von der Stadt K\u00f6ln wurde gefordert, sich von den RWE-Aktien zu trennen, das Heizkraftwerk in Niehl mit Gas statt Kohle zu betreiben und sich von dem Kohlekraftwerk der Rheinenergie in den neuen L\u00e4ndern zu verabschieden.<\/p>\n<p>\u00dcber die Polizeirepressionen gegen die Besetzer des Hambacher Forsts wurde informiert und zur Unterst\u00fctzung der Waldsch\u00fctzer aufgefordert.<\/p>\n<p>Der Aufruf zur Aktion findet sich <a href=\"http:\/\/www.friedenkoeln.de\/wp-content\/uploads\/2018\/09\/K\u00f6ln-Stopp-Kohle.odt\">hier<\/a>.<\/p>\n<p><strong>Weitere Informationen:<\/strong><\/p>\n<p>Aufruf und Hinweise zur Demonstration am 6. 10.: <a href=\"https:\/\/www.stop-kohle.de\/\">https:\/\/www.stop-kohle.de\/<\/a><\/p>\n<p>Aufruf zum weltweiten Aktionstag: <a href=\"https:\/\/riseforclimate.org\/\">https:\/\/riseforclimate.org\/<\/a><\/p>\n<p>Kohle-Abschaltplan des BUND: <a href=\"https:\/\/www.bund.net\/kohle\/kohle-ausstieg\/\">https:\/\/www.bund.net\/kohle\/kohle-ausstieg\/<\/a><\/p>\n<p>Demonstration der Umweldverb\u00e4nde am Hambacher Forst am 14. 10. 18: <a href=\"https:\/\/www.bund.net\/service\/presse\/pressemitteilungen\/detail\/news\/wald-retten-kohle-stoppen-demo-am-14-oktober-2018-umweltverbaende-rufen-zu-protest-gegen-die-rodu\/news-topic\/klimawandel\/\">https:\/\/www.bund.net\/service\/presse\/pressemitteilungen\/detail\/news\/wald-retten-kohle-stoppen-demo-am-14-oktober-2018-umweltverbaende-rufen-zu-protest-gegen-die-rodu\/news-topic\/klimawandel\/<\/a><\/p>\n<p>Tsch\u00f6 Rheinenergie: <a href=\"http:\/\/www.tschoe-rheinenergie.de\/\">http:\/\/www.tschoe-rheinenergie.de\/<\/a><\/p>\n<p>Apell: Hambacher Wald retten statt roden: <a href=\"https:\/\/aktion.campact.de\/kohleaus\/hambach-appell\/teilnehmen\">https:\/\/aktion.campact.de\/kohleaus\/hambach-appell\/teilnehmen<\/a><\/p>\n<p>Portal zum Einstieg ins Thema &#8222;Hambacher Forst&#8220;:<a href=\"http:\/\/verheizte-heimat.de\/\"> http:\/\/verheizte-heimat.de\/<\/a><\/p>\n<p>Waldspaziergang mit Michael Zobel: <a href=\"http:\/\/verheizte-heimat.de\/event\/waldspaziergang-im-hambacher-forst\/2018-09-16\/\">http:\/\/verheizte-heimat.de\/event\/waldspaziergang-im-hambacher-forst\/2018-09-16\/\u00a0<\/a><\/p>\n<p>Weitere Infos zum Waldspaziergang: <a href=\"https:\/\/www.facebook.com\/events\/905046346355591\/\">https:\/\/www.facebook.com\/events\/905046346355591\/<\/a><\/p>\n<p>Anmeldungen unter <a class=\"ox-406a1317ae-mailto-link mailto-link\" href=\"mailto:info@zobel-natur.de\">info@zobel-natur.de<\/a><\/p>\n<p>Hambi bleibt!: <a href=\"https:\/\/hambacherforst.org\/\">https:\/\/hambacherforst.org\/<\/a><\/p>\n<p>Aktion Unterholz: <a href=\"http:\/\/aktion-unterholz.org\/\">http:\/\/aktion-unterholz.org\/<\/a><\/p>\n<p>Ende Gel\u00e4nde: <a href=\"https:\/\/www.ende-gelaende.org\/de\/\">https:\/\/www.ende-gelaende.org\/de\/<\/a><\/p>\n<p>Aktion &#8222;Aufb\u00e4umen gegen Kohle&#8220;: <a href=\"https:\/\/aufbaeumengegenkohle.de\/\">https:\/\/aufbaeumengegenkohle.de\/<\/a><\/p>\n<p>Brief an B\u00fcrgermeisterInnen zu schreiben:<a href=\"http:\/\/www.friedenkoeln.de\/wp-content\/uploads\/2018\/09\/HambacherWald_Brief-an-OBs_180902.doc\"> http:\/\/www.friedenkoeln.de\/wp-content\/uploads\/2018\/09\/HambacherWald_Brief-an-OBs_180902.doc<\/a><\/p>\n<p><img loading=\"lazy\" decoding=\"async\" class=\"alignnone wp-image-12735\" src=\"http:\/\/www.friedenkoeln.de\/wp-content\/uploads\/2018\/09\/Redline-Alter-Markt-8-9-18-a.jpg\" alt=\"\" width=\"535\" height=\"301\" srcset=\"https:\/\/www.friedenkoeln.de\/wp-content\/uploads\/2018\/09\/Redline-Alter-Markt-8-9-18-a.jpg 1625w, https:\/\/www.friedenkoeln.de\/wp-content\/uploads\/2018\/09\/Redline-Alter-Markt-8-9-18-a-150x84.jpg 150w, https:\/\/www.friedenkoeln.de\/wp-content\/uploads\/2018\/09\/Redline-Alter-Markt-8-9-18-a-768x432.jpg 768w\" sizes=\"auto, (max-width: 535px) 100vw, 535px\" \/> <img loading=\"lazy\" decoding=\"async\" class=\"alignnone wp-image-12736\" src=\"http:\/\/www.friedenkoeln.de\/wp-content\/uploads\/2018\/09\/Redline-Alter-Markt-8-9-18-b.jpg\" alt=\"\" width=\"537\" height=\"302\" srcset=\"https:\/\/www.friedenkoeln.de\/wp-content\/uploads\/2018\/09\/Redline-Alter-Markt-8-9-18-b.jpg 1625w, https:\/\/www.friedenkoeln.de\/wp-content\/uploads\/2018\/09\/Redline-Alter-Markt-8-9-18-b-150x84.jpg 150w, https:\/\/www.friedenkoeln.de\/wp-content\/uploads\/2018\/09\/Redline-Alter-Markt-8-9-18-b-768x432.jpg 768w\" sizes=\"auto, (max-width: 537px) 100vw, 537px\" \/><\/p>\n<p><img loading=\"lazy\" decoding=\"async\" class=\"alignnone size-full wp-image-12737\" src=\"http:\/\/www.friedenkoeln.de\/wp-content\/uploads\/2018\/09\/Redline-Alter-Markt-8-9-18-d.jpg\" alt=\"\" width=\"1625\" height=\"914\" srcset=\"https:\/\/www.friedenkoeln.de\/wp-content\/uploads\/2018\/09\/Redline-Alter-Markt-8-9-18-d.jpg 1625w, https:\/\/www.friedenkoeln.de\/wp-content\/uploads\/2018\/09\/Redline-Alter-Markt-8-9-18-d-150x84.jpg 150w, https:\/\/www.friedenkoeln.de\/wp-content\/uploads\/2018\/09\/Redline-Alter-Markt-8-9-18-d-768x432.jpg 768w\" sizes=\"auto, (max-width: 1625px) 100vw, 1625px\" \/><\/p>\n<p style=\"text-align: right;\">Harald Fuchs<\/p>\n","protected":false},"excerpt":{"rendered":"<p>Unbeachtet von den Leitmedien folgten ca. 300 K\u00f6lner am 8.9. 18 dem Aufruf zur Red-Line-Aktion auf dem Alter Markt. Von der Stadt K\u00f6ln wurde gefordert, sich von den RWE-Aktien zu trennen, das Heizkraftwerk in&#46;&#46;&#46;<\/p>\n","protected":false},"author":110,"featured_media":0,"comment_status":"open","ping_status":"open","sticky":false,"template":"","format":"standard","meta":{"footnotes":""},"categories":[2],"tags":[36],"class_list":["post-12733","post","type-post","status-publish","format-standard","hentry","category-aktionen","tag-oekologie-und-frieden"],"_links":{"self":[{"href":"https:\/\/www.friedenkoeln.de\/index.php?rest_route=\/wp\/v2\/posts\/12733","targetHints":{"allow":["GET"]}}],"collection":[{"href":"https:\/\/www.friedenkoeln.de\/index.php?rest_route=\/wp\/v2\/posts"}],"about":[{"href":"https:\/\/www.friedenkoeln.de\/index.php?rest_route=\/wp\/v2\/types\/post"}],"author":[{"embeddable":true,"href":"https:\/\/www.friedenkoeln.de\/index.php?rest_route=\/wp\/v2\/users\/110"}],"replies":[{"embeddable":true,"href":"https:\/\/www.friedenkoeln.de\/index.php?rest_route=%2Fwp%2Fv2%2Fcomments&post=12733"}],"version-history":[{"count":10,"href":"https:\/\/www.friedenkoeln.de\/index.php?rest_route=\/wp\/v2\/posts\/12733\/revisions"}],"predecessor-version":[{"id":12843,"href":"https:\/\/www.friedenkoeln.de\/index.php?rest_route=\/wp\/v2\/posts\/12733\/revisions\/12843"}],"wp:attachment":[{"href":"https:\/\/www.friedenkoeln.de\/index.php?rest_route=%2Fwp%2Fv2%2Fmedia&parent=12733"}],"wp:term":[{"taxonomy":"category","embeddable":true,"href":"https:\/\/www.friedenkoeln.de\/index.php?rest_route=%2Fwp%2Fv2%2Fcategories&post=12733"},{"taxonomy":"post_tag","embeddable":true,"href":"https:\/\/www.friedenkoeln.de\/index.php?rest_route=%2Fwp%2Fv2%2Ftags&post=12733"}],"curies":[{"name":"wp","href":"https:\/\/api.w.org\/{rel}","templated":true}]}}