{"id":12765,"date":"2018-09-12T10:47:23","date_gmt":"2018-09-12T08:47:23","guid":{"rendered":"http:\/\/www.friedenkoeln.de\/?p=12765"},"modified":"2018-09-12T10:47:23","modified_gmt":"2018-09-12T08:47:23","slug":"stoppt-den-krieg-in-syrien-verhandeln-ist-das-gebot-der-stunde-keine-weitere-deutsche-kriegsbeteiligung","status":"publish","type":"post","link":"https:\/\/www.friedenkoeln.de\/?p=12765","title":{"rendered":"Stoppt den Krieg in Syrien \u2013 verhandeln ist das Gebot der Stunde \u2013 keine weitere deutsche Kriegsbeteiligung"},"content":{"rendered":"<p>Die &#8222;NaturwissenschaftlerInnen-Initiative\u00a0Verantwortung f\u00fcr Frieden und Zukunftsf\u00e4higkeit e. V.&#8220; verurteilt in ihrer folgenden Pressemitteilung vom 11. September 2018 die \u00dcberlegungen von Teilen der Bundesregierung zu einem Bundeswehreinsatz gegen die syrische Armee.<\/p>\n<hr \/>\n<p><img loading=\"lazy\" decoding=\"async\" class=\"size-full wp-image-12767 alignright\" src=\"http:\/\/www.friedenkoeln.de\/wp-content\/uploads\/2018\/09\/cropped-NatWissLogo.png\" alt=\"\" width=\"240\" height=\"154\" srcset=\"https:\/\/www.friedenkoeln.de\/wp-content\/uploads\/2018\/09\/cropped-NatWissLogo.png 240w, https:\/\/www.friedenkoeln.de\/wp-content\/uploads\/2018\/09\/cropped-NatWissLogo-150x96.png 150w, https:\/\/www.friedenkoeln.de\/wp-content\/uploads\/2018\/09\/cropped-NatWissLogo-80x50.png 80w\" sizes=\"auto, (max-width: 240px) 100vw, 240px\" \/>Angesichts der dramatischen Versch\u00e4rfung des Krieges in Syrien, der durch die verst\u00e4rkte Beteiligung aller Gro\u00dfm\u00e4chte auch zu einem Weltbrand ausarten kann, fordert die NaturwissenschaftlerInnen-Initiative erneut: sofortigen Waffenstillstand und Verhandlungen in Astana und Genf.<\/p>\n<p>Sie wendet sich mit Entschiedenheit gegen eine weitere v\u00f6lkerrechtswidrige Beteiligung an den Luftangriffen in Syrien. Die \u00dcberlegungen in der Bundesregierung und den Jamaika Parteien sind erwiesenerma\u00dfen v\u00f6lkerrechts- und verfassungswidrig.\u00a0<b>Auch der wissenschaftliche Dienst des Bundestages hat festgestellt:\u00a0&#8222;Im Ergebnis w\u00e4re eine etwaige Beteiligung der Bundeswehr an einer Repressalie der Alliierten in Syrien in Form von &#8222;Vergeltungsschl\u00e4gen&#8220; gegen Giftgas-Fazilit\u00e4ten v\u00f6lkerrechts- und verfassungswidrig\u201c.\u00a0<\/b><\/p>\n<p>Jeder Chemiewaffeneinsatz verst\u00f6\u00dft fundamental gegen die UN Charta und den Chemiewaffenverbotsvertrag. Die Anklage eines Landes ohne Beweise ist eine Feindbildprojektion, die das eigene v\u00f6lkerrechtswidrige Handeln legitimieren soll. Die NATO-Staaten haben durch ihr v\u00f6lkerrechtswidriges Verhalten \u00a0im\u00a0Irak, in Jugoslawien, Libyen und Syrien jegliche Glaubw\u00fcrdigkeit verloren. \u201eJeder Krieg beginnt mit einer L\u00fcge\u201c hat es Bertold Brecht genannt.<\/p>\n<p>Frieden verlangt ein Ende der K\u00e4mpfe und ein umfassendes Aufbauprogramm. Hieran soll sich die Bundesregierung durch K\u00fcrzung des R\u00fcstungshaushaltes massiv beteiligen.<\/p>\n<p>Das T\u00f6ten muss gestoppt werden, die weitere Aufr\u00fcstung zu neuen Kriegen verhindert werden.<\/p>\n<p>Sollte es erneut zu einer v\u00f6lkerrechtswidrigen Beteiligung der Bundesregierung an einem Kriegseinsatz kommen, ruft die NaturwissenschaftlerInnen-Initiative zum Protest auf den Stra\u00dfen und Pl\u00e4tzen auf.<\/p>\n<p><b>Aufruf unterzeichnen: <a href=\"https:\/\/abruesten.jetzt\/\">abr\u00fcsten statt aufr\u00fcsten<\/a><\/b><\/p>\n<p><b>NaturwissenschaftlerInnen-Initiative f\u00fcr Frieden und Zukunftsf\u00e4higkeit<\/b><\/p>\n<p>Marienstr. 19\/20 \u00b7 10117 Berlin<\/p>\n","protected":false},"excerpt":{"rendered":"<p>Die &#8222;NaturwissenschaftlerInnen-Initiative\u00a0Verantwortung f\u00fcr Frieden und Zukunftsf\u00e4higkeit e. V.&#8220; verurteilt in ihrer folgenden Pressemitteilung vom 11. September 2018 die \u00dcberlegungen von Teilen der Bundesregierung zu einem Bundeswehreinsatz gegen die syrische Armee. Angesichts der dramatischen Versch\u00e4rfung&#46;&#46;&#46;<\/p>\n","protected":false},"author":110,"featured_media":0,"comment_status":"open","ping_status":"open","sticky":false,"template":"","format":"standard","meta":{"footnotes":""},"categories":[106,87],"tags":[42,90,94,91],"class_list":["post-12765","post","type-post","status-publish","format-standard","hentry","category-analyse","category-pressemitteilung","tag-abruestung","tag-friedensverhandlung","tag-nato","tag-voelkerrecht"],"_links":{"self":[{"href":"https:\/\/www.friedenkoeln.de\/index.php?rest_route=\/wp\/v2\/posts\/12765","targetHints":{"allow":["GET"]}}],"collection":[{"href":"https:\/\/www.friedenkoeln.de\/index.php?rest_route=\/wp\/v2\/posts"}],"about":[{"href":"https:\/\/www.friedenkoeln.de\/index.php?rest_route=\/wp\/v2\/types\/post"}],"author":[{"embeddable":true,"href":"https:\/\/www.friedenkoeln.de\/index.php?rest_route=\/wp\/v2\/users\/110"}],"replies":[{"embeddable":true,"href":"https:\/\/www.friedenkoeln.de\/index.php?rest_route=%2Fwp%2Fv2%2Fcomments&post=12765"}],"version-history":[{"count":2,"href":"https:\/\/www.friedenkoeln.de\/index.php?rest_route=\/wp\/v2\/posts\/12765\/revisions"}],"predecessor-version":[{"id":12768,"href":"https:\/\/www.friedenkoeln.de\/index.php?rest_route=\/wp\/v2\/posts\/12765\/revisions\/12768"}],"wp:attachment":[{"href":"https:\/\/www.friedenkoeln.de\/index.php?rest_route=%2Fwp%2Fv2%2Fmedia&parent=12765"}],"wp:term":[{"taxonomy":"category","embeddable":true,"href":"https:\/\/www.friedenkoeln.de\/index.php?rest_route=%2Fwp%2Fv2%2Fcategories&post=12765"},{"taxonomy":"post_tag","embeddable":true,"href":"https:\/\/www.friedenkoeln.de\/index.php?rest_route=%2Fwp%2Fv2%2Ftags&post=12765"}],"curies":[{"name":"wp","href":"https:\/\/api.w.org\/{rel}","templated":true}]}}