{"id":12769,"date":"2018-09-12T11:03:29","date_gmt":"2018-09-12T09:03:29","guid":{"rendered":"http:\/\/www.friedenkoeln.de\/?p=12769"},"modified":"2018-09-12T11:03:29","modified_gmt":"2018-09-12T09:03:29","slug":"kampagne-macht-frieden-zivile-loesungen-fuer-syrien-keine-beteiligung-deutschlands-an-luftangriffen-in-syrien","status":"publish","type":"post","link":"https:\/\/www.friedenkoeln.de\/?p=12769","title":{"rendered":"Kampagne &#8222;MACHT FRIEDEN. Zivile L\u00f6sungen f\u00fcr Syrien&#8220;: Keine Beteiligung Deutschlands an Luftangriffen in Syrien!"},"content":{"rendered":"<p>Es folgt die heutige Pressemitteilung der Kampagne\u00a0\u201eMACHT FRIEDEN. Zivile L\u00f6sungen f\u00fcr Syrien\u201c.<\/p>\n<hr \/>\n<p>Berlin\/Bonn. &#8211; Die Kampagne \u201eMACHT FRIEDEN. Zivile L\u00f6sungen f\u00fcr Syrien\u201c nimmt die j\u00fcngsten Aussagen von Verteidigungsministerin Ursula von der Leyen entsetzt zur Kenntnis. Laut Medienberichten erw\u00e4gt von der Leyen im Falle eines Giftgaseinsatzes durch die syrische Regierung eine aktive Beteiligung Deutschlands an sogenannten Vergeltungsschl\u00e4gen in Syrien. Umso mehr begr\u00fc\u00dft die Kampagne die Ank\u00fcndigung der SPD, einer Beteiligung Deutschlands an derartigen Milit\u00e4rschl\u00e4gen in Syrien weder in der Regierung noch im Parlament zustimmen zu wollen.<\/p>\n<p><img loading=\"lazy\" decoding=\"async\" class=\" wp-image-10803 alignright\" src=\"http:\/\/www.friedenkoeln.de\/wp-content\/uploads\/2017\/05\/logo-machtfrieden-bunt_0.jpg\" alt=\"\" width=\"544\" height=\"194\" srcset=\"https:\/\/www.friedenkoeln.de\/wp-content\/uploads\/2017\/05\/logo-machtfrieden-bunt_0.jpg 805w, https:\/\/www.friedenkoeln.de\/wp-content\/uploads\/2017\/05\/logo-machtfrieden-bunt_0-768x274.jpg 768w\" sizes=\"auto, (max-width: 544px) 100vw, 544px\" \/>Die Lage in den Regionen Idlib und Hama ist seit Wochen angespannt. Viele Zivilist*innen sind den Luftangriffen der syrischen und russischen Armee bereits zum Opfer gefallen. Zus\u00e4tzliche Angriffe aus der Luft werden nicht zum Schutz der Bev\u00f6lkerung beitragen, sondern das Leid der Menschen vor Ort weiter verst\u00e4rken.<\/p>\n<p>Vor dem Hintergrund, dass der Wissenschaftliche Dienst des Bundestages die Milit\u00e4rschl\u00e4ge der USA, Gro\u00dfbritanniens und Frankreichs als Reaktion auf den mutma\u00dflichen Giftgaseinsatz der syrischen Regierung im April 2018 als v\u00f6lkerrechtswidrig eingestuft hatte und in einem weiteren Gutachten vom Montag au\u00dferdem die Verfassungswidrigkeit derartiger Vergeltungsschl\u00e4ge feststellt, ist die Erw\u00e4gung des Verteidigungsministeriums, sich aktiv zu beteiligen, nicht nachvollziehbar. Der mutma\u00dfliche Einsatz von Giftgas durch die syrische Regierung, der als Rechtfertigung f\u00fcr die Luftschl\u00e4ge der USA und ihrer Verb\u00fcndeten diente, konnte von der OPCW bis heute nicht nachgewiesen werden. Eine Seite behauptet die Vorbereitung der Vort\u00e4uschung eines Giftgaseinsatzes, die andere droht f\u00fcr den Fall des Einsatzes chemischer Kampfstoffe mit milit\u00e4rischer Intervention.<\/p>\n<blockquote><p>Die Bundesregierung darf nicht zur Eskalation des Konfliktes beitragen,<\/p><\/blockquote>\n<p>erkl\u00e4rt Campaignerin Kathi M\u00fcller und erg\u00e4nzt:<\/p>\n<blockquote><p>Deutschland kann etwas zum Schutz der syrischen Bev\u00f6lkerung beitragen, indem es Milit\u00e4rschl\u00e4ge der eigenen B\u00fcndnispartner verhindert, nicht indem es sich an solchen beteiligt.<\/p><\/blockquote>\n<p>Die Kampagne bedauert, dass sich einzelne Bundestagsabgeordnete bereits f\u00fcr eine Beteiligung der Bundeswehr an Milit\u00e4rschl\u00e4gen ausgesprochen haben. Besonders paradox sind dabei die Stimmen aus der Partei B\u00fcndnis 90\/Die Gr\u00fcnen, die nach den Luftangriffen der USA, Gro\u00dfbritanniens und Frankreichs im April 2018 die Einhaltung des V\u00f6lkerrechts und die Aufkl\u00e4rung von Kriegsverbrechen in Syrien eingefordert hatten.<\/p>\n<blockquote><p>Wie passt die Verurteilung der Angriffe im April mit der Zustimmung zu k\u00fcnftigen m\u00f6glichen Milit\u00e4rschl\u00e4ge zusammen?<\/p><\/blockquote>\n<p>fragt M\u00fcller und erkl\u00e4rt weiter:<\/p>\n<blockquote><p>Die Ausgangslage ist die gleiche.<\/p><\/blockquote>\n<p>Die Kampagne schlie\u00dft sich den Forderungen Papst Franziskus&#8216; an, der vor einem Milit\u00e4rschlag gegen die syrische Regierung warnt und alle Konfliktparteien dazu aufruft, Menschenrechte zu achten und die Sicherheit der Zivilbev\u00f6lkerung in Idlib zu wahren. Wir appellieren an die Bundesregierung und die Bundestagsabgeordneten, nach konstruktiven L\u00f6sungen f\u00fcr den Konflikt in Syrien zu suchen. Deutsche Politiker*innen m\u00fcssen sich f\u00fcr den Einsatz gewaltfreier und ziviler Mittel zum Stopp der Gewalt einsetzen. Statt v\u00f6lkerrechtswidrige Milit\u00e4rschl\u00e4ge zu erw\u00e4gen sollte die Bundesregierung nachhaltige Friedensprozesse f\u00f6rdern und in den Wiederaufbau des Landes investieren.<\/p>\n<p><em>Die Kampagne &#8222;MACHT FRIEDEN. Zivile L\u00f6sungen f\u00fcr Syrien&#8220; wird getragen von 25 Organisationen und Gruppen der deutschen Friedensbewegung, darunter die IPPNW, die DFG-VK, das Netzwerk Friedenskooperative, der Vers\u00f6hnungsbund und pax christi. <a tabindex=\"-1\" title=\"Tr\u00e4gerkreis\" href=\"http:\/\/www.macht-frieden.de\/informieren\/traegerinnenkreis\" target=\"_blank\" rel=\"noopener\">Hier<\/a> finden Sie mehr Informationen \u00fcber die Kampagne und die beteiligten <strong>Tr\u00e4gerorganisationen<\/strong>.<\/em><\/p>\n<p><em><a tabindex=\"-1\" title=\"Forderungen\" href=\"http:\/\/www.macht-frieden.de\/sites\/default\/files\/inline-files\/MACHT_FRIEDEN_Forderungspapier_Maerz_2017.pdf\" target=\"_blank\" rel=\"noopener\">Hier<\/a> finden Sie die generellen <strong>Forderungen <\/strong>der Kampagne sowie konkrete Vorschl\u00e4ge f\u00fcr zivile L\u00f6sungsans\u00e4tze im Syrienkonflikt.<\/em><\/p>\n<p><em><a tabindex=\"-1\" title=\"Pressefotos\" href=\"https:\/\/www.flickr.com\/photos\/friekoop\/sets\/72157677675393214\" target=\"_blank\" rel=\"noopener\">Hier<\/a> finden Sie<strong> Pressefotos <\/strong>zu Ihrer freien Verf\u00fcgung.<\/em><\/p>\n","protected":false},"excerpt":{"rendered":"<p>Es folgt die heutige Pressemitteilung der Kampagne\u00a0\u201eMACHT FRIEDEN. Zivile L\u00f6sungen f\u00fcr Syrien\u201c. Berlin\/Bonn. &#8211; Die Kampagne \u201eMACHT FRIEDEN. Zivile L\u00f6sungen f\u00fcr Syrien\u201c nimmt die j\u00fcngsten Aussagen von Verteidigungsministerin Ursula von der Leyen entsetzt zur&#46;&#46;&#46;<\/p>\n","protected":false},"author":110,"featured_media":0,"comment_status":"open","ping_status":"open","sticky":false,"template":"","format":"standard","meta":{"footnotes":""},"categories":[106,87],"tags":[68,48,90,91,4],"class_list":["post-12769","post","type-post","status-publish","format-standard","hentry","category-analyse","category-pressemitteilung","tag-bundesregierung","tag-bundeswehr","tag-friedensverhandlung","tag-voelkerrecht","tag-zivile-konfliktloesung"],"_links":{"self":[{"href":"https:\/\/www.friedenkoeln.de\/index.php?rest_route=\/wp\/v2\/posts\/12769","targetHints":{"allow":["GET"]}}],"collection":[{"href":"https:\/\/www.friedenkoeln.de\/index.php?rest_route=\/wp\/v2\/posts"}],"about":[{"href":"https:\/\/www.friedenkoeln.de\/index.php?rest_route=\/wp\/v2\/types\/post"}],"author":[{"embeddable":true,"href":"https:\/\/www.friedenkoeln.de\/index.php?rest_route=\/wp\/v2\/users\/110"}],"replies":[{"embeddable":true,"href":"https:\/\/www.friedenkoeln.de\/index.php?rest_route=%2Fwp%2Fv2%2Fcomments&post=12769"}],"version-history":[{"count":2,"href":"https:\/\/www.friedenkoeln.de\/index.php?rest_route=\/wp\/v2\/posts\/12769\/revisions"}],"predecessor-version":[{"id":12771,"href":"https:\/\/www.friedenkoeln.de\/index.php?rest_route=\/wp\/v2\/posts\/12769\/revisions\/12771"}],"wp:attachment":[{"href":"https:\/\/www.friedenkoeln.de\/index.php?rest_route=%2Fwp%2Fv2%2Fmedia&parent=12769"}],"wp:term":[{"taxonomy":"category","embeddable":true,"href":"https:\/\/www.friedenkoeln.de\/index.php?rest_route=%2Fwp%2Fv2%2Fcategories&post=12769"},{"taxonomy":"post_tag","embeddable":true,"href":"https:\/\/www.friedenkoeln.de\/index.php?rest_route=%2Fwp%2Fv2%2Ftags&post=12769"}],"curies":[{"name":"wp","href":"https:\/\/api.w.org\/{rel}","templated":true}]}}