{"id":12791,"date":"2018-09-23T18:46:32","date_gmt":"2018-09-23T16:46:32","guid":{"rendered":"http:\/\/www.friedenkoeln.de\/?p=12791"},"modified":"2018-09-23T18:47:06","modified_gmt":"2018-09-23T16:47:06","slug":"die-ausgewogenheit-der-deutschen-aussenpolitik","status":"publish","type":"post","link":"https:\/\/www.friedenkoeln.de\/?p=12791","title":{"rendered":"Klaus Stuttmann: &#8222;Die Ausgewogenheit der deutschen Au\u00dfenpolitik&#8220;"},"content":{"rendered":"<div id=\"attachment_12792\" style=\"width: 1000px\" class=\"wp-caption alignnone\"><img loading=\"lazy\" decoding=\"async\" aria-describedby=\"caption-attachment-12792\" class=\"size-full wp-image-12792\" src=\"http:\/\/www.friedenkoeln.de\/wp-content\/uploads\/2018\/09\/ausgewogenheit_kol.jpg\" alt=\"Zu sehen sind kriegszerschossene Hausruinen, Fahrr\u00e4der, Autos und ein Teddyb\u00e4r mit kreuz und quer fliegenden Geschossen und Raketen. Im Vordergrund steht auf einem Schild &quot;Jemen&quot;. Die Geschosse sind s\u00e4mtlich mit Hinweisen &quot;Made in Germany&quot; gekennzeichnet.\" width=\"990\" height=\"691\" srcset=\"https:\/\/www.friedenkoeln.de\/wp-content\/uploads\/2018\/09\/ausgewogenheit_kol.jpg 990w, https:\/\/www.friedenkoeln.de\/wp-content\/uploads\/2018\/09\/ausgewogenheit_kol-150x105.jpg 150w, https:\/\/www.friedenkoeln.de\/wp-content\/uploads\/2018\/09\/ausgewogenheit_kol-768x536.jpg 768w\" sizes=\"auto, (max-width: 990px) 100vw, 990px\" \/><p id=\"caption-attachment-12792\" class=\"wp-caption-text\">Die Ausgewogenheit der deutschen Au\u00dfenpolitik. Karikatur (Copyright): Klaus Stuttmann.<\/p><\/div>\n<p>Wir bedanken uns bei Klaus Stuttmann, der in seiner Karikatur die verr\u00fcckte und finstere Realit\u00e4t im Jemenkrieg besser erkl\u00e4rt als es die \u00fcblichen Nachrichten oft tun.<\/p>\n<p>Die <a href=\"http:\/\/www.aufschrei-waffenhandel.de\">Aktion Aufschrei &#8211; Stoppt den Waffenhandel!<\/a> bietet Hintergrundinfos und M\u00f6glichkeiten zum Mitmachen.<\/p>\n","protected":false},"excerpt":{"rendered":"<p>Wir bedanken uns bei Klaus Stuttmann, der in seiner Karikatur die verr\u00fcckte und finstere Realit\u00e4t im Jemenkrieg besser erkl\u00e4rt als es die \u00fcblichen Nachrichten oft tun. Die Aktion Aufschrei &#8211; Stoppt den Waffenhandel! bietet&#46;&#46;&#46;<\/p>\n","protected":false},"author":110,"featured_media":0,"comment_status":"open","ping_status":"open","sticky":false,"template":"","format":"standard","meta":{"footnotes":""},"categories":[107],"tags":[9,37,41,71],"class_list":["post-12791","post","type-post","status-publish","format-standard","hentry","category-kommentar","tag-frieden-und-kunst","tag-ruestungsexporte","tag-satire","tag-waffenhandel"],"_links":{"self":[{"href":"https:\/\/www.friedenkoeln.de\/index.php?rest_route=\/wp\/v2\/posts\/12791","targetHints":{"allow":["GET"]}}],"collection":[{"href":"https:\/\/www.friedenkoeln.de\/index.php?rest_route=\/wp\/v2\/posts"}],"about":[{"href":"https:\/\/www.friedenkoeln.de\/index.php?rest_route=\/wp\/v2\/types\/post"}],"author":[{"embeddable":true,"href":"https:\/\/www.friedenkoeln.de\/index.php?rest_route=\/wp\/v2\/users\/110"}],"replies":[{"embeddable":true,"href":"https:\/\/www.friedenkoeln.de\/index.php?rest_route=%2Fwp%2Fv2%2Fcomments&post=12791"}],"version-history":[{"count":3,"href":"https:\/\/www.friedenkoeln.de\/index.php?rest_route=\/wp\/v2\/posts\/12791\/revisions"}],"predecessor-version":[{"id":12795,"href":"https:\/\/www.friedenkoeln.de\/index.php?rest_route=\/wp\/v2\/posts\/12791\/revisions\/12795"}],"wp:attachment":[{"href":"https:\/\/www.friedenkoeln.de\/index.php?rest_route=%2Fwp%2Fv2%2Fmedia&parent=12791"}],"wp:term":[{"taxonomy":"category","embeddable":true,"href":"https:\/\/www.friedenkoeln.de\/index.php?rest_route=%2Fwp%2Fv2%2Fcategories&post=12791"},{"taxonomy":"post_tag","embeddable":true,"href":"https:\/\/www.friedenkoeln.de\/index.php?rest_route=%2Fwp%2Fv2%2Ftags&post=12791"}],"curies":[{"name":"wp","href":"https:\/\/api.w.org\/{rel}","templated":true}]}}