{"id":12806,"date":"2018-09-26T08:35:42","date_gmt":"2018-09-26T06:35:42","guid":{"rendered":"http:\/\/www.friedenkoeln.de\/?p=12806"},"modified":"2018-09-26T08:35:42","modified_gmt":"2018-09-26T06:35:42","slug":"kundgebung-am-29-9-2018-in-koeln-erdogan-not-welcome-keine-schmutzigen-deals-mit-der-tuerkei","status":"publish","type":"post","link":"https:\/\/www.friedenkoeln.de\/?p=12806","title":{"rendered":"Kundgebung am 29.9.2018 in K\u00f6ln: \u201cErdo\u011fan not welcome \u2013 keine schmutzigen Deals mit der T\u00fcrkei!\u201d"},"content":{"rendered":"<p>Wir unterst\u00fctzen den unten folgenden Aufruf zu Kundgebung am kommenden Samstag, den 29. September 2018, in K\u00f6ln. Wer mit uns laufen m\u00f6chte, kann sich um 9:45 Uhr im Friedensbildungswerk K\u00f6ln, Obenmarspforten 7-11, einfinden. Wir verleihen Fahnen und Transparente (DFG-VK, &#8222;Pace&#8220;, &#8222;Aktion Aufschrei &#8211; Stoppt den Waffenhandel!&#8220;).<\/p>\n<hr \/>\n<p>\u201eK\u00f6ln zeigt Haltung\u201c beim Besuch des t\u00fcrkischen Staatspr\u00e4sidenten Recep Tayyip Erdo\u011fan<\/p>\n<p>Auf Einladung des Bundespr\u00e4sidenten Frank-Walter Steinmeier wird der t\u00fcrkische Pr\u00e4sident Recep Tayyip Erdo\u011fan am 28. und 29. September zu einem zweit\u00e4gigen Besuch in Berlin und K\u00f6ln erwartet und mit allen Ehren empfangen.<\/p>\n<p>Weder die K\u00f6lnerinnen und K\u00f6lner, noch die Stadt K\u00f6ln haben den Staatspr\u00e4sidenten Erdo\u011fan nach K\u00f6ln eingeladen. Warum auch? Wir wollen keinen Despoten in unserer Stadt.<\/p>\n<p>Unser Protest richtet sich nicht gegen die Menschen mit t\u00fcrkischen Wurzeln, die mit uns gemeinsam in K\u00f6ln leben, er richtet sich nicht gegen die T\u00fcrkei oder den Islam.<\/p>\n<p>Der Besuch Erdo\u011fans in K\u00f6ln wird vielmehr Anlass zum Protest f\u00fcr all diejenigen sein,<\/p>\n<ul>\n<li>die sich in der Bundesrepublik Deutschland und der T\u00fcrkei f\u00fcr Demokratie, Frieden, Freiheit, soziale Verbesserungen f\u00fcr alle und eine solidarische Gesellschaft einsetzen<\/li>\n<li>die den zynischen Fl\u00fcchtlingsdeal zwischen der T\u00fcrkei und der Bundesrepublik, der Fl\u00fcchtlinge in riesige Lager einpfercht und eine Flucht verhindert, beenden wollen.<\/li>\n<li>die den bundesdeutschen Waffenexport an die T\u00fcrkei f\u00fcr ihren Krieg gegen die Kurd*innen, den Irak und gegen Rojava (Demokratische F\u00f6deration Nordsyrien) stoppen wollen<\/li>\n<li>die sich in beiden L\u00e4ndern gegen Nationalismus, Rassismus und eine Rechtsentwicklung (s. auch u. Kasten) engagieren<\/li>\n<\/ul>\n<p>Als Erdo\u011fan zuletzt 2014 \u00f6ffentlich in K\u00f6ln auftrat, gingen \u00fcber 50.000 Menschen dagegen auf die Stra\u00dfe. Ob die Kriegspolitik gegen die Kurd*innen, die v\u00f6lkerrechtswidrige Besetzung Afrins in Nordsyrien, die fast vollendete Abschaffung der parlamentarischen Demokratie und Gewaltenteilung, die zunehmende Unterdr\u00fcckung von Frauen, die Zerschlagung von Arbeitnehmerrechten, die Verfolgung oder Inhaftierung kritischer Journalist*innen, Wissenschaftler*innen, Gewerkschafter*innen und oppositioneller Politiker*innen, die Unterdr\u00fcckung von kulturellen und religi\u00f6sen Gruppen, die Hetze und Gewalt gegen Homo-, Bi- und Transsexuelle \u2013 die Gr\u00fcnde, gegen den Autokraten Widerstand zu leisten und sich mit der \u201eanderen T\u00fcrkei\u201c zu solidarisieren, sind seit dem letzten Besuch Erdo\u011fans nur noch mehr geworden.<\/p>\n<p><img loading=\"lazy\" decoding=\"async\" class=\" wp-image-12809 alignright\" src=\"http:\/\/www.friedenkoeln.de\/wp-content\/uploads\/2018\/09\/fullsizeoutput_b3b.jpeg\" alt=\"Ein schwarzes Portr\u00e4t von Pr\u00e4sident Erdogan auf rotem Grund, mit einem schmalen wei\u00dfen Balken durchgestrichen.\" width=\"373\" height=\"373\" srcset=\"https:\/\/www.friedenkoeln.de\/wp-content\/uploads\/2018\/09\/fullsizeoutput_b3b.jpeg 700w, https:\/\/www.friedenkoeln.de\/wp-content\/uploads\/2018\/09\/fullsizeoutput_b3b-150x150.jpeg 150w, https:\/\/www.friedenkoeln.de\/wp-content\/uploads\/2018\/09\/fullsizeoutput_b3b-500x500.jpeg 500w, https:\/\/www.friedenkoeln.de\/wp-content\/uploads\/2018\/09\/fullsizeoutput_b3b-120x120.jpeg 120w\" sizes=\"auto, (max-width: 373px) 100vw, 373px\" \/>Nun versucht die t\u00fcrkische Regierung erneut, die Unterst\u00fctzung und Legitimation der Bundesregierung f\u00fcr ihre Kriegspolitik nach innen und au\u00dfen zu gewinnen. Es ist abzusehen, dass auch dieses Mal Waffenverk\u00e4ufe abgesegnet, Kredite zugesagt und Investitionen in der T\u00fcrkei vereinbart werden. Der Besuch des deutschen Wirtschaftsministers Peter Altmaier samt 80-k\u00f6pfiger Entourage Ende Oktober in der T\u00fcrkei passt da ins Bild. Menschenrechte sind Nebensache. Die Bundesregierung hofiert den Despoten vor allem wegen seiner T\u00fcrsteherfunktion f\u00fcr die EU bei der Migrationsabwehr. Hier werden Fl\u00fcchtlinge bek\u00e4mpft, um von einer Wirtschafts- und Au\u00dfenpolitik abzulenken, die Fluchtursachen produziert.<\/p>\n<p>In der T\u00fcrkei Erdo\u011fans werden Oppositionelle, kurdische Politiker wie die ehemaligen Co \u2013 Parteivorsitzenden der HDP, Selahattin Demirta\u015f und Figen Y\u00fcksekda\u011f, Akademiker, Journalisten, Intellektuelle wie z.B. Osman Kavala, verhaftet, suspendiert oder per Interpol-Haftbefehl sogar international gejagt \u2013 wie der K\u00f6lner Do\u011fan Akhanl\u0131 w\u00e4hrend seines Urlaubs in Spanien im August letzten Jahres.<\/p>\n<p>Das Schicksal, welches den prominenten Geiseln Asl\u0131 Erdo\u011fan, Deniz Y\u00fccel und Me\u015fale Tolu widerfahren ist, erleiden neben Hunderttausenden anderer, aktuell auch sieben bundesdeutsche Staatsb\u00fcrger, darunter auch K\u00f6lner.<\/p>\n<p>Statt Erdo\u011fan zu hofieren, sollte die deutsche Regierung den Aktivit\u00e4ten des t\u00fcrkischen Geheimdienstes hier in Deutschland Einhalt gebieten, der hier politisch aktive Menschen bedroht, sowie die Repression, Verfolgung und Kriminalisierung t\u00fcrkischer und kurdischer oppositioneller Organisationen und Einrichtungen durch die deutschen Beh\u00f6rden unverz\u00fcglich beenden.<\/p>\n<p>Insbesondere die deutschen Waffenexporte bef\u00f6rdern die negativen Entwicklungen in der T\u00fcrkei. Sie m\u00fcssen daher umgehend und vollst\u00e4ndig gestoppt werden.<\/p>\n<p>Statt mit Hermes B\u00fcrgschaften abgesicherter Investitionen zur Stabilisierung des System Erdogan beizutragen fordern wir die Verh\u00e4ngung politischer und wirtschaftlicher Sanktionen, solange die Meinungs-, Presse- und Versammlungsfreiheit in der T\u00fcrkei nicht hergestellt und die politischen Gefangenen nicht freigelassen worden sind.<\/p>\n<p>Die repressive Politik der EU gegen\u00fcber Gefl\u00fcchteten ist auf die Politik Erdo\u011fans angewiesen, sowie Erdo\u011fan auf die Unterst\u00fctzung der EU im Kampf gegen die Zivilgesellschaft in der T\u00fcrkei angewiesen ist.<\/p>\n<p>Wir setzen gegen die schmutzigen Deals beider Regierungen auf Widerstand und die Solidarit\u00e4t der Zivilgesellschaft in beiden L\u00e4ndern!<\/p>\n<p>Wir werden in K\u00f6ln unserem Protest gegen den Staatsbesuch des Autokraten Erdo\u011fan Ausdruck verleihen. Wir akzeptieren nicht, dass die deutsche Bundesregierung in unserem Namen einen Diktator willkommen hei\u00dft und seine antidemokratische und militaristische Politik damit legitimiert.<\/p>\n<p><b>Samstag, 29. September 2018 ab 10 Uhr: Gro\u00dfkundgebung auf der Deutzer Werft<\/b><\/p>\n<p><b>11 Uhr: Er\u00f6ffnung, 12 Uhr: Demonstration durch die K\u00f6lner Innenstadt<\/b><\/p>\n<p><b>Ab 14 Uhr Abschlusskundgebung auf der Deutzer Werft- K\u00f6ln<\/b><\/p>\n<p>Weitere Infos sind <a href=\"https:\/\/erdogannotwelcome.wordpress.com\/koln\/\">hier<\/a>.<\/p>\n","protected":false},"excerpt":{"rendered":"<p>Wir unterst\u00fctzen den unten folgenden Aufruf zu Kundgebung am kommenden Samstag, den 29. September 2018, in K\u00f6ln. Wer mit uns laufen m\u00f6chte, kann sich um 9:45 Uhr im Friedensbildungswerk K\u00f6ln, Obenmarspforten 7-11, einfinden. Wir&#46;&#46;&#46;<\/p>\n","protected":false},"author":110,"featured_media":0,"comment_status":"open","ping_status":"open","sticky":false,"template":"","format":"standard","meta":{"footnotes":""},"categories":[2,116],"tags":[68,113,40,99,37,29,91,71],"class_list":["post-12806","post","type-post","status-publish","format-standard","hentry","category-aktionen","category-aufruf","tag-bundesregierung","tag-buergerrechte","tag-demokratie","tag-menschenrechte","tag-ruestungsexporte","tag-solidaritat","tag-voelkerrecht","tag-waffenhandel"],"_links":{"self":[{"href":"https:\/\/www.friedenkoeln.de\/index.php?rest_route=\/wp\/v2\/posts\/12806","targetHints":{"allow":["GET"]}}],"collection":[{"href":"https:\/\/www.friedenkoeln.de\/index.php?rest_route=\/wp\/v2\/posts"}],"about":[{"href":"https:\/\/www.friedenkoeln.de\/index.php?rest_route=\/wp\/v2\/types\/post"}],"author":[{"embeddable":true,"href":"https:\/\/www.friedenkoeln.de\/index.php?rest_route=\/wp\/v2\/users\/110"}],"replies":[{"embeddable":true,"href":"https:\/\/www.friedenkoeln.de\/index.php?rest_route=%2Fwp%2Fv2%2Fcomments&post=12806"}],"version-history":[{"count":3,"href":"https:\/\/www.friedenkoeln.de\/index.php?rest_route=\/wp\/v2\/posts\/12806\/revisions"}],"predecessor-version":[{"id":12811,"href":"https:\/\/www.friedenkoeln.de\/index.php?rest_route=\/wp\/v2\/posts\/12806\/revisions\/12811"}],"wp:attachment":[{"href":"https:\/\/www.friedenkoeln.de\/index.php?rest_route=%2Fwp%2Fv2%2Fmedia&parent=12806"}],"wp:term":[{"taxonomy":"category","embeddable":true,"href":"https:\/\/www.friedenkoeln.de\/index.php?rest_route=%2Fwp%2Fv2%2Fcategories&post=12806"},{"taxonomy":"post_tag","embeddable":true,"href":"https:\/\/www.friedenkoeln.de\/index.php?rest_route=%2Fwp%2Fv2%2Ftags&post=12806"}],"curies":[{"name":"wp","href":"https:\/\/api.w.org\/{rel}","templated":true}]}}