{"id":12813,"date":"2018-09-27T10:00:18","date_gmt":"2018-09-27T08:00:18","guid":{"rendered":"http:\/\/www.friedenkoeln.de\/?p=12813"},"modified":"2018-09-26T23:21:24","modified_gmt":"2018-09-26T21:21:24","slug":"koelner-domwallfahrt-dona-nobis-pacem-gib-uns-frieden","status":"publish","type":"post","link":"https:\/\/www.friedenkoeln.de\/?p=12813","title":{"rendered":"Stefanie Intveen: K\u00f6lner Domwallfahrt &#8222;Gib uns Frieden!&#8220; &#8211; Ein Glockenschlag f\u00fcr Berlin?"},"content":{"rendered":"<p><em>Von Stefanie Intveen.\u00a0<\/em>Die heute beginnende und bis Sonntag dauernde allj\u00e4hrliche K\u00f6lner Domwallfahrt steht unter dem Motto &#8222;Dona nobis pacem!&#8220;, bzw. &#8222;Gib uns Frieden!&#8220;. Als gro\u00dfartiges \u00e4u\u00dferes Zeichen und in Erinnerung an das Ende des Ersten Weltkriegs vor 100 Jahren wird dazu der K\u00f6lner Dom jeweils ab 20 Uhr mit thematisch passenden Texten angestrahlt.<\/p>\n<p>Die K\u00f6lner Dombauh\u00fctte beteiligt sich an dem internationalen Projekt\u00a0<a href=\"https:\/\/schmiedenfuerdenfrieden.de\/index.php?id=365\">Schmieden f\u00fcr den Frieden<\/a>\u00a0und stellt am Samstag N\u00e4gel mit einer eingestanzten Friedenstaube her, die man kaufen kann.\u00a0Am selben Tag findet eine \u00f6kumenische Friedenstagung im Haus der Evangelischen Kirche in K\u00f6ln statt: <a href=\"https:\/\/www.melanchthon-akademie.de\/programm\/kurs\/14559-wir-weigern-uns-feinde-zu-sein-wie-die-eskalation-von-gewalt-verhindern\/\">Wir weigern uns, Feinde zu sein! Wie die Eskalation von Gewalt verhindern?<\/a><\/p>\n<p>Es ist sehr zu hoffen, dass die vielf\u00e4ltigen Veranstaltungen und Diskussionen rund um das Thema Frieden im Erzbistum K\u00f6ln einen Ansto\u00df dazu geben, dass sich weitere Pers\u00f6nlichkeiten und Institutionen auch aus der Katholischen Kirche mit neuer Kraft, Mut und Phantasie f\u00fcr eine friedensorientierte deutsche Au\u00dfenpolitik einsetzen.<\/p>\n<p>Die breit getragene bundesweite Kampagne &#8222;<a href=\"https:\/\/abruesten.jetzt\">Abr\u00fcsten statt aufr\u00fcsten!<\/a>&#8220; hat dazu aufgerufen, Anfang November 2018 gegen die schon in Gang gesetzte milit\u00e4rische Aufr\u00fcstung zu protestieren. Deutschland hatte 2017 Milit\u00e4rausgaben in H\u00f6he von 43 Milliarden Euro. Dieser schon stark gestiegene Betrag soll weiter drastisch erh\u00f6ht werden. Die geplante Aufr\u00fcstung wird kein einziges Sicherheitsproblem l\u00f6sen, aber Ressourcen verbrauchen, die ben\u00f6tigt werden, um echte Probleme zu l\u00f6sen: \u00f6kologischer Umbau der Energiewirtschaft, soziale Gerechtigkeit, Teilhabe von Armen und gesellschaftlich Ausgegrenzten sind Stichworte dazu.<\/p>\n<div id=\"attachment_12820\" style=\"width: 2490px\" class=\"wp-caption alignnone\"><img loading=\"lazy\" decoding=\"async\" aria-describedby=\"caption-attachment-12820\" class=\"wp-image-12820 size-full\" src=\"http:\/\/www.friedenkoeln.de\/wp-content\/uploads\/2018\/09\/02_DBH_MU_0248.jpg\" alt=\"\" width=\"2480\" height=\"1653\" srcset=\"https:\/\/www.friedenkoeln.de\/wp-content\/uploads\/2018\/09\/02_DBH_MU_0248.jpg 2480w, https:\/\/www.friedenkoeln.de\/wp-content\/uploads\/2018\/09\/02_DBH_MU_0248-150x100.jpg 150w, https:\/\/www.friedenkoeln.de\/wp-content\/uploads\/2018\/09\/02_DBH_MU_0248-768x512.jpg 768w\" sizes=\"auto, (max-width: 2480px) 100vw, 2480px\" \/><p id=\"caption-attachment-12820\" class=\"wp-caption-text\">Lichtinszenierung von Detlef Hartung und Georg Trenz. K\u00f6lner Dom 2018. Copyright: Hohe Domkirche K\u00f6ln, Dombauh\u00fctte; Foto: Mira Unkelbach<\/p><\/div>\n<p>Nach wie vor entwickelt die Bundesregierung keine substanziellen Abr\u00fcstungsinitiativen. Deutschland boykottiert sogar den 2017 von einer \u00fcberw\u00e4ltigenden Mehrheit der Staaten, darunter dem Vatikan, beschlossenen Atomwaffenverbotsvertrag der Vereinten Nationen. Gestern vor 35 Jahren ist Mitteleuropa <a href=\"https:\/\/www.friedenkoeln.de\/?p=12783\">haarscharf der atomaren Vernichtung<\/a> entgangen. Das allein m\u00fcsste ausreichen, um den Irrsinn der atomaren Abschreckung zu erkennen und sich diesem Sicherheitsproblem erster Ordnung zu widmen.<\/p>\n<p>Im Syrienkrieg erwogen deutsche Politiker*innen Anfang September sogar, einen hypothetischen v\u00f6lkerrechtswidrigen Angriff der syrischen Armee mit einem ebenfalls <a href=\"https:\/\/www.friedenkoeln.de\/?p=12765\">v\u00f6lkerrechtswidrigen Angriff der Bundeswehr zu vergelten<\/a>.<\/p>\n<p>Eine friedensorientierte deutsche und europ\u00e4ische Au\u00dfenpolitik f\u00e4llt also nicht vom Himmel. Sie muss &#8211; trotz Grundgesetz und Charta der Vereinten Nationen &#8211; immer wieder neu erarbeitet, einge\u00fcbt und erk\u00e4mpft werden.<\/p>\n<p>Erzbischof Rainer Maria Kardinal Woelki erteilte den Soldat*innen, die am 11. Januar 2018 im K\u00f6lner Dom am Internationalen Soldatengottesdienst teilnahmen, <a href=\"https:\/\/www.friedenkoeln.de\/?p=11701\">keine Absolution f\u00fcr Milit\u00e4reins\u00e4tze<\/a>. Im Gegenteil: in einer beeindruckenden Predigt zum \u00a0biblischen Thema Flucht vor Gewalt und Schutz der Fl\u00fcchtenden betonte er die Verantwortung des Einzelnen f\u00fcr sein Handeln &#8211; bis hin zur Pflicht der Befehlsverweigerung.<\/p>\n<p>Um wieviel gr\u00f6\u00dfer als die Verantwortung einzelner Soldat*innen ist die Verantwortung der Regierenden, die Bundeswehrangeh\u00f6rigen vor Situationen zu bewahren, in denen sie unweigerlich in Gewissenskonflikte kommen und vielleicht sogar gegen nationale Gesetze und V\u00f6lkerrecht versto\u00dfen?<\/p>\n<p>Den Regierenden in Berlin k\u00f6nnte es helfen, einen kr\u00e4ftigen Glockenschlag aus K\u00f6ln zu h\u00f6ren.<\/p>\n","protected":false},"excerpt":{"rendered":"<p>Von Stefanie Intveen.\u00a0Die heute beginnende und bis Sonntag dauernde allj\u00e4hrliche K\u00f6lner Domwallfahrt steht unter dem Motto &#8222;Dona nobis pacem!&#8220;, bzw. &#8222;Gib uns Frieden!&#8220;. Als gro\u00dfartiges \u00e4u\u00dferes Zeichen und in Erinnerung an das Ende des&#46;&#46;&#46;<\/p>\n","protected":false},"author":110,"featured_media":0,"comment_status":"open","ping_status":"open","sticky":false,"template":"","format":"standard","meta":{"footnotes":""},"categories":[107],"tags":[42,120,33,112,48,59,73],"class_list":["post-12813","post","type-post","status-publish","format-standard","hentry","category-kommentar","tag-abruestung","tag-abschreckung","tag-atomwaffen","tag-atomwaffenverbotsvertrag","tag-bundeswehr","tag-kirche","tag-vereinte-nationen"],"_links":{"self":[{"href":"https:\/\/www.friedenkoeln.de\/index.php?rest_route=\/wp\/v2\/posts\/12813","targetHints":{"allow":["GET"]}}],"collection":[{"href":"https:\/\/www.friedenkoeln.de\/index.php?rest_route=\/wp\/v2\/posts"}],"about":[{"href":"https:\/\/www.friedenkoeln.de\/index.php?rest_route=\/wp\/v2\/types\/post"}],"author":[{"embeddable":true,"href":"https:\/\/www.friedenkoeln.de\/index.php?rest_route=\/wp\/v2\/users\/110"}],"replies":[{"embeddable":true,"href":"https:\/\/www.friedenkoeln.de\/index.php?rest_route=%2Fwp%2Fv2%2Fcomments&post=12813"}],"version-history":[{"count":22,"href":"https:\/\/www.friedenkoeln.de\/index.php?rest_route=\/wp\/v2\/posts\/12813\/revisions"}],"predecessor-version":[{"id":12837,"href":"https:\/\/www.friedenkoeln.de\/index.php?rest_route=\/wp\/v2\/posts\/12813\/revisions\/12837"}],"wp:attachment":[{"href":"https:\/\/www.friedenkoeln.de\/index.php?rest_route=%2Fwp%2Fv2%2Fmedia&parent=12813"}],"wp:term":[{"taxonomy":"category","embeddable":true,"href":"https:\/\/www.friedenkoeln.de\/index.php?rest_route=%2Fwp%2Fv2%2Fcategories&post=12813"},{"taxonomy":"post_tag","embeddable":true,"href":"https:\/\/www.friedenkoeln.de\/index.php?rest_route=%2Fwp%2Fv2%2Ftags&post=12813"}],"curies":[{"name":"wp","href":"https:\/\/api.w.org\/{rel}","templated":true}]}}