{"id":12844,"date":"2018-10-05T17:35:02","date_gmt":"2018-10-05T15:35:02","guid":{"rendered":"http:\/\/www.friedenkoeln.de\/?p=12844"},"modified":"2018-10-05T17:35:02","modified_gmt":"2018-10-05T15:35:02","slug":"erinnerungsort-in-koeln-muengersdorf-kulturausschuss-des-koelner-stadtrates-soll-unterstuetzen","status":"publish","type":"post","link":"https:\/\/www.friedenkoeln.de\/?p=12844","title":{"rendered":"Erinnerungsort in K\u00f6ln-M\u00fcngersdorf: Kulturausschuss des K\u00f6lner Stadtrates soll unterst\u00fctzen"},"content":{"rendered":"<div class=\"theme-text-variant-5 petition-description\" dir=\"ltr\" lang=\"de\">\n<p class=\"paragraph\">Der B\u00fcrgerverein K\u00f6ln-M\u00fcngersdorf hat gemeinsam mit dem NS-Dokumentationszentrum ein Konzept f\u00fcr einen Gedenkort am ehemaligen Deportationslager in K\u00f6ln-M\u00fcngersdorf entwickelt. Bisher erinnert nur ein Findling an die \u00fcber 3.000 deportierten Juden aus K\u00f6ln und Umgebung. Nun soll ein neuer Gedenkort deutlich wahrnehmbar f\u00fcr die gesamte Stadtgesellschaft in K\u00f6ln an die dort begangenen NS-Verbrechen erinnern. Der Kulturausschuss des Rates der Stadt K\u00f6ln wird in den n\u00e4chsten Monaten \u00fcber dieses Konzept entscheiden.<\/p>\n<\/div>\n<div id=\"attachment_12851\" style=\"width: 357px\" class=\"wp-caption alignleft\"><img loading=\"lazy\" decoding=\"async\" aria-describedby=\"caption-attachment-12851\" class=\" wp-image-12851\" src=\"http:\/\/www.friedenkoeln.de\/wp-content\/uploads\/2018\/10\/IMG_1893-e1538752549604-2250x3000.jpg\" alt=\"Ein roher Felsblock wie ein Grabstein, davor Blumen. Er tr\u00e4gt eine Metallplatte mit der obigen Aufschrift. Der Text hei\u00dft weiter: &quot;Im ehemaligen Fort V und dem angrenzenden Bereich befand sich w\u00e4hrend des 2. Weltkrieges das sogenannte Judenlager M\u00fcngersdorf. Hier wurden die aus ihren H\u00e4usern und Wohnungen vertriebenen Juden konzentriert und in die NS-Vernichtungslager abtransportiert. Rat der Stadt K\u00f6ln 1981\" width=\"347\" height=\"462\" srcset=\"https:\/\/www.friedenkoeln.de\/wp-content\/uploads\/2018\/10\/IMG_1893-e1538752549604-2250x3000.jpg 2250w, https:\/\/www.friedenkoeln.de\/wp-content\/uploads\/2018\/10\/IMG_1893-e1538752549604-113x150.jpg 113w, https:\/\/www.friedenkoeln.de\/wp-content\/uploads\/2018\/10\/IMG_1893-e1538752549604-768x1024.jpg 768w\" sizes=\"auto, (max-width: 347px) 100vw, 347px\" \/><p id=\"caption-attachment-12851\" class=\"wp-caption-text\">Findling in K\u00f6ln-M\u00fcngersdorf, am Ort des fr\u00fcheren NS-Deportationslagers: &#8222;Zur Erinnerung an die Toten und als Mahnung f\u00fcr die Lebenden&#8220; am 8.8.2018. Foto: Stefanie Intveen.<\/p><\/div>\n<p>Die Teilnehmer*innen der Friedensfahrradtour NRW 2018 (#FFTNRW18) machten am 8. August 2018 an dem Findling Halt und lie\u00dfen sich die Geschichte dieses Ortes und das Konzept f\u00fcr eine k\u00fcnstlerische Gestaltung erkl\u00e4ren. Auch manche der K\u00f6lner Teilnehmer*innen der Tour hatte noch nichts \u00fcber das Deportationslager geh\u00f6rt oder gelesen.<\/p>\n<p>Der B\u00fcrgerverein K\u00f6ln-M\u00fcngersdorf pr\u00e4sentiert das Konzept nun in einer <a href=\"http:\/\/www.friedenkoeln.de\/wp-content\/uploads\/2018\/10\/Praesentation-Gedenkort-180417.pdf\">Brosch\u00fcre &#8222;Wider das Vergessen. Gedenkort Deportationslager K\u00f6ln-M\u00fcngersdorf 1941-1945&#8220;<\/a>.<\/p>\n<p>Aktuelle Informationen dazu gibt es auf Twitter bei\u00a0@KoelnMdGedenken oder unter\u00a0#GedenkortM\u00fcngersdorf und nat\u00fcrlich beim B\u00fcrgerverein K\u00f6ln-M\u00fcngersdorf.<\/p>\n<p>Wir halten das Projekt f\u00fcr wichtig und freuen uns \u00fcber die Unterst\u00fctzung der noch laufenden <a href=\"https:\/\/www.openpetition.de\/petition\/online\/wir-unterstuetzen-den-geplanten-gedenkort-fuer-das-deportationslager-in-koeln-muengersdorf\">Petition<\/a> an den Kulturausschuss.<\/p>\n","protected":false},"excerpt":{"rendered":"<p>Der B\u00fcrgerverein K\u00f6ln-M\u00fcngersdorf hat gemeinsam mit dem NS-Dokumentationszentrum ein Konzept f\u00fcr einen Gedenkort am ehemaligen Deportationslager in K\u00f6ln-M\u00fcngersdorf entwickelt. Bisher erinnert nur ein Findling an die \u00fcber 3.000 deportierten Juden aus K\u00f6ln und Umgebung.&#46;&#46;&#46;<\/p>\n","protected":false},"author":110,"featured_media":0,"comment_status":"open","ping_status":"open","sticky":false,"template":"","format":"standard","meta":{"footnotes":""},"categories":[116],"tags":[123,45,99,43,124],"class_list":["post-12844","post","type-post","status-publish","format-standard","hentry","category-aufruf","tag-faschismus","tag-geschichte","tag-menschenrechte","tag-rassismus","tag-voelkermord"],"_links":{"self":[{"href":"https:\/\/www.friedenkoeln.de\/index.php?rest_route=\/wp\/v2\/posts\/12844","targetHints":{"allow":["GET"]}}],"collection":[{"href":"https:\/\/www.friedenkoeln.de\/index.php?rest_route=\/wp\/v2\/posts"}],"about":[{"href":"https:\/\/www.friedenkoeln.de\/index.php?rest_route=\/wp\/v2\/types\/post"}],"author":[{"embeddable":true,"href":"https:\/\/www.friedenkoeln.de\/index.php?rest_route=\/wp\/v2\/users\/110"}],"replies":[{"embeddable":true,"href":"https:\/\/www.friedenkoeln.de\/index.php?rest_route=%2Fwp%2Fv2%2Fcomments&post=12844"}],"version-history":[{"count":6,"href":"https:\/\/www.friedenkoeln.de\/index.php?rest_route=\/wp\/v2\/posts\/12844\/revisions"}],"predecessor-version":[{"id":12852,"href":"https:\/\/www.friedenkoeln.de\/index.php?rest_route=\/wp\/v2\/posts\/12844\/revisions\/12852"}],"wp:attachment":[{"href":"https:\/\/www.friedenkoeln.de\/index.php?rest_route=%2Fwp%2Fv2%2Fmedia&parent=12844"}],"wp:term":[{"taxonomy":"category","embeddable":true,"href":"https:\/\/www.friedenkoeln.de\/index.php?rest_route=%2Fwp%2Fv2%2Fcategories&post=12844"},{"taxonomy":"post_tag","embeddable":true,"href":"https:\/\/www.friedenkoeln.de\/index.php?rest_route=%2Fwp%2Fv2%2Ftags&post=12844"}],"curies":[{"name":"wp","href":"https:\/\/api.w.org\/{rel}","templated":true}]}}