{"id":12858,"date":"2018-10-07T11:56:43","date_gmt":"2018-10-07T09:56:43","guid":{"rendered":"http:\/\/www.friedenkoeln.de\/?p=12858"},"modified":"2018-10-07T19:55:12","modified_gmt":"2018-10-07T17:55:12","slug":"harald-fuchs-an-wolfgang-gehrke-nicht-us-atomraketen-sondern-us-atombomben-lagern-in-buechel","status":"publish","type":"post","link":"https:\/\/www.friedenkoeln.de\/?p=12858","title":{"rendered":"Harald Fuchs an Wolfgang Gehrke: Nicht US-Atomraketen, sondern US-Atombomben lagern in B\u00fcchel"},"content":{"rendered":"<p><em>Zum untenstehenden Brief kam per mail noch am selben Tag die folgende Antwort von Wolfgang Gehrke:<\/em><\/p>\n<p>Lieber Harald Fuchs,<\/p>\n<p>&nbsp;<\/p>\n<p>danke f\u00fcr den Hinweis auf einen Fehler in unserem Artikel. F\u00fcr uns war die wesentliche Aussage des Satzes, dass die NATO ausreichend Vorsorge getroffen hat, Russland anzugreifen und dass Russland von Flugzeugtr\u00e4gern der USA seeseitig umzingelt ist; dar\u00fcber ist uns der Fl\u00fcchtigkeitsfehler unterlaufen, den Du zu Recht kritisierst. Tut uns leid.<\/p>\n<p>&nbsp;<\/p>\n<p>Friedensgr\u00fc\u00dfe<\/p>\n<p>Wolfgang und Christiane<\/p>\n<hr \/>\n<p><em>Ein Offener Brief von Harald Fuchs, DFG-VK Gruppe K\u00f6ln, an Wolfgang Gehrke, ehemaliges Mitglied des Bundestages.<\/em><\/p>\n<p>Lieber Wolfgang Gehrke,<\/p>\n<p>In Deinem (und Christiane Reymanns) Artikel \u201eDie verh\u00e4ngnisvolle Au\u00dfenpolitik der deutschen Bundesregierung\u201c in der <a href=\"https:\/\/www.zeitung-gegen-den-krieg.de\/wp-content\/uploads\/2018\/08\/ZgK-43-GESAMT-pdf-1.pdf\">\u201eZeitung gegen den Krieg\u201c Nr. 43\/2018<\/a> ist ein sachlicher Fehler enthalten. Ihr sprecht dort von \u201eMittelstreckenraketen (der NATO) auf europ\u00e4ischem Boden\u201c und \u201eUS-amerikanischen Atomraketen\u201c, die \u201eraus aus B\u00fcchel\u201c m\u00fcssten.<\/p>\n<p>Richtig ist, dass in B\u00fcchel amerikanische Atombomben lagern, die aber nicht mit Raketen, sondern mit Flugzeugen (Tornados der Bundesluftwaffe) in ihre Ziele getragen werden sollen. Dies ist ein entscheidender Unterschied im Hinblick auf die Vorwarnzeiten, da die Flugzeit von Raketen wenige Minuten, die von Flugzeugen einige Stunden betr\u00e4gt.<\/p>\n<p>Der Abzug der amerikanischen Mittelstreckenraketen aus Europa im Zuge des INF-Vertrages geh\u00f6rte zu den wesentlichen Erfolgen der Friedensbewegung der 1980-er Jahre. Der INF-Vertrag ist nach wie vor g\u00fcltig und sollte nicht einfach von Euch wie nicht existent behandelt werden.<\/p>\n<p>Ich teile die Intention Eures Artikels gegen das \u201eFeindbild Russland\u201c und finde es gerade deshalb schlecht, wenn Ihr diesem Anliegen durch leicht zu widerlegende falsche Tatsachenbehauptungen schadet.<\/p>\n<p>Deine Antwort w\u00fcrde ich gerne auf \u201efriedenkoeln.de\u201c ver\u00f6ffentlichen.<\/p>\n<p>Freundliche Gr\u00fc\u00dfe<\/p>\n<p>Harald Fuchs<\/p>\n<div id=\"attachment_12865\" style=\"width: 4268px\" class=\"wp-caption aligncenter\"><img loading=\"lazy\" decoding=\"async\" aria-describedby=\"caption-attachment-12865\" class=\"size-full wp-image-12865\" src=\"http:\/\/www.friedenkoeln.de\/wp-content\/uploads\/2018\/10\/DSC_0276.jpg\" alt=\"\" width=\"4258\" height=\"2680\" srcset=\"https:\/\/www.friedenkoeln.de\/wp-content\/uploads\/2018\/10\/DSC_0276.jpg 4258w, https:\/\/www.friedenkoeln.de\/wp-content\/uploads\/2018\/10\/DSC_0276-150x94.jpg 150w, https:\/\/www.friedenkoeln.de\/wp-content\/uploads\/2018\/10\/DSC_0276-768x483.jpg 768w, https:\/\/www.friedenkoeln.de\/wp-content\/uploads\/2018\/10\/DSC_0276-80x50.jpg 80w\" sizes=\"auto, (max-width: 4258px) 100vw, 4258px\" \/><p id=\"caption-attachment-12865\" class=\"wp-caption-text\">Harald Fuchs (rechts) mit Friedensfreunden bei der Blockade der Haupteinfahrt des Bundeswehrflughafens und Atombombenlagers B\u00fcchel \/ Eifel am 26. Mai 2017. Foto: Stefanie Intveen<\/p><\/div>\n","protected":false},"excerpt":{"rendered":"<p>Zum untenstehenden Brief kam per mail noch am selben Tag die folgende Antwort von Wolfgang Gehrke: Lieber Harald Fuchs, &nbsp; danke f\u00fcr den Hinweis auf einen Fehler in unserem Artikel. F\u00fcr uns war die&#46;&#46;&#46;<\/p>\n","protected":false},"author":110,"featured_media":0,"comment_status":"open","ping_status":"open","sticky":false,"template":"","format":"standard","meta":{"footnotes":""},"categories":[107],"tags":[33,125],"class_list":["post-12858","post","type-post","status-publish","format-standard","hentry","category-kommentar","tag-atomwaffen","tag-inf-vertrag"],"_links":{"self":[{"href":"https:\/\/www.friedenkoeln.de\/index.php?rest_route=\/wp\/v2\/posts\/12858","targetHints":{"allow":["GET"]}}],"collection":[{"href":"https:\/\/www.friedenkoeln.de\/index.php?rest_route=\/wp\/v2\/posts"}],"about":[{"href":"https:\/\/www.friedenkoeln.de\/index.php?rest_route=\/wp\/v2\/types\/post"}],"author":[{"embeddable":true,"href":"https:\/\/www.friedenkoeln.de\/index.php?rest_route=\/wp\/v2\/users\/110"}],"replies":[{"embeddable":true,"href":"https:\/\/www.friedenkoeln.de\/index.php?rest_route=%2Fwp%2Fv2%2Fcomments&post=12858"}],"version-history":[{"count":9,"href":"https:\/\/www.friedenkoeln.de\/index.php?rest_route=\/wp\/v2\/posts\/12858\/revisions"}],"predecessor-version":[{"id":12869,"href":"https:\/\/www.friedenkoeln.de\/index.php?rest_route=\/wp\/v2\/posts\/12858\/revisions\/12869"}],"wp:attachment":[{"href":"https:\/\/www.friedenkoeln.de\/index.php?rest_route=%2Fwp%2Fv2%2Fmedia&parent=12858"}],"wp:term":[{"taxonomy":"category","embeddable":true,"href":"https:\/\/www.friedenkoeln.de\/index.php?rest_route=%2Fwp%2Fv2%2Fcategories&post=12858"},{"taxonomy":"post_tag","embeddable":true,"href":"https:\/\/www.friedenkoeln.de\/index.php?rest_route=%2Fwp%2Fv2%2Ftags&post=12858"}],"curies":[{"name":"wp","href":"https:\/\/api.w.org\/{rel}","templated":true}]}}