{"id":12877,"date":"2018-10-10T15:55:49","date_gmt":"2018-10-10T13:55:49","guid":{"rendered":"http:\/\/www.friedenkoeln.de\/?p=12877"},"modified":"2018-10-10T15:55:49","modified_gmt":"2018-10-10T13:55:49","slug":"fahrraddemo-am-14-10-2018-endspurt-fuer-den-kohlausstieg-hambi-bleibt-energie-und-verkehrswende-jetzt","status":"publish","type":"post","link":"https:\/\/www.friedenkoeln.de\/?p=12877","title":{"rendered":"Fahrraddemo am 14.10.2018: Endspurt f\u00fcr den Kohlausstieg: Hambi Bleibt! Energie- und\u00a0Verkehrswende Jetzt!"},"content":{"rendered":"<div>\n<div class=\"\">\n<div id=\"attachment_12881\" style=\"width: 387px\" class=\"wp-caption alignright\"><img loading=\"lazy\" decoding=\"async\" aria-describedby=\"caption-attachment-12881\" class=\"wp-image-12881\" src=\"http:\/\/www.friedenkoeln.de\/wp-content\/uploads\/2018\/10\/2018-04-21-17.32.37-e1539179448394-2000x3000.jpg\" alt=\"Im Vordergrund unscharf ein schmaler Streifen frisches gr\u00fcnes Gras und bl\u00fchender L\u00f6wenzahn. Im bildf\u00fcllenden Hintergrund ein gigantischer Tagebau, in dem riesige Schaufelradbagger den Abraum, der unterschiedliche Farben von fast wei\u00df \u00fcber sandgelb, grau und braun hat, wieder zu einem stufenartigen Hang aufsch\u00fctten. \" width=\"377\" height=\"565\" srcset=\"https:\/\/www.friedenkoeln.de\/wp-content\/uploads\/2018\/10\/2018-04-21-17.32.37-e1539179448394-2000x3000.jpg 2000w, https:\/\/www.friedenkoeln.de\/wp-content\/uploads\/2018\/10\/2018-04-21-17.32.37-e1539179448394-100x150.jpg 100w, https:\/\/www.friedenkoeln.de\/wp-content\/uploads\/2018\/10\/2018-04-21-17.32.37-e1539179448394-768x1152.jpg 768w\" sizes=\"auto, (max-width: 377px) 100vw, 377px\" \/><p id=\"caption-attachment-12881\" class=\"wp-caption-text\">Braunkohletagebau Garzweiler (21.4.2018). Foto: Stefanie Intveen<\/p><\/div>\n<p>Wir rufen f\u00fcr <strong>Sonntag, den 14.10.2018 zur Teilnahme an unserer\u00a0Fahrraddemo ins Rheinische Braunkohle-Revier<\/strong> auf. Wir treffen uns um 9\u00a0Uhr auf dem Heumarkt in K\u00f6ln und brechen um 9:30 Uhr auf.<br class=\"\" \/><br class=\"\" \/>Zum Einen wollen wir die grandiose Gerichtsentscheidung feiern, dass RWE\u00a0den jahrhundertealten B\u00fcrgerwald jetzt erst einmal nicht mehr roden\u00a0darf. Zum Anderen wollen wir darauf aufmerksam machen, dass diese\u00a0Entscheidung nur eine aufschiebende Wirkung hat und keine endg\u00fcltige\u00a0Entscheidung ist. Mit unserer Fahrraddemo wollen wir bei RWE und bei der\u00a0Landesregierung ein Umdenken anschieben.<br class=\"\" \/><br class=\"\" \/>RWE muss jetzt Kohlekraftwerke abschalten, damit wir die\u00a0Klimaschutzziele von Paris einhalten k\u00f6nnen. Wir fordern von der\u00a0Landesregierung, dass alle Braunkohle-Tagebaue so weit verkleinert\u00a0werden, so dass der Hambacher Wald erhalten bleibt und keine weiteren\u00a0Zwangsumsiedlungen von ganzen D\u00f6rfern mehr geschehen m\u00fcssen. Deshalb\u00a0sagen wir: #HambiBleibt #KeyenbergBleibt #KuckumBleibt #BerverathBleibt\u00a0#OberwestrichBleibt #UnterwestrichBleibt.<br class=\"\" \/><br class=\"\" \/>Daf\u00fcr wollen wir mit unserer Fahrraddemo ein Zeichen setzen. Doch\u00a0anderes als urspr\u00fcnglich angek\u00fcndigt, wird es diesen Sonntag kein\u00a0Waldspaziergang von Michael Zobel und Eva T\u00f6ller im Hambacher Wald\u00a0geben, weil diese einen Spaziergang in Keyenberg anbieten wollen. Wir\u00a0wollen an der Fahrraddemo aber festhalten, weil wir sie nach wie vor<br class=\"\" \/>sehr wichtig finden. Unser Alternativprogramm sind jetzt wie folgend aus:<\/p>\n<ul>\n<li>Wir fahren zus\u00e4tzlich zum Aussichtspunkt TerraNova. Dort an der\u00a0Abbruchkante wird Tim Petzoldt von Greenpeace K\u00f6ln die Funktionsweise\u00a0des Tagebau Hambach erl\u00e4utern.<\/li>\n<li>Wir machen einen Zwischenstopp auf dem Marktplatz in Manheim. Dort wird Stefan F\u00f6rster etwas zu den Zwangsumsiedlungen f\u00fcr die Tagebaue erz\u00e4hlen.<\/li>\n<li>Dann fahren wir zum \u00f6stlichen Teil des Hambacher Waldes und k\u00f6nnen dort Gespr\u00e4che mit Wald-Bewohner_innen und Vertreter_innen der Initiative &#8222;Buirer f\u00fcr Buir&#8220; f\u00fchren.<\/li>\n<li>F\u00fcr Interessierte k\u00f6nnen wir von dort aus entweder einen Spaziergang durch den Hambacher Wald anbieten oder den Besuch des Hambi-Camps, wo es auch etwas zu Essen und Trinken gibt.<\/li>\n<\/ul>\n<p>Wer Klimaschutz ernst nimmt wei\u00df, dass die Kohle, \u00d6l und Gas im Boden\u00a0bleiben m\u00fcssen, und deshalb fahren wir mit dem Fahrrad, dem\u00a0umweltfreundlichsten Verkehrsmittel. Das Motto unsere Fahrraddemo\u00a0lautet:<\/p>\n<blockquote><p>Endspurt f\u00fcr den Kohlausstieg: Hambi Bleibt! Energie- und\u00a0Verkehrswende Jetzt!<\/p><\/blockquote>\n<p>Veranstalter sind: Agora K\u00f6ln, BUNDjugend NRW, DFG-VK K\u00f6ln, Greenpeace\u00a0K\u00f6ln, Querwaldein e.V., RADKOMM, VCD K\u00f6ln, \u2026.<br class=\"\" \/><br class=\"\" \/><strong>Bitte mitbringen:<\/strong><br class=\"\" \/>Weil wir den ganzen Tag unterwegs sein werden, packt euch bitte gen\u00fcgend\u00a0Verpflegung ein. Und schm\u00fcckt eure Fahrr\u00e4der gerne mit bunten Wimpeln\u00a0oder beklebt eure Fahrr\u00e4der mit Plakaten und Bannern. Bringt gerne auch<br class=\"\" \/>mobile Soundanlagen und Musik mit, um f\u00fcr eine sch\u00f6ne Stimmung in der\u00a0Fahrraddemo zu sorgen.<br class=\"\" \/><br class=\"\" \/>Und hier geht es zu unserer <a href=\"https:\/\/www.facebook.com\/events\/540577226365353\/\">Facebook-Veranstaltung<\/a>.<\/p>\n<p>Ne Karte mit der Route findet ihr auf:\u00a0<a href=\"https:\/\/www.greenpeace-koeln.de\/endspurt-fuer-den-kohleausstieg\/\">https:\/\/www.greenpeace-koeln.de\/endspurt-fuer-den-kohleausstieg\/<\/a><br class=\"\" \/><br class=\"\" \/><strong>Hinweise:<\/strong><br class=\"\" \/>In Weiden West bzw. Frechen und in Horrem machen wir jeweils kurze\u00a0Pausen. Die weiteren Zeiten, die wir in die Karte eingetragen haben,\u00a0sind gesch\u00e4tzte Zeiten, an denen wir die jeweiligen Orte mit der\u00a0Fahrraddemo passieren. Hier besteht die M\u00f6glichkeit sich unserer\u00a0Fahrraddemo anzuschlie\u00dfen. Wenn ihr genau wissen wollt, wo sich die\u00a0Fahrraddemo befindet dann schaut auf: <a href=\"http:\/\/www.criticalmaps.net\/\">www.criticalmaps.net<\/a><br class=\"\" \/><br class=\"\" \/><strong>F\u00fcr die R\u00fcckfahrt:<\/strong><br class=\"\" \/>Falls nicht alle mit dem Fahrrad zur\u00fcck fahren wollen, besteht die\u00a0M\u00f6glichkeit einmal in der Stunde mit der S-Bahn von Buir nach K\u00f6ln zu\u00a0fahren. Falls die S-Bahn \u00fcberf\u00fcllt sein sollte, besteht die M\u00f6glichkeit\u00a0in Sindorf oder Horrem weitere Z\u00fcge nach K\u00f6ln zu nutzen.<\/p>\n<p>Liebe Gr\u00fc\u00dfe<br class=\"\" \/>euer K\u00f6lner Fahrraddemo-Team<\/p>\n<\/div>\n<\/div>\n","protected":false},"excerpt":{"rendered":"<p>Wir rufen f\u00fcr Sonntag, den 14.10.2018 zur Teilnahme an unserer\u00a0Fahrraddemo ins Rheinische Braunkohle-Revier auf. Wir treffen uns um 9\u00a0Uhr auf dem Heumarkt in K\u00f6ln und brechen um 9:30 Uhr auf.Zum Einen wollen wir die&#46;&#46;&#46;<\/p>\n","protected":false},"author":110,"featured_media":0,"comment_status":"open","ping_status":"open","sticky":false,"template":"","format":"standard","meta":{"footnotes":""},"categories":[2,104,116],"tags":[110,36],"class_list":["post-12877","post","type-post","status-publish","format-standard","hentry","category-aktionen","category-ankuendigung","category-aufruf","tag-klima","tag-oekologie-und-frieden"],"_links":{"self":[{"href":"https:\/\/www.friedenkoeln.de\/index.php?rest_route=\/wp\/v2\/posts\/12877","targetHints":{"allow":["GET"]}}],"collection":[{"href":"https:\/\/www.friedenkoeln.de\/index.php?rest_route=\/wp\/v2\/posts"}],"about":[{"href":"https:\/\/www.friedenkoeln.de\/index.php?rest_route=\/wp\/v2\/types\/post"}],"author":[{"embeddable":true,"href":"https:\/\/www.friedenkoeln.de\/index.php?rest_route=\/wp\/v2\/users\/110"}],"replies":[{"embeddable":true,"href":"https:\/\/www.friedenkoeln.de\/index.php?rest_route=%2Fwp%2Fv2%2Fcomments&post=12877"}],"version-history":[{"count":4,"href":"https:\/\/www.friedenkoeln.de\/index.php?rest_route=\/wp\/v2\/posts\/12877\/revisions"}],"predecessor-version":[{"id":12882,"href":"https:\/\/www.friedenkoeln.de\/index.php?rest_route=\/wp\/v2\/posts\/12877\/revisions\/12882"}],"wp:attachment":[{"href":"https:\/\/www.friedenkoeln.de\/index.php?rest_route=%2Fwp%2Fv2%2Fmedia&parent=12877"}],"wp:term":[{"taxonomy":"category","embeddable":true,"href":"https:\/\/www.friedenkoeln.de\/index.php?rest_route=%2Fwp%2Fv2%2Fcategories&post=12877"},{"taxonomy":"post_tag","embeddable":true,"href":"https:\/\/www.friedenkoeln.de\/index.php?rest_route=%2Fwp%2Fv2%2Ftags&post=12877"}],"curies":[{"name":"wp","href":"https:\/\/api.w.org\/{rel}","templated":true}]}}