{"id":12883,"date":"2018-10-11T07:00:39","date_gmt":"2018-10-11T05:00:39","guid":{"rendered":"http:\/\/www.friedenkoeln.de\/?p=12883"},"modified":"2018-10-10T17:42:44","modified_gmt":"2018-10-10T15:42:44","slug":"koeln-folgt-dem-aufruf-der-initiative-abruesten-statt-aufruesten-aktionstage-in-koeln-2-3-november-2018","status":"publish","type":"post","link":"https:\/\/www.friedenkoeln.de\/?p=12883","title":{"rendered":"K\u00f6ln folgt dem Aufruf der Initiative \u201eabr\u00fcsten statt aufr\u00fcsten\u201c &#8211; Aktionstage in K\u00f6ln 2. \/ 3. November 2018"},"content":{"rendered":"<p title=\"Page 1\"><em>Aufruf der Initiative &#8222;<a href=\"https:\/\/abruesten.jetzt\">abr\u00fcsten statt aufr\u00fcsten!<\/a>&#8222;<\/em>:<\/p>\n<h4 class=\"page\" title=\"Page 1\">Abr\u00fcsten statt aufr\u00fcsten \u2013 das ist das Gebot der Stunde<\/h4>\n<div class=\"layoutArea\">\n<p><img loading=\"lazy\" decoding=\"async\" class=\"wp-image-11443 alignright\" src=\"http:\/\/www.friedenkoeln.de\/wp-content\/uploads\/2017\/11\/fullsizeoutput_5cb-1024x424.jpeg\" alt=\"meergr\u00fcnes Logo der Initiative &quot;Abr\u00fcsten jetzt!&quot; mit der Aufschrift &quot;Abr\u00fcsten statt Aufr\u00fcsten.&quot; Das Wort Aufr\u00fcsten ist in schwarzen d\u00fcnnen Gro\u00dfbuchstaben gedruckt und mit zwei hellen Balken durchkreuzt.\" width=\"499\" height=\"207\" srcset=\"https:\/\/www.friedenkoeln.de\/wp-content\/uploads\/2017\/11\/fullsizeoutput_5cb-1024x424.jpeg 1024w, https:\/\/www.friedenkoeln.de\/wp-content\/uploads\/2017\/11\/fullsizeoutput_5cb-768x318.jpeg 768w, https:\/\/www.friedenkoeln.de\/wp-content\/uploads\/2017\/11\/fullsizeoutput_5cb.jpeg 1100w\" sizes=\"auto, (max-width: 499px) 100vw, 499px\" \/>\u201eAbr\u00fcsten statt aufr\u00fcsten \u2013 das ist das Gebot der Stunde\u201c, so der DGB-Vorsitzende Reiner Hoffmann zum Antikriegstag.Und es stimmt: Schulen sind marode und Kitas fehlen \u00fcberall, der soziale Wohnungsbau muss dringend ausgebaut werden, Krankenh\u00e4user werden ben\u00f6tigt, dem \u00f6ffentlichen Nahverkehr fehlen Gelder, die kommunale Infrastruktur verkommt, die Alterssicherung und die Pflege sind unterfinanziert, Gefl\u00fcchtete ben\u00f6tigen Unterst\u00fctzung, der \u00f6kologische Umbau stagniert, Finanzen f\u00fcr Klimagerechtigkeit sind nicht vorhanden und internationale Hilfe zur Selbsthilfe wird verweigert.<\/p>\n<p>Aber: Geld f\u00fcr die R\u00fcstung ist fast unbegrenzt vorhanden. <strong>Der R\u00fcstungsetat 2019 soll um 11,4% steigen auf 42,4 Milliarden Euro, 60 Milliarden f\u00fcr R\u00fcstung ist das n\u00e4chste Ziel der Verteidigungsministerin, um dann den Etat &#8211; wie die \u201eStiftung Wissenschaft und Politik\u201c errechnete &#8211; bis zum Jahr 2024 weiter auf 85 Milliarden zu steigern.<\/strong><\/p>\n<p>Wir sagen nein.<\/p>\n<p>100.000 Unterschriften unter den Aufruf \u201eabr\u00fcsten statt aufr\u00fcsten\u201c sind erst der Anfang.Wir wollen mehr Unterschriften, wir wollen eine breite und vielf\u00e4ltige Bewegung f\u00fcr Abr\u00fcstung.<\/p>\n<p>Uns alarmiert die Militarisierung der Au\u00dfenpolitik und des \u00f6ffentlichen Lebens wie auch die Gesch\u00e4fte mit todbringenden Waffen. Auslandseins\u00e4tze der Bundeswehr sind zur Normalit\u00e4t geworden. Die Waffenarsenale werden weiter angef\u00fcllt. Das gemeinsame Haus Europa ist in weite Ferne ger\u00fcckt, <strong>wir treten ein f\u00fcr eine neue Entspannungspolitik mit Russland<\/strong>.<\/p>\n<p>Wir wollen den Protest auf die Stra\u00dfen und Pl\u00e4tze der Republik tragen.<\/p>\n<p>Deshalb ruft die Initiative \u201eabr\u00fcsten statt aufr\u00fcsten\u201c f\u00fcr den 1.-4.11.2018 \u2013 aus Anlass der 2. und 3. Lesung des Bundeshaushaltes \u2013 zu bundesweiten Aktionen besonders zu dezentralen Demonstrationen auf.<\/p>\n<p>Macht mit, werdet selbst aktiv f\u00fcr Frieden und Abr\u00fcstung. Nur wenn wir uns einmischen, alle sich engagieren, die von fehlenden sozialen Geldern betroffen sind und gemeinsam protestieren, dann werden wir die <strong>Umverteilung der Finanzen und eine friedlichere Politik<\/strong> erreichen.<\/p>\n<p>Wer die Zukunft gewinnen will, muss <strong>in die Zukunft und nicht in den Krieg investieren<\/strong>. Abr\u00fcsten ist das Gebot der Stunde.<\/p>\n<hr \/>\n<\/div>\n<p>Vorank\u00fcndigung:<\/p>\n<div>\n<div class=\"\">\n<div class=\"\">\n<div class=\"\"><b class=\"\">\u201eAbr\u00fcsten statt Aufr\u00fcsten\u201c Aktionstage am 2. und 3. November in K\u00f6ln:<\/b><\/div>\n<\/div>\n<\/div>\n<div class=\"\">\n<div class=\"\">\n<div class=\"\"><b class=\"\">Freitag, 2.11. von 14 &#8211; 17 Uhr und<\/b><\/div>\n<div class=\"\"><b class=\"\">Samstag, 3.11. von 11 -15 Uhr<\/b><\/div>\n<div class=\"\"><b class=\"\">Bahnhofsvorplatz<\/b><\/div>\n<\/div>\n<\/div>\n<div class=\"\">\n<div><\/div>\n<div class=\"\">\n<div class=\"\">Vertreter*innen von Organisationen, die zu den Aktionstagen beitragen m\u00f6chten (Reden, Musik, Kunst, Theater, Information, &#8230;), sind herzlich zum 2. Vorbereitungstreffen <b class=\"\">am Donnerstag, 18. Oktober um 19:30 Uhr\u00a0<\/b><b class=\"\">im Friedensbildungswerk<\/b>, Obenmarspforten 7-11, 1. Etage, eingeladen.<\/div>\n<\/div>\n<\/div>\n<\/div>\n","protected":false},"excerpt":{"rendered":"<p>Aufruf der Initiative &#8222;abr\u00fcsten statt aufr\u00fcsten!&#8222;: Abr\u00fcsten statt aufr\u00fcsten \u2013 das ist das Gebot der Stunde \u201eAbr\u00fcsten statt aufr\u00fcsten \u2013 das ist das Gebot der Stunde\u201c, so der DGB-Vorsitzende Reiner Hoffmann zum Antikriegstag.Und es&#46;&#46;&#46;<\/p>\n","protected":false},"author":110,"featured_media":0,"comment_status":"open","ping_status":"open","sticky":false,"template":"","format":"standard","meta":{"footnotes":""},"categories":[104,116],"tags":[42,70,126,98,128,127],"class_list":["post-12883","post","type-post","status-publish","format-standard","hentry","category-ankuendigung","category-aufruf","tag-abruestung","tag-auslandseinsaetze-der-bundeswehr","tag-bildung","tag-entspannungspolitik","tag-finanzpolitik","tag-militarisierung"],"_links":{"self":[{"href":"https:\/\/www.friedenkoeln.de\/index.php?rest_route=\/wp\/v2\/posts\/12883","targetHints":{"allow":["GET"]}}],"collection":[{"href":"https:\/\/www.friedenkoeln.de\/index.php?rest_route=\/wp\/v2\/posts"}],"about":[{"href":"https:\/\/www.friedenkoeln.de\/index.php?rest_route=\/wp\/v2\/types\/post"}],"author":[{"embeddable":true,"href":"https:\/\/www.friedenkoeln.de\/index.php?rest_route=\/wp\/v2\/users\/110"}],"replies":[{"embeddable":true,"href":"https:\/\/www.friedenkoeln.de\/index.php?rest_route=%2Fwp%2Fv2%2Fcomments&post=12883"}],"version-history":[{"count":3,"href":"https:\/\/www.friedenkoeln.de\/index.php?rest_route=\/wp\/v2\/posts\/12883\/revisions"}],"predecessor-version":[{"id":12886,"href":"https:\/\/www.friedenkoeln.de\/index.php?rest_route=\/wp\/v2\/posts\/12883\/revisions\/12886"}],"wp:attachment":[{"href":"https:\/\/www.friedenkoeln.de\/index.php?rest_route=%2Fwp%2Fv2%2Fmedia&parent=12883"}],"wp:term":[{"taxonomy":"category","embeddable":true,"href":"https:\/\/www.friedenkoeln.de\/index.php?rest_route=%2Fwp%2Fv2%2Fcategories&post=12883"},{"taxonomy":"post_tag","embeddable":true,"href":"https:\/\/www.friedenkoeln.de\/index.php?rest_route=%2Fwp%2Fv2%2Ftags&post=12883"}],"curies":[{"name":"wp","href":"https:\/\/api.w.org\/{rel}","templated":true}]}}