{"id":12908,"date":"2018-10-24T07:00:18","date_gmt":"2018-10-24T05:00:18","guid":{"rendered":"http:\/\/www.friedenkoeln.de\/?p=12908"},"modified":"2018-10-23T22:26:14","modified_gmt":"2018-10-23T20:26:14","slug":"naturwissenschaftlerinnen-rettet-den-inf-vertrag-zur-vernichtung-aller-landgestuetzten-mittelstreckenraketen-in-europa","status":"publish","type":"post","link":"https:\/\/www.friedenkoeln.de\/?p=12908","title":{"rendered":"Naturwissenschaftler*innen: Rettet den INF-Vertrag zur Vernichtung aller landgest\u00fctzten Mittelstreckenraketen in Europa!"},"content":{"rendered":"<p>Die\u00a0Naturwissenschaftlerinitiative \u201eVerantwortung f\u00fcr Frieden und Zukunftsf\u00e4higkeit\u201c fordert:<\/p>\n<h4>Rettet den INF-Vertrag zur Vernichtung aller landgest\u00fctzten Mittelstreckenraketen in Europa!<\/h4>\n<p><img loading=\"lazy\" decoding=\"async\" class=\"size-full wp-image-12767 alignleft\" src=\"http:\/\/www.friedenkoeln.de\/wp-content\/uploads\/2018\/09\/cropped-NatWissLogo.png\" alt=\"\" width=\"240\" height=\"154\" srcset=\"https:\/\/www.friedenkoeln.de\/wp-content\/uploads\/2018\/09\/cropped-NatWissLogo.png 240w, https:\/\/www.friedenkoeln.de\/wp-content\/uploads\/2018\/09\/cropped-NatWissLogo-150x96.png 150w, https:\/\/www.friedenkoeln.de\/wp-content\/uploads\/2018\/09\/cropped-NatWissLogo-80x50.png 80w\" sizes=\"auto, (max-width: 240px) 100vw, 240px\" \/>Die Naturwissenschaftlerinitiative \u201eVerantwortung f\u00fcr Frieden und Zukunftsf\u00e4higkeit\u201c wurde vor mehr als 30 Jahren gegr\u00fcndet in der Auseinandersetzung gegen die Stationierung der nuklearen Mittelstreckenraketen in Europa, die in den achtziger Jahren ein Antrieb f\u00fcr den Aufschwung der Friedensbewegung war. Die Absicht der Trump-Administration, den Vertrag zum Verbot dieser Waffen aufzuk\u00fcndigen, gef\u00e4hrdet den Weltfrieden.<\/p>\n<p>Aus der Besorgnis vor einer erneuten Stationierung atomarer Mittelstreckenraketen und mit der Warnung vor den Gefahren eines atomaren Wettr\u00fcstens wenden wir uns an die \u00d6ffentlichkeit unseres Landes, an die Politik und an die Friedensbewegung:<\/p>\n<p>Lassen Sie uns gemeinsam das INF-Abr\u00fcstungsabkommen verteidigen. Als bisher einziges Abkommen hat es zur Verschrottung einer ganzen Kategorie von Atomwaffen, also zu realer Abr\u00fcstung gef\u00fchrt. Es kann daher auch als Null-L\u00f6sung in anderen Bereichen dienen. Dieses von Michael Gorbatschow und Ronald Reagan im Dezember 1987 unterzeichnete Abkommen ist eine historische Errungenschaft des weltweiten Abr\u00fcstungsprozesses und darf nicht einer wahnwitzigen Aufr\u00fcstungs- und Konfrontationspolitik des jetzigen Pr\u00e4sidenten der USA Donald Trump und seiner rechtskonservativen Regierung geopfert werden.<\/p>\n<p>Das Ende des INF Vertrages w\u00e4re mehr als die Beendigung eines Vertrages, es w\u00e4re das Ende einer internationalen Abr\u00fcstungs- und R\u00fcstungskontrollpolitik, die Europa und die Welt sicherer gemacht hat vor den Gefahren eines Atomkrieges. Nur wenn wir dieses Abkommen verteidigen, kann die T\u00fcr zu einer Welt ohne Atomwaffen weiter ge\u00f6ffnet werden. Das Ende dieses Vertrages w\u00e4re ein schwerer politischer Schlag auch gegen den Atomwaffenverbotsvertrag. Ein ungehemmtes atomares Wettr\u00fcsten droht.<\/p>\n<p>Wenn es Verletzungen des INF Abkommens gegeben haben sollte, hat das INF-Vertragswerk dazu klare Regelungen. Die entsprechende Kommission der beiden Unterzeichnerstaaten muss einberufen werden. Dieses ist seit 2017 nicht mehr geschehen. Propagandistische Anklagen helfen nicht weiter und lenken von den wahren Motiven ungehemmter Aufr\u00fcstung ab.<\/p>\n<p>Die Naturwissenschaftlerinitiative fordert die Bundesregierung auf: Nehmen Sie in einer Regierungserkl\u00e4rung \u00f6ffentlich positiv zu dem Vertrag Stellung. Erkl\u00e4ren Sie unmissverst\u00e4ndlich, dass eine erneute Stationierung amerikanischer Mittelstreckenraketen auf deutschem Boden nicht infrage kommt und fordern Sie die USA auf, die noch stationierten Atomwaffen aus B\u00fcchel abzuziehen.<\/p>\n<p>Wir wenden uns an die Friedensbewegung: protestiert mit uns laut und un\u00fcberh\u00f6rbar gegen eine erneute atomare Aufr\u00fcstung. Eine Welt ohne Atomwaffen ist das Ziel, nicht ein atomar best\u00fccktes Europa.<\/p>\n<hr \/>\n<p><a href=\"http:\/\/www.natwiss.de\/\">NaturwissenschaftlerInnen-Initiative f\u00fcr Frieden und Zukunftsf\u00e4higkeit<\/a>,\u00a0Marienstr. 19\/20, 10117 Berlin<\/p>\n","protected":false},"excerpt":{"rendered":"<p>Die\u00a0Naturwissenschaftlerinitiative \u201eVerantwortung f\u00fcr Frieden und Zukunftsf\u00e4higkeit\u201c fordert: Rettet den INF-Vertrag zur Vernichtung aller landgest\u00fctzten Mittelstreckenraketen in Europa! Die Naturwissenschaftlerinitiative \u201eVerantwortung f\u00fcr Frieden und Zukunftsf\u00e4higkeit\u201c wurde vor mehr als 30 Jahren gegr\u00fcndet in der Auseinandersetzung&#46;&#46;&#46;<\/p>\n","protected":false},"author":110,"featured_media":0,"comment_status":"open","ping_status":"open","sticky":false,"template":"","format":"standard","meta":{"footnotes":""},"categories":[87],"tags":[42,120,33,112,68],"class_list":["post-12908","post","type-post","status-publish","format-standard","hentry","category-pressemitteilung","tag-abruestung","tag-abschreckung","tag-atomwaffen","tag-atomwaffenverbotsvertrag","tag-bundesregierung"],"_links":{"self":[{"href":"https:\/\/www.friedenkoeln.de\/index.php?rest_route=\/wp\/v2\/posts\/12908","targetHints":{"allow":["GET"]}}],"collection":[{"href":"https:\/\/www.friedenkoeln.de\/index.php?rest_route=\/wp\/v2\/posts"}],"about":[{"href":"https:\/\/www.friedenkoeln.de\/index.php?rest_route=\/wp\/v2\/types\/post"}],"author":[{"embeddable":true,"href":"https:\/\/www.friedenkoeln.de\/index.php?rest_route=\/wp\/v2\/users\/110"}],"replies":[{"embeddable":true,"href":"https:\/\/www.friedenkoeln.de\/index.php?rest_route=%2Fwp%2Fv2%2Fcomments&post=12908"}],"version-history":[{"count":2,"href":"https:\/\/www.friedenkoeln.de\/index.php?rest_route=\/wp\/v2\/posts\/12908\/revisions"}],"predecessor-version":[{"id":12910,"href":"https:\/\/www.friedenkoeln.de\/index.php?rest_route=\/wp\/v2\/posts\/12908\/revisions\/12910"}],"wp:attachment":[{"href":"https:\/\/www.friedenkoeln.de\/index.php?rest_route=%2Fwp%2Fv2%2Fmedia&parent=12908"}],"wp:term":[{"taxonomy":"category","embeddable":true,"href":"https:\/\/www.friedenkoeln.de\/index.php?rest_route=%2Fwp%2Fv2%2Fcategories&post=12908"},{"taxonomy":"post_tag","embeddable":true,"href":"https:\/\/www.friedenkoeln.de\/index.php?rest_route=%2Fwp%2Fv2%2Ftags&post=12908"}],"curies":[{"name":"wp","href":"https:\/\/api.w.org\/{rel}","templated":true}]}}