{"id":12963,"date":"2018-12-14T07:00:52","date_gmt":"2018-12-14T05:00:52","guid":{"rendered":"http:\/\/www.friedenkoeln.de\/?p=12963"},"modified":"2018-12-14T21:48:08","modified_gmt":"2018-12-14T19:48:08","slug":"krieg-jetzt-auch-bei-uns-wandgemaelde-holt-ferne-wirklichkeit-nach-koeln","status":"publish","type":"post","link":"https:\/\/www.friedenkoeln.de\/?p=12963","title":{"rendered":"Krieg jetzt auch bei uns? Wandgem\u00e4lde holt ferne Wirklichkeit nach K\u00f6ln"},"content":{"rendered":"<p><em>Von Stefanie Intveen<\/em>. Wer in K\u00f6ln-Nippes von der Haltestelle Neusser Stra\u00dfe \/ G\u00fcrtel aus Richtung Innenstadt l\u00e4uft, muss vielleicht zweimal hinschauen, um zu erfassen, was sich dem Blick bietet. Ist der Krieg jetzt auch zu uns gekommen? Eine Nanosekunde lang k\u00f6nnte der Gedanke aufblitzen.<\/p>\n<div id=\"attachment_13099\" style=\"width: 4443px\" class=\"wp-caption alignnone\"><img loading=\"lazy\" decoding=\"async\" aria-describedby=\"caption-attachment-13099\" class=\"size-full wp-image-13099\" src=\"http:\/\/www.friedenkoeln.de\/wp-content\/uploads\/2018\/11\/DSC_0109.jpg\" alt=\"Das Foto zeigt ausschnittsweise eine typische Stra\u00dfenfront eines hellblau und grau verputzten Mehrfamilienhauses mit wei\u00dfen Fensterrahmen; davor winterlich unbelaubte Stra\u00dfenb\u00e4ume, parkende Fahrzeuge, ein St\u00fcck Bauzaun auf dem B\u00fcrgersteig, eine Litfasss\u00e4ule mit Werbeplakaten. Anstelle der Seitenwand des Geb\u00e4udes sind die zerschossenen Ruinen hoher Mehrfamilienh\u00e4user zu sehen, ein Kampfflugzeug mit dunklem Glascockpit jagt auf den Betrachter zu, darunter brennt ein Fahrzeug.\" width=\"4433\" height=\"2766\" srcset=\"https:\/\/www.friedenkoeln.de\/wp-content\/uploads\/2018\/11\/DSC_0109.jpg 4433w, https:\/\/www.friedenkoeln.de\/wp-content\/uploads\/2018\/11\/DSC_0109-150x94.jpg 150w, https:\/\/www.friedenkoeln.de\/wp-content\/uploads\/2018\/11\/DSC_0109-768x479.jpg 768w, https:\/\/www.friedenkoeln.de\/wp-content\/uploads\/2018\/11\/DSC_0109-80x50.jpg 80w\" sizes=\"auto, (max-width: 4433px) 100vw, 4433px\" \/><p id=\"caption-attachment-13099\" class=\"wp-caption-text\">Wandgem\u00e4lde an der Neusser Stra\u00dfe 419 in K\u00f6ln-Nippes; Detail. Foto: Stefanie Intveen<\/p><\/div>\n<p>Aber nein, kein Brandgeruch, kein Dr\u00f6hnen der D\u00fcsenj\u00e4ger, keine Bombenexplosion. Es ist nur ein Wandgem\u00e4lde, das die fensterlose Seitenwand eines mehrst\u00f6ckigen Wohnhauses bedeckt. Es verbindet die hellblau verputzte Stra\u00dfenfassade des Hauses bildlich mit den zerschossenen Ruinen mehrst\u00f6ckiger Wohnh\u00e4user in einer fernen, einer anderen Stadt. Ein schwer bewaffnetes Kampfflugzeug mit d\u00fcsterem Cockpit scheint im Tiefflug \u00fcber die Ruinen auf den Betrachter zuzuschie\u00dfen, darunter brennt ein Autowrack. Die echten Fahrzeuge stehen gleich daneben auf dem Parkstreifen an der Neusser Stra\u00dfe.<\/p>\n<p>Wie lange dauert es, ein Haus zu bauen? Wie lange braucht ein Kampfbomber, um es in einen Haufen Schutt zu verwandeln? Jeder Mensch in K\u00f6ln hat die Fotos der zerschossenen Stadt am Endes des letzten Kriegs im Kopf. Der Luftkrieg gegen St\u00e4dte war ein Kriegsverbrechen; er ist es auch heute.<\/p>\n<p>Das Wandgem\u00e4lde zeigt nicht nur den Bombenkrieg gegen ein Wohngebiet; es ist viel gr\u00f6\u00dfer. Grafisch in vier Bereiche unterteilt zeigt es im oberen Teil ein Schlauchboot voller Menschen in orangefarbenen Rettungswesten. Das Boot verwandelt sich rechts in den Bug einer schicken Jacht, auf dem ein freundlicher dickb\u00e4uchiger Herr mit grauem Schnauzbart in Frack und Zylinder munter Geldscheine zu den aus der Ferne heranfliegenden Kampfjets in die Luft wirft. Die Fl\u00fcchtenden im Schlauchboot hinter sich sieht er nicht, denn er schaut in die andere Richtung. Neben der Jacht treiben die Geldscheine im Meer, neben dem Schlauchboot die Rettungswesten. W\u00e4hrend die Ruinen der bombardierten Stadt im Bildbereich unter dem Schlauchboot sind, ragen unterhalb der Jacht die Glitzerfassaden einer reichen Finanzmetropole empor &#8211; sie erinnern an London, Frankfurt oder Manhattan.<\/p>\n<p>Die beiden Sph\u00e4ren, die der Armut und Schutzlosigkeit auf der linken Bildh\u00e4lfte und die des \u00dcberflusses und der Sicherheit auf der rechten Seite sind miteinander verkn\u00fcpft &#8211; durch das Meer, durch die Stadt, durch die \u00c4hnlichkeit des Zylindermenschen und der Fl\u00fcchtenden im Boot; und auch durch die kreisf\u00f6rmig heranfliegenden, alles verbindenden Kampfjets, die ihren Schub aus dem Geld des Zylindermannes zu nehmen scheinen.<\/p>\n<div id=\"attachment_13102\" style=\"width: 3034px\" class=\"wp-caption alignnone\"><img loading=\"lazy\" decoding=\"async\" aria-describedby=\"caption-attachment-13102\" class=\"size-full wp-image-13102\" src=\"http:\/\/www.friedenkoeln.de\/wp-content\/uploads\/2018\/12\/IMG_2408-e1543785481206.jpg\" alt=\"Das Foto zeigt eine hohe fensterlose, hellblau verputzte Hauswand, die grafisch in vier Bereiche geteilt wurde: Oben links ist ein dunkles Schlauchboot im Meer zu sehen, in dem dicht gedr\u00e4ngt Menschen unterschiedlicher Hautfarbe, Alter und Geschlecht in orangefarbenen Rettungswesten sitzen; das Boot geht in den rechte Bildbereich \u00fcber, wo es sich in den Bug einer wei\u00dfen Jacht verwandelt, auf der ein dickb\u00e4uchiger freundlicher Herr mit grauen Haaren, Schnauzbart in Zylinder, schwarzem Anzug, wei\u00dfem Hemd und Fliege gro\u00dfe Geldscheine hoch in die Luft zu den dort fliegenden Kampfbombern wirft; die Scheine segeln herab und landen auf der Meeresoberfl\u00e4che. Unten rechts gl\u00e4nzen die Glasfassaden einer modernen Gro\u00dfstadt - es k\u00f6nnte der Finanzdistrikt in London oder Manhattan sein. Im Bildbereich unten links sind die zerschossenen Ruinen hoher Mehrfamilienh\u00e4user zu sehen, ein Kampfflugzeug mit dunklem Glascockpit jagt auf den Betrachter zu, darunter brennt ein Fahrzeug. \" width=\"3024\" height=\"4032\" srcset=\"https:\/\/www.friedenkoeln.de\/wp-content\/uploads\/2018\/12\/IMG_2408-e1543785481206.jpg 3024w, https:\/\/www.friedenkoeln.de\/wp-content\/uploads\/2018\/12\/IMG_2408-e1543785481206-113x150.jpg 113w, https:\/\/www.friedenkoeln.de\/wp-content\/uploads\/2018\/12\/IMG_2408-e1543785481206-768x1024.jpg 768w\" sizes=\"auto, (max-width: 3024px) 100vw, 3024px\" \/><p id=\"caption-attachment-13102\" class=\"wp-caption-text\">Wandgem\u00e4lde an der Neusser Stra\u00dfe 419 in K\u00f6ln-Nippes; Detail. Foto: Stefanie Intveen<\/p><\/div>\n<p>Das Gem\u00e4lde ist das Ergebnis einer Zusammenarbeit von zahlreichen Personen: die Prowo GmbH besitzt das Nutzungsrecht f\u00fcr die Hauswand und \u00fcbernahm die Kosten, ihr Gesch\u00e4ftsf\u00fchrer Herman Haver entwickelte die Idee, auf ihr ein sozialkritisches Kunstwerk zu schaffen, die Leiterin der an das Geb\u00e4ude angrenzenden Peter-Ustinov-Realschule Susanne Braun\u00a0unterst\u00fctzte die Idee und ihre Umsetzung, die Sch\u00fcler und Sch\u00fclerinnen des Kunstkurses der Abschlussklasse im Sommerhalbjahr 2018 w\u00e4hlten unter Anleitung des Kunstlehrers Alfred Niessen und der K\u00fcnstlerin Mandana Mesgarzadeh die Themen aus und entwarfen die Bestandteile des Gem\u00e4ldes. Die \u00dcbertragung der Entw\u00fcrfe auf die Wand \u00fcbernahm Mandana Mesgarzadeh, die dabei von Ute Adler unterst\u00fctzt wurde.<\/p>\n<div id=\"attachment_13171\" style=\"width: 450px\" class=\"wp-caption alignright\"><img loading=\"lazy\" decoding=\"async\" aria-describedby=\"caption-attachment-13171\" class=\"wp-image-13171\" src=\"http:\/\/www.friedenkoeln.de\/wp-content\/uploads\/2018\/12\/DSC_0123.jpg\" alt=\"\" width=\"440\" height=\"660\" srcset=\"https:\/\/www.friedenkoeln.de\/wp-content\/uploads\/2018\/12\/DSC_0123.jpg 2924w, https:\/\/www.friedenkoeln.de\/wp-content\/uploads\/2018\/12\/DSC_0123-100x150.jpg 100w, https:\/\/www.friedenkoeln.de\/wp-content\/uploads\/2018\/12\/DSC_0123-768x1153.jpg 768w, https:\/\/www.friedenkoeln.de\/wp-content\/uploads\/2018\/12\/DSC_0123-1998x3000.jpg 1998w\" sizes=\"auto, (max-width: 440px) 100vw, 440px\" \/><p id=\"caption-attachment-13171\" class=\"wp-caption-text\">Mitwirkende des Antikriegsbildes an der Neusser Stra\u00dfe 419 in K\u00f6ln (v.l.): Erdo\u011dan Hamutoglu, Lucia Kietzmann, Herman Haver, Angelina B\u00f6\u00dfler, Mandana Mezgarzadeh, Susanne Braun. Foto: Stefanie Intveen<\/p><\/div>\n<p>Die industrielle Fleischproduktion und der Fleischkonsum stehen im Zentrum eines weiteren Gem\u00e4ldes, das die Sch\u00fcler*innen mit Unterst\u00fctzung der K\u00fcnstlerinnen auf einer weiteren Wand entlang des Schulhofs verwirklichen konnten. Hier wird die Welt mit verkehrten Rollen dargestellt: es sind die Tiere, welche die Menschen am Flie\u00dfband zu &#8222;Menschenb\u00e4llchen frisch abgepackt 340g&#8220; verarbeiten.<\/p>\n<p>Einen Wechsel der Perspektive m\u00f6chte man auch dem Zylindermann in der Jacht auf dem ersten Gem\u00e4lde empfehlen: wenn er sich doch nur einmal nach den Menschen im Schlauchboot umschauen w\u00fcrde!<\/p>\n","protected":false},"excerpt":{"rendered":"<p>Von Stefanie Intveen. Wer in K\u00f6ln-Nippes von der Haltestelle Neusser Stra\u00dfe \/ G\u00fcrtel aus Richtung Innenstadt l\u00e4uft, muss vielleicht zweimal hinschauen, um zu erfassen, was sich dem Blick bietet. Ist der Krieg jetzt auch&#46;&#46;&#46;<\/p>\n","protected":false},"author":110,"featured_media":0,"comment_status":"open","ping_status":"open","sticky":false,"template":"","format":"standard","meta":{"footnotes":""},"categories":[107],"tags":[28,9,77,65,71,76],"class_list":["post-12963","post","type-post","status-publish","format-standard","hentry","category-kommentar","tag-fluchtlingen","tag-frieden-und-kunst","tag-militaerisch-industrieller-komplex","tag-schule","tag-waffenhandel","tag-wirtschaft"],"_links":{"self":[{"href":"https:\/\/www.friedenkoeln.de\/index.php?rest_route=\/wp\/v2\/posts\/12963","targetHints":{"allow":["GET"]}}],"collection":[{"href":"https:\/\/www.friedenkoeln.de\/index.php?rest_route=\/wp\/v2\/posts"}],"about":[{"href":"https:\/\/www.friedenkoeln.de\/index.php?rest_route=\/wp\/v2\/types\/post"}],"author":[{"embeddable":true,"href":"https:\/\/www.friedenkoeln.de\/index.php?rest_route=\/wp\/v2\/users\/110"}],"replies":[{"embeddable":true,"href":"https:\/\/www.friedenkoeln.de\/index.php?rest_route=%2Fwp%2Fv2%2Fcomments&post=12963"}],"version-history":[{"count":23,"href":"https:\/\/www.friedenkoeln.de\/index.php?rest_route=\/wp\/v2\/posts\/12963\/revisions"}],"predecessor-version":[{"id":13176,"href":"https:\/\/www.friedenkoeln.de\/index.php?rest_route=\/wp\/v2\/posts\/12963\/revisions\/13176"}],"wp:attachment":[{"href":"https:\/\/www.friedenkoeln.de\/index.php?rest_route=%2Fwp%2Fv2%2Fmedia&parent=12963"}],"wp:term":[{"taxonomy":"category","embeddable":true,"href":"https:\/\/www.friedenkoeln.de\/index.php?rest_route=%2Fwp%2Fv2%2Fcategories&post=12963"},{"taxonomy":"post_tag","embeddable":true,"href":"https:\/\/www.friedenkoeln.de\/index.php?rest_route=%2Fwp%2Fv2%2Ftags&post=12963"}],"curies":[{"name":"wp","href":"https:\/\/api.w.org\/{rel}","templated":true}]}}