{"id":12969,"date":"2018-11-04T16:41:30","date_gmt":"2018-11-04T14:41:30","guid":{"rendered":"http:\/\/www.friedenkoeln.de\/?p=12969"},"modified":"2018-11-04T16:41:30","modified_gmt":"2018-11-04T14:41:30","slug":"jetzt-an-sommerurlaub-2019-denken-friedensfahrradtour-nrw-2019-startet-am-3-august","status":"publish","type":"post","link":"https:\/\/www.friedenkoeln.de\/?p=12969","title":{"rendered":"Jetzt an Sommerurlaub 2019 denken &#8211; Friedensfahrradtour NRW 2019 startet am 3. August!"},"content":{"rendered":"<p>Die Friedensfahrradtour NRW 2019 startet am Samstag, den 3. August und endet am Sonntag, den 11. August 2018 (Abreisetag). Wie in den vergangenen Jahren wird die Tour rund um die Hiroshima- und Nagasaki-Gedenktage stattfinden, liegt damit in den Schulferien NRW und kann ab jetzt in die Urlaubsplanung einflie\u00dfen.<\/p>\n<div id=\"attachment_12580\" style=\"width: 377px\" class=\"wp-caption alignleft\"><img loading=\"lazy\" decoding=\"async\" aria-describedby=\"caption-attachment-12580\" class=\" wp-image-12580\" src=\"http:\/\/www.friedenkoeln.de\/wp-content\/uploads\/2018\/08\/fullsizeoutput_afa.jpeg\" alt=\"Eine Radfahrerin ist von hinten zu sehen. Eine gro\u00dfe regenbogenfarbene PACE-Fahne, die am Hinterrad angebracht ist, wird vom Wind nach rechts getrieben, so dass man die Aufschrift gut sieht.\" width=\"367\" height=\"306\" srcset=\"https:\/\/www.friedenkoeln.de\/wp-content\/uploads\/2018\/08\/fullsizeoutput_afa.jpeg 736w, https:\/\/www.friedenkoeln.de\/wp-content\/uploads\/2018\/08\/fullsizeoutput_afa-150x125.jpeg 150w\" sizes=\"auto, (max-width: 367px) 100vw, 367px\" \/><p id=\"caption-attachment-12580\" class=\"wp-caption-text\">\u201ePACE\u201c \u2013 Die Friedensfahne. Foto: Bodo Schmitz, www.mutbuergerdokus.de<\/p><\/div>\n<p>Die genaue Route wird noch entwickelt und in den n\u00e4chsten Monaten bekannt gegeben. Sicher ist, dass sie vorwiegend in Nordrhein-Westfalen liegen wird. Alle Neuigkeiten dazu sind dann auch in den Sozialen Medien unter #FFTNRW19 zu finden.<\/p>\n<p>Menschen, die Lust und Zeit haben, jetzt schon bei der Vorbereitung und weiteren Planung mitzuarbeiten, k\u00f6nnen sich gerne bei Joachim Schramm, dem Landesgesch\u00e4ftsf\u00fchrer NRW der DFG-VK, unter Tel.\u00a00231-818032 oder\u00a0dfg-vk.nrw(at)t-online.de melden.<\/p>\n<p>R\u00fcckblicke auf die #FFTNRW18 gibt es <a href=\"http:\/\/nrw.dfg-vk.de\/themen\/Fahrradtour.html\">hier<\/a>. Bodo Schmitz hat au\u00dferdem eine unterhaltsame Fotogalerie \u00fcber die #FFTNRW17 auf <a href=\"http:\/\/www.mutbuergerdokus.de\/html\/aktionen\/2017_08_05_friedensfahrradtour-nrw_teil1.htm\">Mutb\u00fcrgerdokus<\/a> ver\u00f6ffentlicht.<\/p>\n","protected":false},"excerpt":{"rendered":"<p>Die Friedensfahrradtour NRW 2019 startet am Samstag, den 3. August und endet am Sonntag, den 11. August 2018 (Abreisetag). Wie in den vergangenen Jahren wird die Tour rund um die Hiroshima- und Nagasaki-Gedenktage stattfinden,&#46;&#46;&#46;<\/p>\n","protected":false},"author":110,"featured_media":0,"comment_status":"open","ping_status":"open","sticky":false,"template":"","format":"standard","meta":{"footnotes":""},"categories":[104],"tags":[42,131],"class_list":["post-12969","post","type-post","status-publish","format-standard","hentry","category-ankuendigung","tag-abruestung","tag-urlaub"],"_links":{"self":[{"href":"https:\/\/www.friedenkoeln.de\/index.php?rest_route=\/wp\/v2\/posts\/12969","targetHints":{"allow":["GET"]}}],"collection":[{"href":"https:\/\/www.friedenkoeln.de\/index.php?rest_route=\/wp\/v2\/posts"}],"about":[{"href":"https:\/\/www.friedenkoeln.de\/index.php?rest_route=\/wp\/v2\/types\/post"}],"author":[{"embeddable":true,"href":"https:\/\/www.friedenkoeln.de\/index.php?rest_route=\/wp\/v2\/users\/110"}],"replies":[{"embeddable":true,"href":"https:\/\/www.friedenkoeln.de\/index.php?rest_route=%2Fwp%2Fv2%2Fcomments&post=12969"}],"version-history":[{"count":3,"href":"https:\/\/www.friedenkoeln.de\/index.php?rest_route=\/wp\/v2\/posts\/12969\/revisions"}],"predecessor-version":[{"id":12972,"href":"https:\/\/www.friedenkoeln.de\/index.php?rest_route=\/wp\/v2\/posts\/12969\/revisions\/12972"}],"wp:attachment":[{"href":"https:\/\/www.friedenkoeln.de\/index.php?rest_route=%2Fwp%2Fv2%2Fmedia&parent=12969"}],"wp:term":[{"taxonomy":"category","embeddable":true,"href":"https:\/\/www.friedenkoeln.de\/index.php?rest_route=%2Fwp%2Fv2%2Fcategories&post=12969"},{"taxonomy":"post_tag","embeddable":true,"href":"https:\/\/www.friedenkoeln.de\/index.php?rest_route=%2Fwp%2Fv2%2Ftags&post=12969"}],"curies":[{"name":"wp","href":"https:\/\/api.w.org\/{rel}","templated":true}]}}