{"id":12997,"date":"2018-11-12T10:13:10","date_gmt":"2018-11-12T08:13:10","guid":{"rendered":"http:\/\/www.friedenkoeln.de\/?p=12997"},"modified":"2018-11-12T10:13:10","modified_gmt":"2018-11-12T08:13:10","slug":"gefangen-in-gaza-ohne-ausweg","status":"publish","type":"post","link":"https:\/\/www.friedenkoeln.de\/?p=12997","title":{"rendered":"Gefangen in Gaza \u2013 ohne Ausweg?"},"content":{"rendered":"<p>Gemeinsam mit dem\u00a0St\u00e4dtepartnerschaftsverein K\u00f6ln-Bethlehem und dem K\u00f6lner Friedensforum laden wir anl\u00e4sslich der <strong>Ausstellung \u201eJenseits von Krieg \u2013 Alltag in Gaza\u201c<\/strong> am\u00a0zur <a href=\"http:\/\/www.friedenkoeln.de\/wp-content\/uploads\/2018\/11\/Flyer_Gefangen-in-Gaza_K\u00f6ln_20181113.pdf\">Diskussion<\/a> der Frage &#8222;Gefangen in Gaza &#8211; ohne Ausweg?&#8220; mit<\/p>\n<p style=\"text-align: center;\"><strong>Shir Hever<\/strong> (J\u00fcdische Stimme f\u00fcr einen gerechten Frieden in Nahost) und<\/p>\n<p style=\"text-align: center;\"><strong>Riad Othman<\/strong> (Medico International) am<\/p>\n<div class=\"entry-content clearfix\">\n<p style=\"text-align: center;\"><strong>Dienstag, 13. November 2018 um 19:00 Uhr\u00a0<\/strong>in das\u00a0<strong>Qu\u00e4ker Nachbarschaftsheim<\/strong>, Kreutzerstra\u00dfe 5-9, K\u00f6ln, ein.<\/p>\n<p><em>\u201eEs muss eine menschliche L\u00f6sung geben.\u201c<\/em><br \/>\n<small>Daniel Barenboim, j\u00fcdisch-israelischer Dirigent, am 19.\u00a0De\u00adzember 2017 in einem Gastbeitrag in der Zeit.<\/small><\/p>\n<div id=\"attachment_13000\" style=\"width: 436px\" class=\"wp-caption alignleft\"><img loading=\"lazy\" decoding=\"async\" aria-describedby=\"caption-attachment-13000\" class=\" wp-image-13000\" src=\"http:\/\/www.friedenkoeln.de\/wp-content\/uploads\/2018\/11\/1024px-Gaza_Beach.jpg\" alt=\"\" width=\"426\" height=\"279\" srcset=\"https:\/\/www.friedenkoeln.de\/wp-content\/uploads\/2018\/11\/1024px-Gaza_Beach.jpg 1024w, https:\/\/www.friedenkoeln.de\/wp-content\/uploads\/2018\/11\/1024px-Gaza_Beach-150x98.jpg 150w, https:\/\/www.friedenkoeln.de\/wp-content\/uploads\/2018\/11\/1024px-Gaza_Beach-768x503.jpg 768w\" sizes=\"auto, (max-width: 426px) 100vw, 426px\" \/><p id=\"caption-attachment-13000\" class=\"wp-caption-text\">Strand in Gaza 2006. Foto: Gus, Wikimedia Commons.<\/p><\/div>\n<p>Im Gaza-Streifen leben gut 1,8 Millio\u00adnen Men\u00adschen unter menschenun\u00adw\u00fcr\u00ad\u00addi\u00adgen Be\u00addingungen, die vor allem durch die an\u00adhal\u00adtende Abriegelung versch\u00e4rft wer\u00adden. Im Dezember 2017 hat die Ad\u00admi\u00adnis\u00adtration un\u00adter Donald Trump Je\u00adru\u00adsa\u00adlem als Haupt\u00adstadt Is\u00adra\u00adels anerkannt. Am Tag des Umzugs der US-Botschaft von Tel Aviv nach Je\u00adrusalem starben am 14. Mai 2018 bei Protesten in Gaza 62\u00a0Per\u00adso\u00adnen, die Mehrheit durch den Ein\u00ad\u00adsatz schar\u00adfer Munition, den die is\u00adra\u00adeli\u00adsche Re\u00adgierung an\u00adgek\u00fcndigt hatte. Im\u00admer wie\u00adder spitzen sich die Aus\u00adei\u00adnan\u00adder\u00adsetz\u00adun\u00adgen zwischen der Hamas im Gaza-Streifen und der is\u00adraelischen Re\u00adgierung zu.<\/p>\n<p>Welche Rolle spielt die Bun\u00addes\u00adre\u00adpu\u00adblik Deutschland? Welche Folgen hat die chro\u00adnische Finanzkrise der UNRWA f\u00fcr das Leben der Menschen vor Ort? Was sind die Ursachen des seit Jahr\u00adzehnten an\u00addauernden Konflikts und wie wirkt er sich auf die Bev\u00f6lkerung in Israel und Pal\u00e4stina aus? Gibt es grenz\u00ad\u00fcber\u00adschrei\u00adtende Initiativen, die zum Aus\u00adgangs\u00adpunkt f\u00fcr Ver\u00e4nderung werden k\u00f6nn\u00adten?<\/p>\n<p>Diese und andere Fragen wol\u00adlen wir mit Shir Hever von der J\u00fc\u00addi\u00adschen Stimme f\u00fcr einen gerechten Frie\u00adden in Nahost und Riad Othman von Medico Inter\u00adna\u00adtio\u00adnal diskutieren.<\/p>\n<\/div>\n","protected":false},"excerpt":{"rendered":"<p>Gemeinsam mit dem\u00a0St\u00e4dtepartnerschaftsverein K\u00f6ln-Bethlehem und dem K\u00f6lner Friedensforum laden wir anl\u00e4sslich der Ausstellung \u201eJenseits von Krieg \u2013 Alltag in Gaza\u201c am\u00a0zur Diskussion der Frage &#8222;Gefangen in Gaza &#8211; ohne Ausweg?&#8220; mit Shir Hever (J\u00fcdische&#46;&#46;&#46;<\/p>\n","protected":false},"author":110,"featured_media":0,"comment_status":"open","ping_status":"open","sticky":false,"template":"","format":"standard","meta":{"footnotes":""},"categories":[104],"tags":[66,9,99,73],"class_list":["post-12997","post","type-post","status-publish","format-standard","hentry","category-ankuendigung","tag-israel-palaestina","tag-frieden-und-kunst","tag-menschenrechte","tag-vereinte-nationen"],"_links":{"self":[{"href":"https:\/\/www.friedenkoeln.de\/index.php?rest_route=\/wp\/v2\/posts\/12997","targetHints":{"allow":["GET"]}}],"collection":[{"href":"https:\/\/www.friedenkoeln.de\/index.php?rest_route=\/wp\/v2\/posts"}],"about":[{"href":"https:\/\/www.friedenkoeln.de\/index.php?rest_route=\/wp\/v2\/types\/post"}],"author":[{"embeddable":true,"href":"https:\/\/www.friedenkoeln.de\/index.php?rest_route=\/wp\/v2\/users\/110"}],"replies":[{"embeddable":true,"href":"https:\/\/www.friedenkoeln.de\/index.php?rest_route=%2Fwp%2Fv2%2Fcomments&post=12997"}],"version-history":[{"count":3,"href":"https:\/\/www.friedenkoeln.de\/index.php?rest_route=\/wp\/v2\/posts\/12997\/revisions"}],"predecessor-version":[{"id":13002,"href":"https:\/\/www.friedenkoeln.de\/index.php?rest_route=\/wp\/v2\/posts\/12997\/revisions\/13002"}],"wp:attachment":[{"href":"https:\/\/www.friedenkoeln.de\/index.php?rest_route=%2Fwp%2Fv2%2Fmedia&parent=12997"}],"wp:term":[{"taxonomy":"category","embeddable":true,"href":"https:\/\/www.friedenkoeln.de\/index.php?rest_route=%2Fwp%2Fv2%2Fcategories&post=12997"},{"taxonomy":"post_tag","embeddable":true,"href":"https:\/\/www.friedenkoeln.de\/index.php?rest_route=%2Fwp%2Fv2%2Ftags&post=12997"}],"curies":[{"name":"wp","href":"https:\/\/api.w.org\/{rel}","templated":true}]}}