{"id":13003,"date":"2018-11-13T09:03:25","date_gmt":"2018-11-13T07:03:25","guid":{"rendered":"http:\/\/www.friedenkoeln.de\/?p=13003"},"modified":"2018-11-13T09:03:25","modified_gmt":"2018-11-13T07:03:25","slug":"koelner-erzbischof-rainer-woelki-zum-ende-des-ersten-weltkriegs-wer-sich-fuer-gerechtigkeit-und-versoehnung-einsetzt-ist-ein-bote-des-friedens","status":"publish","type":"post","link":"https:\/\/www.friedenkoeln.de\/?p=13003","title":{"rendered":"K\u00f6lner Erzbischof Rainer Woelki zum Ende des Ersten Weltkriegs: Wer sich f\u00fcr Gerechtigkeit und Vers\u00f6hnung einsetzt, ist ein Bote des Friedens"},"content":{"rendered":"<div id=\"content\" class=\"style-scope ytd-expander\">\n<div>Der K\u00f6lner Erzbischof Rainer Maria Kardinal Woelki wendet sich regelm\u00e4\u00dfig mit kurzen Videobotschaften an die \u00d6ffentlichkeit. Wir drucken hier seinen vom <a href=\"https:\/\/www.domradio.de\/radio\/sendungen\/wort-des-bischofs\/der-friede-sei-mit-euch-wort-des-bischofs\">Domradio<\/a> bereitgestellten Beitrag vom 11. November 2018.<\/div>\n<div>\n<hr \/>\n<\/div>\n<h4>Bisch\u00f6fe predigten Hass, nur der damalige Papst rief erfolglos zum Frieden auf<\/h4>\n<div id=\"description\" class=\"style-scope ytd-video-secondary-info-renderer\">Heute vor genau 100 Jahren endete der Erste Weltkrieg. Ein ganz dunkles Kapitel unserer Geschichte. \u00dcber 17 Millionen Tote, unz\u00e4hlige Verletzte, Not und Elend soweit das Auge reichte. Eine ersch\u00fctternde Bilanz. Auch in unserer katholischen Geschichte war der Erste Weltkrieg nun wahrlich kein Ruhmesblatt. Priester und Bisch\u00f6fe predigten Hass von ihren Kanzeln, segneten Waffen und Kanonen auf beiden Seiten der Front. Nur der damalige Papst, der rief mit drastischen, aber leider auch erfolglosen Worten zum Frieden auf. Das Ende des Krieges vor 100 Jahren bedeutete nicht automatisch Frieden. Es brauchte noch einen weiteren, schrecklichen Zweiten Weltkrieg, bis auf europ\u00e4ischem Boden \u00fcberall klar war: \u201eNie wieder Krieg!\u201c Diese Botschaft, die d\u00fcrfen wir niemals vergessen.<\/div>\n<h4>F\u00fcr den Frieden k\u00e4mpfen mit den Werkzeugen des Friedens!<\/h4>\n<div class=\"style-scope ytd-video-secondary-info-renderer\"><div id=\"attachment_10296\" style=\"width: 333px\" class=\"wp-caption alignright\"><img loading=\"lazy\" decoding=\"async\" aria-describedby=\"caption-attachment-10296\" class=\" wp-image-10296\" src=\"http:\/\/www.friedenkoeln.de\/wp-content\/uploads\/2017\/02\/Southern_door_Cologne_Cathedral_4516-1024x769.jpg\" alt=\"Das Bild zeigt eine k\u00fcnstlerische Verzierung einer Bronzet\u00fcr des K\u00f6lner Doms: die Friedenstaube mit einem \u00d6lbaumzweig im Schnabel vor himmelblauem Hintergrund; dar\u00fcber die Bischofsm\u00fctze mit der Stola.\" width=\"323\" height=\"242\" srcset=\"https:\/\/www.friedenkoeln.de\/wp-content\/uploads\/2017\/02\/Southern_door_Cologne_Cathedral_4516-1024x769.jpg 1024w, https:\/\/www.friedenkoeln.de\/wp-content\/uploads\/2017\/02\/Southern_door_Cologne_Cathedral_4516-1024x769-768x577.jpg 768w, https:\/\/www.friedenkoeln.de\/wp-content\/uploads\/2017\/02\/Southern_door_Cologne_Cathedral_4516-1024x769-956x718.jpg 956w\" sizes=\"auto, (max-width: 323px) 100vw, 323px\" \/><p id=\"caption-attachment-10296\" class=\"wp-caption-text\">T\u00fcrdetail, S\u00fcdfassade des K\u00f6lner Doms. Foto: T. Voekler (Own work) [CC BY-SA 3.0]<\/p><\/div>Selbst wenn wir heute friedlich im gemeinsamen Haus Europas zusammenleben und unsere Konflikte nicht mehr mit Waffen l\u00f6sen, bleibt der Frieden eine permanente Herausforderung und Aufgabe. Nicht nur f\u00fcr die Politiker, sondern f\u00fcr einen jeden von uns! \u201eMeide das B\u00f6se, tu das Gute, suche den Frieden, jage ihm nach!\u201c Dieser urchristliche Auftrag, der findet sich schon in den Psalmen des Alten Testaments. Wir merken heute an allen Ecken der Erde, dass uns friedliche Zeiten nicht so einfach in den Scho\u00df fallen. Gerade f\u00fcr den Frieden gilt es zu k\u00e4mpfen! Nicht mit Kriegswerkzeugen, die t\u00f6ten, sondern mit den Werkzeugen des Friedens. Jeder, der sich f\u00fcr Gerechtigkeit und Vers\u00f6hnung einsetzt, ist ein Bote des Friedens. Und Christus steht ihm dabei an der Seite. Sein Auftrag gilt bis heute: \u201eEuch muss es zuerst um das Reich Gottes und seine Gerechtigkeit gehen, dann wird Euch alles andere dazugegeben!\u201c Also: \u201eDer Friede, der mag Euch dazugegeben werden, und vor allem sei er mit Euch allen!\u201c<\/div>\n<div><\/div>\n<div class=\"style-scope ytd-video-secondary-info-renderer\">Ihr Rainer Woelki Erzbischof von K\u00f6ln<\/div>\n<\/div>\n<div id=\"collapsible\" class=\"style-scope ytd-metadata-row-container-renderer\"><\/div>\n","protected":false},"excerpt":{"rendered":"<p>Der K\u00f6lner Erzbischof Rainer Maria Kardinal Woelki wendet sich regelm\u00e4\u00dfig mit kurzen Videobotschaften an die \u00d6ffentlichkeit. Wir drucken hier seinen vom Domradio bereitgestellten Beitrag vom 11. November 2018. Bisch\u00f6fe predigten Hass, nur der damalige&#46;&#46;&#46;<\/p>\n","protected":false},"author":110,"featured_media":0,"comment_status":"open","ping_status":"open","sticky":false,"template":"","format":"standard","meta":{"footnotes":""},"categories":[111],"tags":[45,59,3,4],"class_list":["post-13003","post","type-post","status-publish","format-standard","hentry","category-rede","tag-geschichte","tag-kirche","tag-pazifismus","tag-zivile-konfliktloesung"],"_links":{"self":[{"href":"https:\/\/www.friedenkoeln.de\/index.php?rest_route=\/wp\/v2\/posts\/13003","targetHints":{"allow":["GET"]}}],"collection":[{"href":"https:\/\/www.friedenkoeln.de\/index.php?rest_route=\/wp\/v2\/posts"}],"about":[{"href":"https:\/\/www.friedenkoeln.de\/index.php?rest_route=\/wp\/v2\/types\/post"}],"author":[{"embeddable":true,"href":"https:\/\/www.friedenkoeln.de\/index.php?rest_route=\/wp\/v2\/users\/110"}],"replies":[{"embeddable":true,"href":"https:\/\/www.friedenkoeln.de\/index.php?rest_route=%2Fwp%2Fv2%2Fcomments&post=13003"}],"version-history":[{"count":3,"href":"https:\/\/www.friedenkoeln.de\/index.php?rest_route=\/wp\/v2\/posts\/13003\/revisions"}],"predecessor-version":[{"id":13006,"href":"https:\/\/www.friedenkoeln.de\/index.php?rest_route=\/wp\/v2\/posts\/13003\/revisions\/13006"}],"wp:attachment":[{"href":"https:\/\/www.friedenkoeln.de\/index.php?rest_route=%2Fwp%2Fv2%2Fmedia&parent=13003"}],"wp:term":[{"taxonomy":"category","embeddable":true,"href":"https:\/\/www.friedenkoeln.de\/index.php?rest_route=%2Fwp%2Fv2%2Fcategories&post=13003"},{"taxonomy":"post_tag","embeddable":true,"href":"https:\/\/www.friedenkoeln.de\/index.php?rest_route=%2Fwp%2Fv2%2Ftags&post=13003"}],"curies":[{"name":"wp","href":"https:\/\/api.w.org\/{rel}","templated":true}]}}