{"id":13007,"date":"2018-11-14T18:09:33","date_gmt":"2018-11-14T16:09:33","guid":{"rendered":"http:\/\/www.friedenkoeln.de\/?p=13007"},"modified":"2018-11-14T18:10:37","modified_gmt":"2018-11-14T16:10:37","slug":"ursula-forner-ueber-koelner-beitraege-zur-abschaffung-der-atomwaffen-ausstellung-eroeffnet","status":"publish","type":"post","link":"https:\/\/www.friedenkoeln.de\/?p=13007","title":{"rendered":"Ursula Forner \u00fcber K\u00f6lner Beitr\u00e4ge zur Abschaffung der Atomwaffen &#8211; Ausstellung er\u00f6ffnet"},"content":{"rendered":"<p><em>Von Ursula Forner.\u00a0<\/em><\/p>\n<blockquote><p>Lasst uns unsere unersetzliche Erde sch\u00fctzen vor den Atomwaffen.<\/p><\/blockquote>\n<p>Das waren die Worte von Herrn Kazuo Soda, und er gewann damit die Herzen der Menschen auf seinen privaten Friedenspilgerreisen, die ihn aus seiner Heimat Fukuoka nach Frankreich, \u00d6sterreich, Deutschland, Kanada usw. f\u00fchrten. Herr Soda war f\u00fcnfzehn Jahre alt, als die Atombombe auf seine Vaterstadt Nagasaki abgeworfen wurde.<span class=\"Apple-converted-space\">\u00a0<\/span><\/p>\n<div id=\"attachment_12126\" style=\"width: 489px\" class=\"wp-caption alignright\"><img loading=\"lazy\" decoding=\"async\" aria-describedby=\"caption-attachment-12126\" class=\" wp-image-12126\" src=\"http:\/\/www.friedenkoeln.de\/wp-content\/uploads\/2018\/04\/link-42-Foto-06-08-1995-K\u00f6ln-Domplatte-Scan-171016-0001b.jpg\" alt=\"Ein kleiner asiatisch aussehender Mann in wei\u00dfer Sommerhose und wei\u00dfem Hemd und eine Frau in T-Shirt und Bermuda-Shorts lesen Texte und sprechen in ein Mikrophon. Sie stehen am Hauptportal des K\u00f6lner Doms. Im Hintergrund eine Wand aus lauter Pappschildern, die beschriftet wurden. Dar\u00fcber h\u00e4ngt ein Transparent mit der Aufschrift &quot;Your signature is a step to elimination of nuclear weapons!&quot; Ein weiteres Transparent mit der Aufschrift &quot;Schluss mit dem nuklearen Wahnsinn&quot; h\u00e4ngt an der Wand. Links sind Zuh\u00f6rer zu sehen.\" width=\"479\" height=\"327\" srcset=\"https:\/\/www.friedenkoeln.de\/wp-content\/uploads\/2018\/04\/link-42-Foto-06-08-1995-K\u00f6ln-Domplatte-Scan-171016-0001b.jpg 2038w, https:\/\/www.friedenkoeln.de\/wp-content\/uploads\/2018\/04\/link-42-Foto-06-08-1995-K\u00f6ln-Domplatte-Scan-171016-0001b-768x525.jpg 768w, https:\/\/www.friedenkoeln.de\/wp-content\/uploads\/2018\/04\/link-42-Foto-06-08-1995-K\u00f6ln-Domplatte-Scan-171016-0001b-1024x700.jpg 1024w\" sizes=\"auto, (max-width: 479px) 100vw, 479px\" \/><p id=\"caption-attachment-12126\" class=\"wp-caption-text\">&#8222;Your signature is a step to elimination of nuclear weapons!&#8220; und &#8222;Schluss mit dem nuklearen Wahnsinn&#8220;. Gedenken an Hiroshima auf der Domplatte am 6.8.1995 zum 50. Jahrestag des Atombombenabwurfs. Es spricht Kazuo Soda. Foto: Ulrike Dammers<\/p><\/div>\n<p>Bei seinem ersten Besuch in K\u00f6ln 1992 lernte er die Klagemauer f\u00fcr Frieden von Walter Hermann am K\u00f6lner Dom kennen, war begeistert und kehrte fast j\u00e4hrlich im August zur\u00fcck nach K\u00f6ln bis 2013. Er berichtete von den verheerenden Folgen der Atombombenabw\u00fcrfe und warb leidenschaftlich f\u00fcr die Abschaffung der Nuklearwaffen weltweit und den Frieden unter den V\u00f6lkern.<span class=\"Apple-converted-space\">\u00a0<\/span><\/p>\n<p>An der Klagemauer lagen Listen aus, und Zehntausende aus aller Welt unterschrieben am K\u00f6lner Dom die Forderung nach Abschaffung der menschenverachtenden Waffen. Der Versand der Pakete mit den Listen erfolgte durch die Stadt K\u00f6ln an die Vereinten Nationen.<\/p>\n<p>Der Rat der Stadt hatte K\u00f6ln im Oktober 1984 zur Atomwaffenfreien Zone erkl\u00e4rt, im April 1985 wurde die Stadt Mitglied im \u201eInternationalen St\u00e4dteb\u00fcndnis mit Hiroshima und Nagasaki zur F\u00f6rderung der Solidarit\u00e4t der St\u00e4dte mit dem Ziel der vollst\u00e4ndigen Abschaffung der Atomwaffen in aller Welt\u201c, kurz: Mayors for Peace.<\/p>\n<p>Im Jahr 2000 schenkte Kazuo Soda den B\u00fcrgerinnen und B\u00fcrgern der Stadt K\u00f6ln die Ausstellung &#8222;Die Atombombe und der Mensch&#8220;, herausgegeben von Nihon Hidankyo, der Vereinigung der japanischen Atombombenopfer, genannt Hibakusha.<span class=\"Apple-converted-space\">\u00a0<\/span><\/p>\n<p>Die Stadt legte die Verantwortung f\u00fcr die Ausstellung in die H\u00e4nde der Friedensbewegung, und es bildete sich zu ihrer Betreuung der Arbeitskreis Hiroshima-Nagasaki.<\/p>\n<p>Gleichzeitig startete ein B\u00fcrgerantrag zur Benennung einer Stra\u00dfe oder eines Platzes nach Hiroshima und Nagasaki, dem die Bezirksvertretung Innenstadt im Dezember 2001 stattgab mit der Benennung des Parks am Aachener Weiher im Inneren Gr\u00fcng\u00fcrtel in Hiroshima-Nagasaki-Park.<span class=\"Apple-converted-space\">\u00a0<\/span><\/p>\n<p>Die Einweihung erfolgte am 7. August 2004 mit einem gro\u00dfen Fest im Museum f\u00fcr Ostasiatische Kunst und auf den Parkwiesen. Der K\u00f6lner Oberb\u00fcrgermeister war vertreten durch die B\u00fcrgermeisterin Renate Canisius, unter den Festrednern war selbstverst\u00e4ndlich auch Kazuo Soda, seit 2001 Tr\u00e4ger des Aachener Friedenspreises. Er sagte damals:<\/p>\n<blockquote><p>Wir brauchen keine Milit\u00e4rbasen, wir brauchen Friedensbasen wie diesen Park.<\/p><\/blockquote>\n<p>Im Jahr 2005 geh\u00f6rte K\u00f6ln zu den Unterzeichnerst\u00e4dten der Verpflichtung &#8222;Atomwaffenfrei bis 2020&#8220;\u00a0der Mayors for Peace.<\/p>\n<div id=\"attachment_10329\" style=\"width: 367px\" class=\"wp-caption alignleft\"><img loading=\"lazy\" decoding=\"async\" aria-describedby=\"caption-attachment-10329\" class=\" wp-image-10329\" src=\"http:\/\/www.friedenkoeln.de\/wp-content\/uploads\/2017\/02\/Gedenkstein-Foto_von_Konrad_2007_wp.jpg\" alt=\"\" width=\"357\" height=\"238\" srcset=\"https:\/\/www.friedenkoeln.de\/wp-content\/uploads\/2017\/02\/Gedenkstein-Foto_von_Konrad_2007_wp.jpg 1300w, https:\/\/www.friedenkoeln.de\/wp-content\/uploads\/2017\/02\/Gedenkstein-Foto_von_Konrad_2007_wp-320x213.jpg 320w, https:\/\/www.friedenkoeln.de\/wp-content\/uploads\/2017\/02\/Gedenkstein-Foto_von_Konrad_2007_wp-634x423.jpg 634w, https:\/\/www.friedenkoeln.de\/wp-content\/uploads\/2017\/02\/Gedenkstein-Foto_von_Konrad_2007_wp-924x616.jpg 924w, https:\/\/www.friedenkoeln.de\/wp-content\/uploads\/2017\/02\/Gedenkstein-Foto_von_Konrad_2007_wp-139x94.jpg 139w\" sizes=\"auto, (max-width: 357px) 100vw, 357px\" \/><p id=\"caption-attachment-10329\" class=\"wp-caption-text\">Gedenkstein im Hiroshima-Nagasaki-Park K\u00f6ln. Foto: Konrad H\u00f6cker, 5.8.2007.<\/p><\/div>\n<p>Im<span class=\"Apple-converted-space\">\u00a0 <\/span>August 2007 konnten wir das Mahnmal \u201eAtomwaffen abschaffen\u201c im Hiroshima-Nagasaki-Park enth\u00fcllen. Dort und am K\u00f6lner Dom finden j\u00e4hrlich am 6. und 9. August Kundgebungen und Gedenkveranstaltungen statt.<span class=\"Apple-converted-space\">\u00a0<\/span><\/p>\n<p>Vor<span class=\"Apple-converted-space\">\u00a0 <\/span>einigen Jahren haben die deutschen &#8222;B\u00fcrgermeister f\u00fcr den Frieden&#8220; den Flaggentag<span class=\"Apple-converted-space\">\u00a0 <\/span>ins Leben gerufen. Am 8. Juli 1996 stellte der Internationale Gerichtshof in Den Haag in einem Rechtsgutachten fest, dass die Androhung und der Einsatz von Atomwaffen generell mit den Regeln des internationalen Kriegsv\u00f6lkerrechts unvereinbar sind.<span class=\"Apple-converted-space\">\u00a0<\/span>Darum wird am 8. Juli die gr\u00fcne Friedensfahne der Mayors for Peace an den Rath\u00e4usern gehisst. Nach einer \u00c4nderung der K\u00f6lner Flaggenordnung vor drei Jahren ist K\u00f6ln auch bei den \u00fcber 270 deutschen St\u00e4dten, die damit ihre Forderung nach Abschaffung aller Nuklearwaffen untermauern.<span class=\"Apple-converted-space\">\u00a0<\/span><\/p>\n<p>Aufgrund eines B\u00fcrgerantrags bekr\u00e4ftigte der K\u00f6lner Petititionsausschuss mit den Stimmen von CDU, SPD, Gr\u00fcnen und Linken im April 2017 die beiden Beschl\u00fcsse des Stadtrats aus den Jahren 1984 und 1985 zur \u00c4chtung der Atomwaffen.<span class=\"Apple-converted-space\">\u00a0<\/span><\/p>\n<p>Die K\u00f6lner Oberb\u00fcrgermeisterin Henriette Reker schrieb 2017 in einem Gru\u00dfwort an die Friedensradfahrer:<span class=\"Apple-converted-space\">\u00a0 <\/span><\/p>\n<blockquote><p>Als B\u00fcrgermeisterin f\u00fcr den Frieden setze ich mich daf\u00fcr ein, Atomwaffen weltweit abzuschaffen, insbesondere auch, die Atombomben beim Jagdbombergeschwader 33 in B\u00fcchel abzuziehen.<span class=\"Apple-converted-space\">\u00a0<\/span><\/p><\/blockquote>\n<p><img loading=\"lazy\" decoding=\"async\" class=\" wp-image-11572 alignright\" src=\"http:\/\/www.friedenkoeln.de\/wp-content\/uploads\/2017\/12\/ICAN-Stempel-8.png\" alt=\"\" width=\"253\" height=\"236\" srcset=\"https:\/\/www.friedenkoeln.de\/wp-content\/uploads\/2017\/12\/ICAN-Stempel-8.png 863w, https:\/\/www.friedenkoeln.de\/wp-content\/uploads\/2017\/12\/ICAN-Stempel-8-768x715.png 768w\" sizes=\"auto, (max-width: 253px) 100vw, 253px\" \/>Dort lagern ja bekanntlich auf dem NATO-Flugplatz ca. zwanzig Atombomben, die die USA zur Zeit einer Modernisierung unterziehen. In einem Einsatzfall mu\u00df die Bundeswehr diese Waffen mit ihren Maschinen ins Ziel fliegen. Das ist Bestandteil der \u201eNuklearen Teilhabe\u201c der Bundesrepublik.<span class=\"Apple-converted-space\">\u00a0<\/span><\/p>\n<p>\u00dcbrigens ist der Arbeitskreis Hiroshima-Nagasaki Mitglied im Tr\u00e4gerkreis &#8222;Atomwaffen abschaffen \u2013 B\u00fcchel ist \u00fcberall!&#8220;. Der Tr\u00e4gerkreis wiederum geh\u00f6rt zu ICAN, &#8222;International Campaign to abolish Nuclear Weapons&#8220;. ICAN erhielt ja bekanntlich 2017 den Friedensnobelpreis f\u00fcr die Erstellung eines Atomwaffenverbotsvertrags. Bis zu dessen Ratifizierung durch mindestens 50% der Staatengemeinschaft wird wohl noch sehr viel Engagement, Zeit und Geduld investiert werden m\u00fcssen, aber:<\/p>\n<blockquote><p>We shall overcome!<\/p><\/blockquote>\n<hr \/>\n<p><em>Ursula Forner ist Mitglied des Arbeitskreises\u00a0Hiroshima-Nagasaki im K\u00f6lner Friedensforum. Sie hielt diese Rede am 10. November 2018 in der <a href=\"http:\/\/www.dellbrueck-holweide.kirche-koeln.de\/jm\/termine\/details\/5012-die-wuerde-des-lebens-beschuetzen-ausstellungseroeffnung\">Vers\u00f6hnungskirche in K\u00f6ln-Holweide<\/a> zur Er\u00f6ffnung der <a href=\"https:\/\/www.sgi-d.org\/ausstellung-koeln\/\">Ausstellung\u00a0&#8222;Die W\u00fcrde des Lebens besch\u00fctzen. F\u00fcr eine Welt ohne Atomwaffen.&#8220;<\/a><\/em><\/p>\n<p><em>Die Ausstellung l\u00e4uft noch bis zum 21. November 2018.<\/em><\/p>\n","protected":false},"excerpt":{"rendered":"<p>Von Ursula Forner.\u00a0 Lasst uns unsere unersetzliche Erde sch\u00fctzen vor den Atomwaffen. Das waren die Worte von Herrn Kazuo Soda, und er gewann damit die Herzen der Menschen auf seinen privaten Friedenspilgerreisen, die ihn&#46;&#46;&#46;<\/p>\n","protected":false},"author":110,"featured_media":0,"comment_status":"open","ping_status":"open","sticky":false,"template":"","format":"standard","meta":{"footnotes":""},"categories":[104,111],"tags":[42,33,45,61],"class_list":["post-13007","post","type-post","status-publish","format-standard","hentry","category-ankuendigung","category-rede","tag-abruestung","tag-atomwaffen","tag-geschichte","tag-kommunale-friedensarbeit"],"_links":{"self":[{"href":"https:\/\/www.friedenkoeln.de\/index.php?rest_route=\/wp\/v2\/posts\/13007","targetHints":{"allow":["GET"]}}],"collection":[{"href":"https:\/\/www.friedenkoeln.de\/index.php?rest_route=\/wp\/v2\/posts"}],"about":[{"href":"https:\/\/www.friedenkoeln.de\/index.php?rest_route=\/wp\/v2\/types\/post"}],"author":[{"embeddable":true,"href":"https:\/\/www.friedenkoeln.de\/index.php?rest_route=\/wp\/v2\/users\/110"}],"replies":[{"embeddable":true,"href":"https:\/\/www.friedenkoeln.de\/index.php?rest_route=%2Fwp%2Fv2%2Fcomments&post=13007"}],"version-history":[{"count":16,"href":"https:\/\/www.friedenkoeln.de\/index.php?rest_route=\/wp\/v2\/posts\/13007\/revisions"}],"predecessor-version":[{"id":13023,"href":"https:\/\/www.friedenkoeln.de\/index.php?rest_route=\/wp\/v2\/posts\/13007\/revisions\/13023"}],"wp:attachment":[{"href":"https:\/\/www.friedenkoeln.de\/index.php?rest_route=%2Fwp%2Fv2%2Fmedia&parent=13007"}],"wp:term":[{"taxonomy":"category","embeddable":true,"href":"https:\/\/www.friedenkoeln.de\/index.php?rest_route=%2Fwp%2Fv2%2Fcategories&post=13007"},{"taxonomy":"post_tag","embeddable":true,"href":"https:\/\/www.friedenkoeln.de\/index.php?rest_route=%2Fwp%2Fv2%2Ftags&post=13007"}],"curies":[{"name":"wp","href":"https:\/\/api.w.org\/{rel}","templated":true}]}}