{"id":13063,"date":"2018-12-01T20:49:39","date_gmt":"2018-12-01T18:49:39","guid":{"rendered":"http:\/\/www.friedenkoeln.de\/?p=13063"},"modified":"2018-12-01T20:49:39","modified_gmt":"2018-12-01T18:49:39","slug":"ein-brief-von-ariane-dettloff-zum-prozesstermin-am-12-dezember-2018-ist-ziviler-ungehorsam-gegen-atomwaffen-strafbar","status":"publish","type":"post","link":"https:\/\/www.friedenkoeln.de\/?p=13063","title":{"rendered":"Ein Brief von Ariane Dettloff zum Prozesstermin am 12. Dezember 2018: Ist Ziviler Ungehorsam gegen Atomwaffen strafbar?"},"content":{"rendered":"<div><em>Ein Brief von Ariane Dettloff, DFG-VK Gruppe K\u00f6ln.<\/em><\/div>\n<div id=\"attachment_13074\" style=\"width: 282px\" class=\"wp-caption alignleft\"><img loading=\"lazy\" decoding=\"async\" aria-describedby=\"caption-attachment-13074\" class=\" wp-image-13074\" src=\"http:\/\/www.friedenkoeln.de\/wp-content\/uploads\/2018\/11\/DSC_0094-e1543611060135.jpg\" alt=\"Kopfportr\u00e4t einer fr\u00f6hlich in die Kamera l\u00e4chelnden h\u00fcbschen Dame mit dicken welligen, \u00fcber Schulter langen wei\u00dfen Haaren, die unter einem dunkelblauen Hut mit breiter weicher Krempe hervorquellen.\" width=\"272\" height=\"408\" srcset=\"https:\/\/www.friedenkoeln.de\/wp-content\/uploads\/2018\/11\/DSC_0094-e1543611060135.jpg 3072w, https:\/\/www.friedenkoeln.de\/wp-content\/uploads\/2018\/11\/DSC_0094-e1543611060135-100x150.jpg 100w, https:\/\/www.friedenkoeln.de\/wp-content\/uploads\/2018\/11\/DSC_0094-e1543611060135-768x1152.jpg 768w, https:\/\/www.friedenkoeln.de\/wp-content\/uploads\/2018\/11\/DSC_0094-e1543611060135-2000x3000.jpg 2000w\" sizes=\"auto, (max-width: 272px) 100vw, 272px\" \/><p id=\"caption-attachment-13074\" class=\"wp-caption-text\">Ariane Dettloff bei der Kundgebung &#8222;Abr\u00fcsten statt Aufr\u00fcsten&#8220; am 3.11.2018 auf dem Wallrafplatz K\u00f6ln. Foto: Stefanie Intveen.<\/p><\/div>\n<p>Liebe Freund*innen,<br \/>\nich habe mich mit einem Go-in auf die Startbahn des Atombombenst\u00fctzpunkts B\u00fcchel am Widerstand gegen die Nukleare Teilhabe der Bundeswehr und ihr t\u00e4gliches \u00dcben f\u00fcr einen Atomkrieg beteiligt.\u00a0Wir kooperieren bei unseren anstehenden Prozessen mit der Gruppe &#8222;<a href=\"http:\/\/junepa.blogsport.eu\/aktionen\/widerspruch\/\">Wider\u00a7pruch<\/a>&#8222;. Da wir uns weitere Unterst\u00fctzer*innen w\u00fcnschen, sende ich Euch diese Prozessinformation und unsere Einladung zum Mitmachen sowie unsere Kontonummer, falls Ihr den Zivilen Ungehorsam gegen die v\u00f6lkerrechts- und grundgesetzwidrige Stationierung der US-Atomwaffen \u00a0in B\u00fcchel\/Eifel mit einer Spende unterst\u00fctzen m\u00f6gt.<br \/>\nKonto:<br \/>\nKontoinhaber: Uwe Scholten<br \/>\nVerwendungszweck: &#8222;Aktion B\u00fcchel 2018&#8220;<br \/>\nIBAN: DE64 5235 0005 0000 7696 87<br \/>\nSparkasse Waldeck-Frankenberg<br \/>\nHELADEF1KOR<\/p>\n<p>In der n\u00e4chsten Zeit finden mehrere interessante Prozesse zum Zivilen Ungehorsam gegen Atomwaffen in B\u00fcchel statt.Dazu m\u00f6chten wir gr\u00f6\u00dftm\u00f6gliche \u00d6ffentlichkeit herstellen und um Unterst\u00fctzung bitten. Hier die Prozesstermine:<\/p>\n<h4>Mittwoch, den 12.12.2018, 9 Uhr, Amtsgericht Cochem\u00a0wegen Go In 2018 (8 Uhr Mahnwache)<\/h4>\n<p>8 &#8211; 9 Uhr Mahnwache vor dem Gerichtsgeb\u00e4ude (Raven\u00e9stra\u00dfe 39 in 56812 Cochem).\u00a0F\u00fcnf Personen, darunter auch ich, sind wegen Hausfriedensbruch angeklagt. (<em>Hinweis d. Red.: Abfahrt ab K\u00f6ln Hauptbahnhof um 5:53 via Koblenz nach Cochem zur Mahnwache<\/em>)<\/p>\n<h4>Mittwoch, den 16.1.2019, 14 Uhr, Landgericht Koblenz wegen Go In 2017 (12 Uhr Mahnwache)<\/h4>\n<p>Gerd\u00a0B\u00fcntzly f\u00fchrt seinen Berufungsprozess, internationale Aktivisten sind als Zeugen eingeladen. Mahnwache 12 -14 Uhr vor dem Landgericht.<\/p>\n<h4>Mittwoch, den 10.4.2019, Landgericht Koblenz wegen Go In 2016<\/h4>\n<p>Berufungsprozess gegen vier Aktivisten.<\/p>\n<div>Ihr k\u00f6nnt auf verschiedenen Ebenen Unterst\u00fctzung leisten:<\/div>\n<ol>\n<li>Ihr k\u00f6nnt diesen Rundbrief weiter verbreiten und mehr Menschen informieren. Themen sind: V\u00f6lkerrechtswidrigkeit, aktuelle atomare Bedrohung, Atomwaffen machen uns nicht sicherer;<\/li>\n<li>Ladet uns gerne im Vorfeld der Prozesse ein zu einer Veranstaltung in Eurem Freundeskreis, Eurer Stadt, Friedensgruppe, politischen Gruppe. Bitte meldet Euch bei mir \u00fcber e-mail <a href=\"mailto:arianedettloff@ina-koeln.org\">arianedettloff@ina-koeln.org<\/a>.\u00a0Das gilt vor allem f\u00fcr die Orte, die in der weiteren Region liegen.<\/li>\n<li>Ihr k\u00f6nnt zur Mahnwache vor den Prozessen kommen und als Prozessbeobachter dabei sein (sicher nur f\u00fcr einen Teil m\u00f6glich). Das zeigt, dass wir mehr sind als die bisher Angeklagten.<\/li>\n<li>Ihr k\u00f6nnt Briefe der Solidarit\u00e4t direkt an die Gerichte schreiben.\u00a0Sinn ist, dem Gericht klarzumachen, dass wir diese Aktionen und Prozesse stellvertretend f\u00fcr Euch alle f\u00fchren und angesichts der ungemeinen Bedrohung, der V\u00f6lkerrechtswidrigkeit der atomaren Teilhabe und der drohemnden atomaren Aufr\u00fcstung in B\u00fcchel diese Aktionen angemessen und notwendig finden:\n<ol>\n<li>Amtsgericht Cochem, Raven\u00e9strasse 39, 56812 Cochem, Amtsrichter Michel und<\/li>\n<li>Landgericht Koblenz, Karmeliterstrasse 14, 56068 Koblenz, Richter Junker (13. Strafkammer).<\/li>\n<\/ol>\n<\/li>\n<li>Ihr k\u00f6nnt zu unseren Prozessen spenden, denn letztlich m\u00f6chten wir zum Bundesverfassungsgericht. Eine Verfassungsbeschwerde ist mittlerweile schon eingereicht.<\/li>\n<\/ol>\n<p>F\u00fcr jede Art von\u00a0Unterst\u00fctzung sind wir dankbar. Wir wissen, dass wir dicke Bretter bohren m\u00fcssen, aber am Ende werden wir gewinnen. Davon bin ich \u00fcberzeugt. Wir brauchen einen langen Atem, den Ihr uns mitgeben k\u00f6nnt.<br \/>\nHerzliche Gr\u00fc\u00dfe<\/p>\n<div id=\"attachment_12524\" style=\"width: 680px\" class=\"wp-caption aligncenter\"><img loading=\"lazy\" decoding=\"async\" aria-describedby=\"caption-attachment-12524\" class=\" wp-image-12524\" src=\"http:\/\/www.friedenkoeln.de\/wp-content\/uploads\/2018\/07\/signal-2018-07-24-124730.jpg\" alt=\"\" width=\"670\" height=\"502\" srcset=\"https:\/\/www.friedenkoeln.de\/wp-content\/uploads\/2018\/07\/signal-2018-07-24-124730.jpg 1632w, https:\/\/www.friedenkoeln.de\/wp-content\/uploads\/2018\/07\/signal-2018-07-24-124730-768x576.jpg 768w, https:\/\/www.friedenkoeln.de\/wp-content\/uploads\/2018\/07\/signal-2018-07-24-124730-1024x768.jpg 1024w\" sizes=\"auto, (max-width: 670px) 100vw, 670px\" \/><p id=\"caption-attachment-12524\" class=\"wp-caption-text\">Go-In auf Luftwaffenst\u00fctzpunkt B\u00fcchel am 23.7.2018 mit 7 Friedensaktivist*innen. Foto: privat \/ Atomwaffenfrei jetzt!<\/p><\/div>\n<hr \/>\n<p><em>Auf der Seite von JunepA werden <a href=\"http:\/\/junepa.blogsport.eu\/aktionen\/widerspruch\/presse\/\">Pressemitteilungen und Presseberichte \u00fcber den zivilen Widerstand<\/a> in B\u00fcchel, sowie Stellungnahmen aus den damit zusammenh\u00e4ngenden <a href=\"http:\/\/junepa.blogsport.eu\/aktionen\/widerspruch\/texte-aus-dem-gerichtssaal\/\">Gerichtsverfahren<\/a> gesammelt.<\/em><\/p>\n","protected":false},"excerpt":{"rendered":"<p>Ein Brief von Ariane Dettloff, DFG-VK Gruppe K\u00f6ln. Liebe Freund*innen, ich habe mich mit einem Go-in auf die Startbahn des Atombombenst\u00fctzpunkts B\u00fcchel am Widerstand gegen die Nukleare Teilhabe der Bundeswehr und ihr t\u00e4gliches \u00dcben&#46;&#46;&#46;<\/p>\n","protected":false},"author":110,"featured_media":0,"comment_status":"open","ping_status":"open","sticky":false,"template":"","format":"standard","meta":{"footnotes":""},"categories":[2,104],"tags":[42,33,80,29,91,64],"class_list":["post-13063","post","type-post","status-publish","format-standard","hentry","category-aktionen","category-ankuendigung","tag-abruestung","tag-atomwaffen","tag-rechtsprechung","tag-solidaritat","tag-voelkerrecht","tag-zivilcourage"],"_links":{"self":[{"href":"https:\/\/www.friedenkoeln.de\/index.php?rest_route=\/wp\/v2\/posts\/13063","targetHints":{"allow":["GET"]}}],"collection":[{"href":"https:\/\/www.friedenkoeln.de\/index.php?rest_route=\/wp\/v2\/posts"}],"about":[{"href":"https:\/\/www.friedenkoeln.de\/index.php?rest_route=\/wp\/v2\/types\/post"}],"author":[{"embeddable":true,"href":"https:\/\/www.friedenkoeln.de\/index.php?rest_route=\/wp\/v2\/users\/110"}],"replies":[{"embeddable":true,"href":"https:\/\/www.friedenkoeln.de\/index.php?rest_route=%2Fwp%2Fv2%2Fcomments&post=13063"}],"version-history":[{"count":18,"href":"https:\/\/www.friedenkoeln.de\/index.php?rest_route=\/wp\/v2\/posts\/13063\/revisions"}],"predecessor-version":[{"id":13096,"href":"https:\/\/www.friedenkoeln.de\/index.php?rest_route=\/wp\/v2\/posts\/13063\/revisions\/13096"}],"wp:attachment":[{"href":"https:\/\/www.friedenkoeln.de\/index.php?rest_route=%2Fwp%2Fv2%2Fmedia&parent=13063"}],"wp:term":[{"taxonomy":"category","embeddable":true,"href":"https:\/\/www.friedenkoeln.de\/index.php?rest_route=%2Fwp%2Fv2%2Fcategories&post=13063"},{"taxonomy":"post_tag","embeddable":true,"href":"https:\/\/www.friedenkoeln.de\/index.php?rest_route=%2Fwp%2Fv2%2Ftags&post=13063"}],"curies":[{"name":"wp","href":"https:\/\/api.w.org\/{rel}","templated":true}]}}