{"id":13235,"date":"2018-12-26T23:40:49","date_gmt":"2018-12-26T21:40:49","guid":{"rendered":"http:\/\/www.friedenkoeln.de\/?p=13235"},"modified":"2018-12-26T23:40:49","modified_gmt":"2018-12-26T21:40:49","slug":"papst-franziskus-zum-weltfriedenstag-nein-zum-krieg-und-zur-strategie-der-angst","status":"publish","type":"post","link":"https:\/\/www.friedenkoeln.de\/?p=13235","title":{"rendered":"Papst Franziskus zum Weltfriedenstag: &#8222;Nein zum Krieg und zur Strategie der Angst!&#8220;"},"content":{"rendered":"<p>Die aktuelle Botschaft von Papst Franziskus zum Weltfriedenstag, den die Katholische Kirche am 1. Januar feiert, steht unter der \u00dcberschrift &#8222;Gute Politik steht im Dienste des Friedens&#8220;.<\/p>\n<p>Im Lukas-Evangelium (Lk 10, 5-6) wird berichtet, Jesus habe seinen J\u00fcngern empfohlen, beim Betreten eines Hauses zun\u00e4chst \u00a0&#8222;Friede diesem Haus!&#8220; zu sagen; wenn dort ein Sohn des Friedens wohne, so ruhe ihr Friede auf ihm; anderenfalls k\u00e4me der Friede zu ihnen zur\u00fcck.<\/p>\n<div id=\"attachment_13248\" style=\"width: 396px\" class=\"wp-caption alignright\"><img loading=\"lazy\" decoding=\"async\" aria-describedby=\"caption-attachment-13248\" class=\" wp-image-13248\" src=\"http:\/\/www.friedenkoeln.de\/wp-content\/uploads\/2018\/12\/President_Barack_Obama_talks_with_Pope_Francis_at_the_Vatican_March_27_2014.jpg\" alt=\"Obama steht links im dunklen Anzug neben Papst Franziskus in seinem wei\u00dfen Gewand. Ein weiterer Geistlicher steht rechts. Im Hintergrund Sessel, ein schwerer Holzschrank und ein gro\u00dfes Gem\u00e4lde der Auferstehung Jesu.\" width=\"386\" height=\"579\" srcset=\"https:\/\/www.friedenkoeln.de\/wp-content\/uploads\/2018\/12\/President_Barack_Obama_talks_with_Pope_Francis_at_the_Vatican_March_27_2014.jpg 1000w, https:\/\/www.friedenkoeln.de\/wp-content\/uploads\/2018\/12\/President_Barack_Obama_talks_with_Pope_Francis_at_the_Vatican_March_27_2014-100x150.jpg 100w, https:\/\/www.friedenkoeln.de\/wp-content\/uploads\/2018\/12\/President_Barack_Obama_talks_with_Pope_Francis_at_the_Vatican_March_27_2014-768x1152.jpg 768w\" sizes=\"auto, (max-width: 386px) 100vw, 386px\" \/><p id=\"caption-attachment-13248\" class=\"wp-caption-text\">Papst Franziskus im Gespr\u00e4ch mit US-Pr\u00e4sident Barack Obama am 27.3.2014 im Vatikan. Foto: Pete Souza\/White House (gemeinfrei).<\/p><\/div>\n<p>Der Papst deutet das Jesus-Wort so, dass sich der Auftrag, &#8222;Frieden zu bringen&#8220;, nicht nur an die J\u00fcnger, sondern an alle richte,<\/p>\n<blockquote><p>die inmitten der Dramen und Gewalttaten der Menschheitsgeschichte auf Frieden hoffen.<\/p><\/blockquote>\n<p>Mit &#8222;Haus&#8220; seien alle Ebenen gemeint:<\/p>\n<blockquote><p>jede Familie, jede Gemeinschaft, jedes Land, jeder Kontinent, mit der jeweiligen Einzigartigkeit und Geschichte; gemeint ist insbesondere jeder Mensch, ohne Unterschiede und Diskriminierungen. Es geht dabei auch um unser &#8222;gemeinsames Haus&#8220;, um den Planeten, den Gott uns als Lebensraum zugewiesen hat und f\u00fcr den wir achtsam Sorge tragen sollen.<\/p><\/blockquote>\n<p>Ausgehend dem Jesus-Wort erl\u00e4utert Papst Franziskus, was Politik sein kann:<\/p>\n<blockquote><p>Die Politik ist ein grundlegendes Mittel, um ein Gemeinwesen aufzubauen und das Tun des Menschen zu f\u00f6rdern; aber wenn sie von den Verantwortlichen nicht als Dienst an der menschlichen Gemeinschaft verstanden wird, kann sie zu einem Instrument der Unterdr\u00fcckung und Ausgrenzung, ja sogar der Zerst\u00f6rung werden.<\/p><\/blockquote>\n<p>Und weiter:<\/p>\n<blockquote><p>Wenn sie sich in grundlegender Achtung des Lebens, der Freiheit und der W\u00fcrde des Menschen vollzieht, kann die Politik wirklich zu einer hervorragenden Form der N\u00e4chstenliebe werden.<\/p><\/blockquote>\n<p>Neben allgemeineren \u00dcberlegungen zur Funktion des Politikers und der Politik in der Gesellschaft und einer Erl\u00e4uterung dessen, dass der Friedensbegriff in drei miteinander verwobenen Richtungen zu verstehen sei, n\u00e4mlich in Bezug auf die eigene Person, in Bezug auf andere und in Bezug auf die Sch\u00f6pfung insgesamt, enth\u00e4lt die Friedensbotschaft unter der Kapitel\u00fcberschrift &#8222;Nein zum Krieg und zur Strategie der Angst!&#8220; eine deutliche Ablehnung der Friedenssicherung durch Abschreckung und Bedrohung:<\/p>\n<blockquote><p>Wenn wir hundert Jahre nach dem Ende des Ersten Weltkriegs an die jungen Menschen, die bei diesen K\u00e4mpfen starben, und an die gequ\u00e4lte Zivilbev\u00f6lkerung denken, verstehen wir heute besser als gestern die schreckliche Lehre aus den Bruderkriegen, dass n\u00e4mlich Frieden sich niemals auf das blo\u00dfe Gleichgewicht der Kr\u00e4fte und der Angst beschr\u00e4nken kann. Den anderen zu bedrohen, bedeutet, ihn zum blo\u00dfen Objekt zu machen und ihm seine W\u00fcrde abzusprechen. Aus diesem Grund bekr\u00e4ftigen wir, dass die Eskalation von Einsch\u00fcchterung wie auch die unkontrollierte Verbreitung von Waffen gegen die Moral und das Bem\u00fchen um wirkliche Eintracht versto\u00dfen.<\/p><\/blockquote>\n<p>Der Vatikan hat den\u00a0<a href=\"http:\/\/w2.vatican.va\/content\/francesco\/de\/messages\/peace\/documents\/papa-francesco_20181208_messaggio-52giornatamondiale-pace2019.html\">vollst\u00e4ndigen Text<\/a>\u00a0ver\u00f6ffentlicht.<\/p>\n","protected":false},"excerpt":{"rendered":"<p>Die aktuelle Botschaft von Papst Franziskus zum Weltfriedenstag, den die Katholische Kirche am 1. Januar feiert, steht unter der \u00dcberschrift &#8222;Gute Politik steht im Dienste des Friedens&#8220;. Im Lukas-Evangelium (Lk 10, 5-6) wird berichtet,&#46;&#46;&#46;<\/p>\n","protected":false},"author":110,"featured_media":0,"comment_status":"open","ping_status":"open","sticky":false,"template":"","format":"standard","meta":{"footnotes":""},"categories":[105],"tags":[120,59,71],"class_list":["post-13235","post","type-post","status-publish","format-standard","hentry","category-bericht","tag-abschreckung","tag-kirche","tag-waffenhandel"],"_links":{"self":[{"href":"https:\/\/www.friedenkoeln.de\/index.php?rest_route=\/wp\/v2\/posts\/13235","targetHints":{"allow":["GET"]}}],"collection":[{"href":"https:\/\/www.friedenkoeln.de\/index.php?rest_route=\/wp\/v2\/posts"}],"about":[{"href":"https:\/\/www.friedenkoeln.de\/index.php?rest_route=\/wp\/v2\/types\/post"}],"author":[{"embeddable":true,"href":"https:\/\/www.friedenkoeln.de\/index.php?rest_route=\/wp\/v2\/users\/110"}],"replies":[{"embeddable":true,"href":"https:\/\/www.friedenkoeln.de\/index.php?rest_route=%2Fwp%2Fv2%2Fcomments&post=13235"}],"version-history":[{"count":14,"href":"https:\/\/www.friedenkoeln.de\/index.php?rest_route=\/wp\/v2\/posts\/13235\/revisions"}],"predecessor-version":[{"id":13250,"href":"https:\/\/www.friedenkoeln.de\/index.php?rest_route=\/wp\/v2\/posts\/13235\/revisions\/13250"}],"wp:attachment":[{"href":"https:\/\/www.friedenkoeln.de\/index.php?rest_route=%2Fwp%2Fv2%2Fmedia&parent=13235"}],"wp:term":[{"taxonomy":"category","embeddable":true,"href":"https:\/\/www.friedenkoeln.de\/index.php?rest_route=%2Fwp%2Fv2%2Fcategories&post=13235"},{"taxonomy":"post_tag","embeddable":true,"href":"https:\/\/www.friedenkoeln.de\/index.php?rest_route=%2Fwp%2Fv2%2Ftags&post=13235"}],"curies":[{"name":"wp","href":"https:\/\/api.w.org\/{rel}","templated":true}]}}