{"id":13292,"date":"2019-01-16T20:00:20","date_gmt":"2019-01-16T18:00:20","guid":{"rendered":"http:\/\/www.friedenkoeln.de\/?p=13292"},"modified":"2019-01-16T20:00:20","modified_gmt":"2019-01-16T18:00:20","slug":"dfg-vk-die-bundeswehr-setzt-weiter-auf-minderjaehrige","status":"publish","type":"post","link":"https:\/\/www.friedenkoeln.de\/?p=13292","title":{"rendered":"DFG-VK: Die Bundeswehr setzt weiter auf Minderj\u00e4hrige"},"content":{"rendered":"<div class=\"page\" title=\"Page 1\">\n<div class=\"layoutArea\">\n<div class=\"column\">\n<p><em>Pressemitteilung der DFG-VK, Stuttgart.\u00a0<\/em><\/p>\n<h4>Zahl der 17-J\u00e4hrigen in der Bundeswehr erstmals seit f\u00fcnf Jahren gesunken<\/h4>\n<p>Seit 2011 hat die deutsche Armee \u00fcber 11.500 Minderj\u00e4hrige an Waffen ausgebildet. Nach Kritik von Friedens- und Kinderrechtsorganisationen ist die Zahl der 17-J\u00e4hrigen in der Bundeswehr 2018 erstmals seit f\u00fcnf Jahren gesunken.<\/p>\n<p>1.679 Soldatinnen und Soldaten waren bei der Bundeswehr 2018 noch nicht vollj\u00e4hrig, als sie ihren Dienst antraten. Gegen\u00fcber dem Vorjahr ist die Zahl um 449 Soldatinnen und Soldaten gesunken \u2013 ein Minus von 20 Prozent. Auch der prozentuale Anteil der Minderj\u00e4hrigen an den insgesamt 20.012 im vergangenen Jahr neu eingestellten Soldatinnen und Soldaten ging von 9,1 auf 8,4 Prozent zur\u00fcck. Alle Zahlen beruhen auf einer aktuellen Antwort des Verteidigungsministeriums auf eine Anfrage des Bundestagsabgeordneten Norbert M\u00fcller von der Linksfraktion.<\/p>\n<h4>DFG-VK kritisiert: Bundeswehr spricht gezielt Minderj\u00e4hrige an<\/h4>\n<p>Trotz des erstmaligen R\u00fcckgangs nach f\u00fcnf Jahren, bleiben die Zahlen weiter auf einem skandal\u00f6s hohen Niveau, kritisiert die Deutsche Friedensgesellschaft \u2013 Vereinigte KriegsdienstgegnerInnen (DFG- VK). Laut der Friedensorganisation spricht die Bundeswehr mit ihrer aggressiven Rekruten-Werbung in Schulen, bei Ausstellungen und Messen, Vortr\u00e4gen in Jobcentern sowie im Internet gezielt Minderj\u00e4hrige an. \u00dcber Soziale Medien wie Facebook, Snapchat und Instagram wirbt die Bundeswehr ebenso wie auf YouTube, wo sie Millionen-Euro teure Werbeserien ver\u00f6ffentlicht. Damit werden die Jugendlichen hinters Licht gef\u00fchrt, so die DFG-VK in einer Pressemitteilung. Denn den jungen Menschen werde eine Bild von der Bundeswehr gezeigt, dass nicht der Realit\u00e4t entspricht. Zudem k\u00f6nne die Armee die in ihrer Werbung gemachten Versprechen nicht halten \u2013 statt Aufstiegschancen gebe es aktuell beispielsweise einen Offiziersstau.<\/p>\n<p>Dass die Bundeswehr die Jugendlichen mit falschen Versprechungen in die Kasernen lockt, zeigt auch die verh\u00e4ltnism\u00e4\u00dfig hohe Abbrecherquote. Mehr als 200 Minderj\u00e4hrige \u2013 rund zehn Prozent der eingestellten 17-J\u00e4hrigen \u2013 haben innerhalb der Probezeit von sechs Monaten die Bundeswehr wieder verlassen.<\/p>\n<h4>UN-Ausschuss und Kinderkommission des Bundestages f\u00fcr gesetzliche Regelung<\/h4>\n<p>Seit Jahren fordert die DFG-VK gemeinsam mit anderen Friedens- und Menschenrechtsgruppen ein Ende der Ausbildung Minderj\u00e4hriger an Waffen bei der Bundeswehr. 2017 hatte man dazu bereits \u00fcber 30.000 Protest-Unterschriften an Verteidigungsministerin Ursula von der Leyen \u00fcbergeben. Die sinkende Zahl der 17-J\u00e4hrigen neuen Soldatinnen und Soldaten ist eine erste Reaktion darauf \u2013 reicht aber nicht aus. Bereits 2014 hat der UN-Ausschuss f\u00fcr die Rechte des Kindes an Deutschland die Forderung gestellt, das Rekrutierungsalter anzuheben und Milit\u00e4rwerbung, die auf Kinder und Jugendliche abzielt, zu verbieten. Die Kinderkommission des Bundestags unterst\u00fctzte diese Forderung 2016 und \u00fcbte Druck auf die Bundesregierung aus, endlich gesetzliche \u00c4nderungen herbeizuf\u00fchren \u2013geschehen ist aber nichts.<\/p>\n<h4>Internationale Bem\u00fchungen der Bundesregierung unglaubw\u00fcrdig<\/h4>\n<p>Die aktuelle Politik der Bundesregierung wirft ein tr\u00fcbes Licht auf ihre Bem\u00fchungen gegen den Einsatz von Minderj\u00e4hrigen in Armeen. Wer vorgibt sich f\u00fcr die internationale \u00c4chtung des Einsatzes von Kindersoldaten einzusetzen, kann nicht gleichzeitig 17-J\u00e4hrige in die Bundeswehr einziehen. Die Bundesregierung hat in diesem Punkt ihre Glaubw\u00fcrdigkeit verloren.<\/p>\n<p>F\u00fcr Interviews oder bei Nachfragen nehmen Sie bitte jederzeit telefonisch unter 017623575236 oder per E-Mail unter svg@dfg-vk.de Kontakt auf!<\/p>\n<div id=\"attachment_13294\" style=\"width: 950px\" class=\"wp-caption alignnone\"><img loading=\"lazy\" decoding=\"async\" aria-describedby=\"caption-attachment-13294\" class=\"size-full wp-image-13294\" src=\"http:\/\/www.friedenkoeln.de\/wp-content\/uploads\/2019\/01\/fullsizeoutput_d20.jpeg\" alt=\"Die Schrift ist mit Kreide auf eine Schiefertafel gemalt, daneben ein durchgestrichener Soldatenhelm.\" width=\"940\" height=\"198\" srcset=\"https:\/\/www.friedenkoeln.de\/wp-content\/uploads\/2019\/01\/fullsizeoutput_d20.jpeg 940w, https:\/\/www.friedenkoeln.de\/wp-content\/uploads\/2019\/01\/fullsizeoutput_d20-150x32.jpeg 150w, https:\/\/www.friedenkoeln.de\/wp-content\/uploads\/2019\/01\/fullsizeoutput_d20-768x162.jpeg 768w\" sizes=\"auto, (max-width: 940px) 100vw, 940px\" \/><p id=\"caption-attachment-13294\" class=\"wp-caption-text\">&#8222;Schule ohne Bundeswehr&#8220;. Grafik des gleichnamigen B\u00fcndnisses in NRW. https:\/\/www.schule-ohne-bundeswehr-nrw.de<\/p><\/div>\n<hr \/>\n<p><em>Als Teil eines K\u00f6lner Aktionsb\u00fcndnisses wenden wir uns gegen die Rekrutierung Minderj\u00e4hriger durch die Bundeswehr. N\u00e4here Informationen dazu sind hier:\u00a0<a href=\"https:\/\/www.friedenkoeln.de\/?page_id=13108\">Jugendliche + Bundeswehr<\/a><\/em><\/p>\n<\/div>\n<\/div>\n<\/div>\n","protected":false},"excerpt":{"rendered":"<p>Pressemitteilung der DFG-VK, Stuttgart.\u00a0 Zahl der 17-J\u00e4hrigen in der Bundeswehr erstmals seit f\u00fcnf Jahren gesunken Seit 2011 hat die deutsche Armee \u00fcber 11.500 Minderj\u00e4hrige an Waffen ausgebildet. Nach Kritik von Friedens- und Kinderrechtsorganisationen ist&#46;&#46;&#46;<\/p>\n","protected":false},"author":110,"featured_media":0,"comment_status":"open","ping_status":"open","sticky":false,"template":"","format":"standard","meta":{"footnotes":""},"categories":[87],"tags":[48,122,65],"class_list":["post-13292","post","type-post","status-publish","format-standard","hentry","category-pressemitteilung","tag-bundeswehr","tag-jugend","tag-schule"],"_links":{"self":[{"href":"https:\/\/www.friedenkoeln.de\/index.php?rest_route=\/wp\/v2\/posts\/13292","targetHints":{"allow":["GET"]}}],"collection":[{"href":"https:\/\/www.friedenkoeln.de\/index.php?rest_route=\/wp\/v2\/posts"}],"about":[{"href":"https:\/\/www.friedenkoeln.de\/index.php?rest_route=\/wp\/v2\/types\/post"}],"author":[{"embeddable":true,"href":"https:\/\/www.friedenkoeln.de\/index.php?rest_route=\/wp\/v2\/users\/110"}],"replies":[{"embeddable":true,"href":"https:\/\/www.friedenkoeln.de\/index.php?rest_route=%2Fwp%2Fv2%2Fcomments&post=13292"}],"version-history":[{"count":2,"href":"https:\/\/www.friedenkoeln.de\/index.php?rest_route=\/wp\/v2\/posts\/13292\/revisions"}],"predecessor-version":[{"id":13295,"href":"https:\/\/www.friedenkoeln.de\/index.php?rest_route=\/wp\/v2\/posts\/13292\/revisions\/13295"}],"wp:attachment":[{"href":"https:\/\/www.friedenkoeln.de\/index.php?rest_route=%2Fwp%2Fv2%2Fmedia&parent=13292"}],"wp:term":[{"taxonomy":"category","embeddable":true,"href":"https:\/\/www.friedenkoeln.de\/index.php?rest_route=%2Fwp%2Fv2%2Fcategories&post=13292"},{"taxonomy":"post_tag","embeddable":true,"href":"https:\/\/www.friedenkoeln.de\/index.php?rest_route=%2Fwp%2Fv2%2Ftags&post=13292"}],"curies":[{"name":"wp","href":"https:\/\/api.w.org\/{rel}","templated":true}]}}