{"id":13297,"date":"2019-01-19T13:56:13","date_gmt":"2019-01-19T11:56:13","guid":{"rendered":"http:\/\/www.friedenkoeln.de\/?p=13297"},"modified":"2019-01-19T13:56:13","modified_gmt":"2019-01-19T11:56:13","slug":"pax-christi-koeln-kritisiert-soldatengottesdienst-und-beruft-sich-auf-friedensbotschaft-des-papstes","status":"publish","type":"post","link":"https:\/\/www.friedenkoeln.de\/?p=13297","title":{"rendered":"Pax Christi K\u00f6ln kritisiert Soldatengottesdienst und beruft sich auf Friedensbotschaft des Papstes"},"content":{"rendered":"<div class=\"page\" title=\"Page 1\">\n<div class=\"layoutArea\">\n<div class=\"column\">\n<p>Der Di\u00f6zesanvorstand von Pax Christi im Erzbistum K\u00f6ln rief zum Protest gegen den Internationalen Soldatengottesdienst auf, der am 17. Januar 2019 im K\u00f6lner Dom anl\u00e4sslich des Weltfriedenstages am 1. Januar stattgefunden hat. Es folgt die Erkl\u00e4rung vom 16.1.2019 im Wortlaut.<\/p>\n<hr \/>\n<h4>Eine gute Politik im Dienste des Friedens basiert auf aktiver Gewaltfreiheit.\u00a0Pax Christi wendet sich gegen den internationalen Soldatengottesdienst als zentrale Veranstaltung zum Weltfriedenstag<\/h4>\n<p>Auch in diesem Jahr findet wieder ein internationaler Soldatengottesdienst des Milit\u00e4rdekanats K\u00f6ln mit Kardinal Woelki im Dom statt. Dieser geschieht, wie jedes Jahr, anl\u00e4sslich des vom Papst ausgerufenen Weltfriedenstages 2019, bei dem der Papst in seinem Schreiben \u201e<a href=\"https:\/\/www.friedenkoeln.de\/?p=13235\">Gute Politik steht im Dienste des Friedens<\/a>\u201c sein \u201eNein zum Krieg und zur Strategie der Angst\u201c ausdr\u00fcckt.<\/p>\n<p>Schon mehrfach haben wir darauf hingewiesen, dass der Soldatengottesdienst aus Anlass des Weltfriedenstages das Milit\u00e4rische und damit den m\u00f6glichen Einsatz von Gewalt einseitig hervorhebt.<\/p>\n<p>Erinnernd an den 1. Weltkrieg betont Papst Franziskus,<\/p>\n<blockquote><p>dass n\u00e4mlich Frieden sich niemals auf das blo\u00dfe Gleichgewicht der Kr\u00e4fte und der Angst beschr\u00e4nken kann. Den anderen zu bedrohen bedeutet, ihn zum blo\u00dfen Objekt zu machen und ihm seine W\u00fcrde abzusprechen. Aus diesem Grund bekr\u00e4ftigen wir, dass die Eskalation von Einsch\u00fcchterung wie auch die unkontrollierte Verbreitung von Waffen gegen die Moral und das Bem\u00fchen um wirkliche Eintracht versto\u00dfen.<\/p><\/blockquote>\n<p>Ein wachsender R\u00fcstungsetat, die Beibehaltung der atomaren Abschreckung auf deutschen Boden und die Gefahr eines erneuten R\u00fcstungswettlaufs stehen dem diamentral gegen\u00fcber.<\/p>\n<p>Weiter hei\u00dft es in der p\u00e4pstlichen Botschaft:<\/p>\n<blockquote><p>Der Terror gegen die Schw\u00e4chsten tr\u00e4gt dazubei, dass ganze Bev\u00f6lkerungsgruppen auf der Suche nach Orten des Friedens ins Exil gehen. Nicht tragbar sind politische Diskurse, welche die Migranten aller \u00dcbel beschuldigen und den Armen die Hoffnung nehmen. Stattdessen muss betont werden, dass der Frieden auf der Achtung jedes Menschen unabh\u00e4ngig von seiner Geschichte, auf der Achtung des Gesetzes und des Gemeinwohls sowie der uns anvertrauten Sch\u00f6pfung und des reichen sittlichenErbes fr\u00fcherer Generationen beruht.<\/p><\/blockquote>\n<p>Auch auf der Grundlage dieser Worte lehnen wir die einseitige Betonung des Milit\u00e4rischen zur Konfliktl\u00f6sung ab und w\u00fcnschen uns stattdessen, dass die aktive Gewaltfreiheit, die Vertrauensbildung und eine Strategie zur \u00dcberwindung der Angst bei den Gottesdiensten zum Weltfriedenstag st\u00e4rker in den Mittelpunkt ger\u00fcckt werden.<\/p>\n<\/div>\n<\/div>\n<\/div>\n<div class=\"page\" title=\"Page 2\">\n<div class=\"layoutArea\">\n<div class=\"column\">\n<div id=\"attachment_13301\" style=\"width: 323px\" class=\"wp-caption alignright\"><img loading=\"lazy\" decoding=\"async\" aria-describedby=\"caption-attachment-13301\" class=\" wp-image-13301\" src=\"http:\/\/www.friedenkoeln.de\/wp-content\/uploads\/2019\/01\/DSC_0079-e1547898335579.jpg\" alt=\"Ein \u00e4lterer schlanker Herr mit einem Sandwich-Plakat vor der Brust wendet sich einer Passantin zu und \u00fcbergibt ihr einen Flyer. Im Hintergrund ein Teil des Hauptportals des K\u00f6lner Doms.\" width=\"313\" height=\"469\" srcset=\"https:\/\/www.friedenkoeln.de\/wp-content\/uploads\/2019\/01\/DSC_0079-e1547898335579.jpg 3072w, https:\/\/www.friedenkoeln.de\/wp-content\/uploads\/2019\/01\/DSC_0079-e1547898335579-100x150.jpg 100w, https:\/\/www.friedenkoeln.de\/wp-content\/uploads\/2019\/01\/DSC_0079-e1547898335579-768x1152.jpg 768w, https:\/\/www.friedenkoeln.de\/wp-content\/uploads\/2019\/01\/DSC_0079-e1547898335579-2000x3000.jpg 2000w\" sizes=\"auto, (max-width: 313px) 100vw, 313px\" \/><p id=\"caption-attachment-13301\" class=\"wp-caption-text\">Flyer-Verteilugn vor Beginn des Soldatengottesdienstes am 17.1.2019 in K\u00f6ln: &#8222;Jesu Werk in unseren H\u00e4nden, Jesu Geist in unseren Werken!&#8220;. Foto: Stefanie Intveen<\/p><\/div>\n<p>Der internationale Soldatengottesdienst anl\u00e4sslich des Weltfriedenstages am 17. Januar 2019 im K\u00f6lner Dom vermittelt in seiner Form vornehmlich die milit\u00e4rische Konfliktbearbeitung. Wir wenden uns entschieden gegen das Bild von einer Kirche, welches durch das teilweise uniformierte Auftreten milit\u00e4rischer Einheiten vor und im Dom entsteht und rufen zum Protest dagegen auf.<\/p>\n<p>Als Christen in der katholischen Friedensbewegung pax christi setzen wir der milit\u00e4rischen Konfliktbearbeitung ein Friedensverst\u00e4ndnis entgegen, das gewaltfreien Konfliktl\u00f6sungen und zivilgesellschaftlichem Engagement entschiedenen Vorrang gibt, um die Spirale der Gewalt zu durchbrechen. Friedliche Mittel wirken letztlich nachhaltiger als jegliche Gewaltanwendung. Wir pl\u00e4dieren daher f\u00fcr einen allgemeinen Friedensgottesdienst bei dem sich alle Christen, angeregt durch die Botschaft des Papstes, vertreten f\u00fchlen.<\/p>\n<p>Die katholischen Verb\u00e4nde in K\u00f6ln feiern ihren Weltfriedensgottesdienst am 18. Januar 2019 um 18:00 Uhr in der Minoritenkirche, Kolpingplatz in K\u00f6ln.<\/p>\n<p>N\u00e4here Infos siehe auf der homepage von <a href=\"http:\/\/www.koeln.paxchristi.de\/termine\/list?orderby=enddate&amp;enddate$gt=now\">pax christi K\u00f6ln.<\/a><\/p>\n<\/div>\n<\/div>\n<\/div>\n","protected":false},"excerpt":{"rendered":"<p>Der Di\u00f6zesanvorstand von Pax Christi im Erzbistum K\u00f6ln rief zum Protest gegen den Internationalen Soldatengottesdienst auf, der am 17. Januar 2019 im K\u00f6lner Dom anl\u00e4sslich des Weltfriedenstages am 1. Januar stattgefunden hat. Es folgt&#46;&#46;&#46;<\/p>\n","protected":false},"author":110,"featured_media":0,"comment_status":"open","ping_status":"open","sticky":false,"template":"","format":"standard","meta":{"footnotes":""},"categories":[2,87],"tags":[48,59,134,4],"class_list":["post-13297","post","type-post","status-publish","format-standard","hentry","category-aktionen","category-pressemitteilung","tag-bundeswehr","tag-kirche","tag-militaerseelsorge","tag-zivile-konfliktloesung"],"_links":{"self":[{"href":"https:\/\/www.friedenkoeln.de\/index.php?rest_route=\/wp\/v2\/posts\/13297","targetHints":{"allow":["GET"]}}],"collection":[{"href":"https:\/\/www.friedenkoeln.de\/index.php?rest_route=\/wp\/v2\/posts"}],"about":[{"href":"https:\/\/www.friedenkoeln.de\/index.php?rest_route=\/wp\/v2\/types\/post"}],"author":[{"embeddable":true,"href":"https:\/\/www.friedenkoeln.de\/index.php?rest_route=\/wp\/v2\/users\/110"}],"replies":[{"embeddable":true,"href":"https:\/\/www.friedenkoeln.de\/index.php?rest_route=%2Fwp%2Fv2%2Fcomments&post=13297"}],"version-history":[{"count":4,"href":"https:\/\/www.friedenkoeln.de\/index.php?rest_route=\/wp\/v2\/posts\/13297\/revisions"}],"predecessor-version":[{"id":13302,"href":"https:\/\/www.friedenkoeln.de\/index.php?rest_route=\/wp\/v2\/posts\/13297\/revisions\/13302"}],"wp:attachment":[{"href":"https:\/\/www.friedenkoeln.de\/index.php?rest_route=%2Fwp%2Fv2%2Fmedia&parent=13297"}],"wp:term":[{"taxonomy":"category","embeddable":true,"href":"https:\/\/www.friedenkoeln.de\/index.php?rest_route=%2Fwp%2Fv2%2Fcategories&post=13297"},{"taxonomy":"post_tag","embeddable":true,"href":"https:\/\/www.friedenkoeln.de\/index.php?rest_route=%2Fwp%2Fv2%2Ftags&post=13297"}],"curies":[{"name":"wp","href":"https:\/\/api.w.org\/{rel}","templated":true}]}}