{"id":13331,"date":"2019-01-26T14:48:37","date_gmt":"2019-01-26T12:48:37","guid":{"rendered":"http:\/\/www.friedenkoeln.de\/?p=13331"},"modified":"2019-01-26T14:48:37","modified_gmt":"2019-01-26T12:48:37","slug":"ostermarsch-2019-abruesten-statt-aufruesten-verbot-der-atomwaffen-fuer-ein-europa-des-friedens","status":"publish","type":"post","link":"https:\/\/www.friedenkoeln.de\/?p=13331","title":{"rendered":"Ostermarsch 2019: Abr\u00fcsten statt aufr\u00fcsten \u2013 Verbot der Atomwaffen! F\u00fcr ein Europa des Friedens!"},"content":{"rendered":"<h4 align=\"left\">Die Friedensversammlung Rhein Ruhr hat den Ostermarsch-Aufruf f\u00fcr 2019 beschlossen und verabschiedet:<\/h4>\n<p align=\"left\">Kurz vor den Europawahlen setzt die Friedensbewegung Akzente f\u00fcr Frieden und Abr\u00fcstung: Der Ostermarsch l\u00e4dt alle Menschen an Rhein und Ruhr ein, vom 20. bis 22. April 2019 von Duisburg \u00fcber D\u00fcsseldorf und Essen bis Dortmund f\u00fcr den Frieden zu demonstrieren.<\/p>\n<div id=\"attachment_10685\" style=\"width: 396px\" class=\"wp-caption alignright\"><img loading=\"lazy\" decoding=\"async\" aria-describedby=\"caption-attachment-10685\" class=\" wp-image-10685\" src=\"http:\/\/www.friedenkoeln.de\/wp-content\/uploads\/2017\/04\/20170415-_DSC2277.jpeg\" alt=\"\" width=\"386\" height=\"258\" srcset=\"https:\/\/www.friedenkoeln.de\/wp-content\/uploads\/2017\/04\/20170415-_DSC2277.jpeg 1280w, https:\/\/www.friedenkoeln.de\/wp-content\/uploads\/2017\/04\/20170415-_DSC2277-768x512.jpeg 768w, https:\/\/www.friedenkoeln.de\/wp-content\/uploads\/2017\/04\/20170415-_DSC2277-1024x683.jpeg 1024w\" sizes=\"auto, (max-width: 386px) 100vw, 386px\" \/><p id=\"caption-attachment-10685\" class=\"wp-caption-text\">Michael S\u00fcnner am 15.4.2017 in K\u00f6ln. Foto: Herbert Sauerwein<\/p><\/div>\n<p align=\"left\">Die Nato und die USA stellen den INF-Vertrag zum Verbot von atomaren Mittelstreckenraketen in Europa in Frage. Au\u00dferdem entwickeln die USA neue Atomwaffen, die von den Milit\u00e4rs als \u201aeffektiv-einsatzf\u00e4higer\u2018 eingestuft werden. Zwanzig dieser neuartigen Nuklearwaffen sollen nur etwa 130 km vom Ruhrgebiet entfernt in B\u00fcchel stationiert werden. Die Bundesregierung muss sich einer K\u00fcndigung des INF-Vertrages konsequent entgegenstellen!<\/p>\n<p align=\"left\">80 Jahre nach Beginn des Zweiten Weltkrieges scheint damit ein gro\u00dfer Krieg in Europa wieder m\u00f6glich zu werden. Ein erneutes atomares Wettr\u00fcsten erh\u00f6ht die Gefahr einer Eskalation bis hin zum nuklearen Inferno.<\/p>\n<p align=\"left\">Die UN hat 2017 mit den Stimmen von 122 Staaten einen Vertrag zum weltweiten Verbot von Atomwaffen beschlossen. 70 Staaten haben diesen Vertrag bisher unterzeichnet.<\/p>\n<h4 align=\"left\">Wir fordern die Bundesregierung auf,<\/h4>\n<ul>\n<li>diesen Vertrag unverz\u00fcglich zu unterzeichnen,<\/li>\n<li>und daf\u00fcr zu sorgen, dass die in B\u00fcchel bereitgestellten nuklearen Potentiale vernichtet werden.<\/li>\n<li>Zudem muss gerade in NRW die Weiterverbreitung von Nuklearwaffentechnik verhindert und die Urananreicherungsanlage in Gronau sofort stillgelegt werden.<\/li>\n<li>Abr\u00fcsten statt aufr\u00fcsten \u2013\u00a0Verbot der Atomwaffen! F\u00fcr ein Europa des Friedens!<\/li>\n<\/ul>\n<p align=\"left\">F\u00fcr Entspannung und Abr\u00fcstung!<\/p>\n<div id=\"attachment_9199\" style=\"width: 449px\" class=\"wp-caption alignright\"><img loading=\"lazy\" decoding=\"async\" aria-describedby=\"caption-attachment-9199\" class=\" wp-image-9199\" src=\"http:\/\/www.friedenkoeln.de\/wp-content\/uploads\/2016\/03\/Ostermarsch-2016-Dom1.jpg\" alt=\"Zwei Friedensaktivisten halten ein wei\u00dfes Stofftransparent , auf dem in schwarzer und roter Farbe der &quot;Krieg gegen den Terror&quot; durch immer gr\u00f6\u00dfer werdende Schriftzeichen &quot;Terror Krieg Terror Krieg&quot;, fallende Blutstropfen, Raketen und die L\u00e4ndernamen &quot;Afghanistan - Irak - Libyen - Syrien&quot; symbolisiert wird.\" width=\"439\" height=\"267\" srcset=\"https:\/\/www.friedenkoeln.de\/wp-content\/uploads\/2016\/03\/Ostermarsch-2016-Dom1.jpg 1280w, https:\/\/www.friedenkoeln.de\/wp-content\/uploads\/2016\/03\/Ostermarsch-2016-Dom1-1024x623.jpg 1024w\" sizes=\"auto, (max-width: 439px) 100vw, 439px\" \/><p id=\"caption-attachment-9199\" class=\"wp-caption-text\">Beim Ostermarsch 2016 in K\u00f6ln: Krieg gegen den Terror. Foto: Herbert Sauerwein.<\/p><\/div>\n<p align=\"left\">Millionen Tote, 65 Millionen Menschen auf der Flucht und der Zerfall einer ganzen Weltregion sind Ergebnis der Kriegspolitik, an der die Nato und Deutschland ma\u00dfgeblich beteiligt sind. Der Einsatz von Drohnen, Bombardements bewohnter Gebiete, vor allem in den \u00d6lregionen, traumatisieren die \u00fcberlebenden Menschen.<\/p>\n<p align=\"left\">Die Waffenlieferungen der deutschen und europ\u00e4ischen R\u00fcstungskonzerne wie Rheinmetall, ThyssenKrupp, Krauss-Maffei Wegmann u. a. bef\u00f6rdern den Terror von Warlords, Bandenkriegern und von autorit\u00e4ren Regimen weltweit. Die Weigerung der Industriel\u00e4nder, wirksamen Klimaschutz zu betreiben, heizt das Welt-Klima weiter auf, sodass die katastrophalen Lebensbedingungen viele Menschen zur Flucht aus ihrer Heimat treiben.<\/p>\n<p align=\"left\">Der Milit\u00e4rhaushalt Deutschlands steigt 2019 auf skandal\u00f6se 43,2 Mrd. Euro, mehr als die Etats f\u00fcr Bildung und Gesundheit zusammen. Bis 2024 sind 80 Mrd. Euro geplant.. Mit diesem Geld soll die Bundeswehr auf 203.000 Mann aufgestockt werden. Neue Waffensysteme wie todbringende Drohnen sollen gekauft werden. Die daf\u00fcr verplanten Gelder fehlen im zivilen Bereich, so bei Schulen und Kitas, sozialem Wohnungsbau, Krankenh\u00e4usern, \u00f6ffentlichem Nahverkehr, Kommunaler Infrastruktur, Alterssicherung, \u00f6kologischem Umbau, Klimagerechtigkeit und internationaler Hilfe zur Selbsthilfe.<\/p>\n<div id=\"attachment_13335\" style=\"width: 397px\" class=\"wp-caption alignright\"><img loading=\"lazy\" decoding=\"async\" aria-describedby=\"caption-attachment-13335\" class=\" wp-image-13335\" src=\"http:\/\/www.friedenkoeln.de\/wp-content\/uploads\/2019\/01\/20170415-_DSC2305.jpeg\" alt=\"Ein junger Mann mit Blumenkranz im Haar h\u00e4lt ein Schild mit dem Friedenszeichen und einem durchgestrichenen Panzer in die H\u00f6he.\" width=\"387\" height=\"595\" srcset=\"https:\/\/www.friedenkoeln.de\/wp-content\/uploads\/2019\/01\/20170415-_DSC2305.jpeg 833w, https:\/\/www.friedenkoeln.de\/wp-content\/uploads\/2019\/01\/20170415-_DSC2305-98x150.jpeg 98w, https:\/\/www.friedenkoeln.de\/wp-content\/uploads\/2019\/01\/20170415-_DSC2305-768x1180.jpeg 768w\" sizes=\"auto, (max-width: 387px) 100vw, 387px\" \/><p id=\"caption-attachment-13335\" class=\"wp-caption-text\">Auftakt Ostermarsch 2017 in K\u00f6ln. Foto: Herbert Sauerwein<\/p><\/div>\n<p align=\"left\">In Europa bedroht die Konfrontation zwischen Nato und Russland den Frieden. Die Unterst\u00fctzung f\u00fcr die Nato-Osterweiterung verst\u00f6\u00dft gegen den Geist des Vertrages zur deutschen Einheit, der eine europ\u00e4ische Friedensordnung vorschreibt. Dieses Jahr tr\u00e4gt Deutschland die Verantwortung f\u00fcr die Schnelle Eingreiftruppe der NATO, die gegen Russland gerichtet ist.<\/p>\n<p align=\"left\">Ausgerechnet rund um die Feiern zum 100. Jahrestag des Kriegsendes von 1918 forderten Macron und Merkel eine EU-Armee. Diese und PESCO, die so genannte \u201eSt\u00e4ndige strukturierte Zusammenarbeit\u201c sind kein Beitrag zu einer europ\u00e4ischen Friedensordnung, sondern machen die EU zu einem Milit\u00e4rb\u00fcndnis. Wir sagen Nein zu PESCO und EU-Armee!<\/p>\n<p align=\"left\">Nato und Bundeswehr dienen &#8211; entgegen den Vorgaben unseres Grundgesetzes &#8211; Wirtschafts- und Machtinteressen auf Kosten der sozialen und \u00f6kologischen Interessen der Menschen! Die NATO, die im April 70 Jahre besteht, setzt immer weiter auf Konfrontation. Dabei ist sie auch f\u00fcr zahlreiche V\u00f6lkerrechtsbr\u00fcche der letzten Jahre verantwortlich.<\/p>\n<p align=\"left\">Milit\u00e4r l\u00f6st keine Probleme. Schluss damit! Eine andere Politik muss her. Damit wollen wir anfangen: Milit\u00e4rische Aufr\u00fcstung stoppen, Spannungen abbauen, gegenseitiges Vertrauen aufbauen, Perspektiven f\u00fcr Entwicklung und soziale Sicherheit schaffen, Entspannungspolitik auch mit Russland, verhandeln und abr\u00fcsten.<\/p>\n<h4 align=\"left\">Wir unterst\u00fctzen den Aufruf \u201eAbr\u00fcsten statt Aufr\u00fcsten\u201c, den bereits weit \u00fcber 130.000 Menschen unterzeichnet haben!<\/h4>\n<h3 align=\"left\">Rechte Demagogen zur\u00fcckdr\u00e4ngen!<\/h3>\n<p align=\"left\">Die AfD ist eine rechtsextreme, rassistische Partei im Bundestag, deren Sprecher die Taten deutscher Soldaten in zwei Weltkriegen verherrlichen. Sie fordert die Einsatzbereitschaft der Bundeswehr \u201emit h\u00f6chster Intensit\u00e4t\u201c und tritt f\u00fcr die Militarisierung der Bildung ein, u.a. durch Wegfall der Zivilklausel an Hochschulen. Rechte Ideologien f\u00f6rdern Feindbilder, Konfrontation und Krieg, im Inneren sch\u00fcren sie Hass und Gewalt.<\/p>\n<h4 align=\"left\">Den menschenfeindlichen Umtrieben von AfD, der NPD und der \u201eRECHTEN\u201c, von Identit\u00e4ren und Reichsb\u00fcrgern stellen wir uns entgegen!<\/h4>\n<h3 align=\"left\">80 Jahre nach Beginn des Zweiten Weltkriegs: Aktiv werden f\u00fcr Frieden!<\/h3>\n<p align=\"left\">Am 1. September dieses Jahres j\u00e4hrt sich der Beginn des Zweiten Weltkriegs zum 80. Mal. Doch die Bundesregierung hat offenbar aus der Vergangenheit nichts gelernt. Sie beteiligt sich aktiv an einer neuen Konfrontation gegen Russland. Wir nehmen die Erinnerung an die Schrecken des Zweiten Weltkriegs als Mahnung:<\/p>\n<h4 align=\"left\">Wir rufen auf, \u00fcber Ostern gemeinsam gegen Aufr\u00fcstung und Kriegspolitik, f\u00fcr Abr\u00fcstung, Entspannung, eine europ\u00e4ische Friedensordnung und zivile Konfliktl\u00f6sungen zu demonstrieren!<\/h4>\n<p><b><\/b><a href=\"mailto:aufruf19@ostermarsch-ruhr.de?subject=namentliche%20Unterstuetzung%20des%20Aufrufs%20zum%20Ostermarsch%20Rhein-Ruhr%202019&amp;body=bitte%20Vorname,%20Name,%20Ort,%20und%20ggf%20Mitgliedschaft%20mit%20Funktion\">Ich\/Wir unterst\u00fctzen den Aufruf zum Ostermarsch Rhein Ruhr 2019<\/a><\/p>\n<hr \/>\n<p><em>Wir laden herzlich zur Auftaktkundgebung am 20. April 2019, 11:00 Uhr, Bahnhofsvorplatz ein. Gegen 13:00 Uhr fahren wir gemeinsam nach D\u00fcsseldorf und beteiligen uns dort am Ostermarsch\u00a0Rhein-Ruhr. Gruppen, die eigene Beitr\u00e4ge leisten m\u00f6chten, melden sich gerne zwecks Koordination bei kontakt@friedenkoeln.de oder\u00a0koelner-friedensforum@web.de.<\/em><\/p>\n","protected":false},"excerpt":{"rendered":"<p>Die Friedensversammlung Rhein Ruhr hat den Ostermarsch-Aufruf f\u00fcr 2019 beschlossen und verabschiedet: Kurz vor den Europawahlen setzt die Friedensbewegung Akzente f\u00fcr Frieden und Abr\u00fcstung: Der Ostermarsch l\u00e4dt alle Menschen an Rhein und Ruhr ein,&#46;&#46;&#46;<\/p>\n","protected":false},"author":110,"featured_media":0,"comment_status":"open","ping_status":"open","sticky":false,"template":"","format":"standard","meta":{"footnotes":""},"categories":[2,116],"tags":[42,112,45,125,110,101,79,37,130],"class_list":["post-13331","post","type-post","status-publish","format-standard","hentry","category-aktionen","category-aufruf","tag-abruestung","tag-atomwaffenverbotsvertrag","tag-geschichte","tag-inf-vertrag","tag-klima","tag-pesco","tag-rechtsextremismus","tag-ruestungsexporte","tag-ruestungsindustrie"],"_links":{"self":[{"href":"https:\/\/www.friedenkoeln.de\/index.php?rest_route=\/wp\/v2\/posts\/13331","targetHints":{"allow":["GET"]}}],"collection":[{"href":"https:\/\/www.friedenkoeln.de\/index.php?rest_route=\/wp\/v2\/posts"}],"about":[{"href":"https:\/\/www.friedenkoeln.de\/index.php?rest_route=\/wp\/v2\/types\/post"}],"author":[{"embeddable":true,"href":"https:\/\/www.friedenkoeln.de\/index.php?rest_route=\/wp\/v2\/users\/110"}],"replies":[{"embeddable":true,"href":"https:\/\/www.friedenkoeln.de\/index.php?rest_route=%2Fwp%2Fv2%2Fcomments&post=13331"}],"version-history":[{"count":5,"href":"https:\/\/www.friedenkoeln.de\/index.php?rest_route=\/wp\/v2\/posts\/13331\/revisions"}],"predecessor-version":[{"id":13337,"href":"https:\/\/www.friedenkoeln.de\/index.php?rest_route=\/wp\/v2\/posts\/13331\/revisions\/13337"}],"wp:attachment":[{"href":"https:\/\/www.friedenkoeln.de\/index.php?rest_route=%2Fwp%2Fv2%2Fmedia&parent=13331"}],"wp:term":[{"taxonomy":"category","embeddable":true,"href":"https:\/\/www.friedenkoeln.de\/index.php?rest_route=%2Fwp%2Fv2%2Fcategories&post=13331"},{"taxonomy":"post_tag","embeddable":true,"href":"https:\/\/www.friedenkoeln.de\/index.php?rest_route=%2Fwp%2Fv2%2Ftags&post=13331"}],"curies":[{"name":"wp","href":"https:\/\/api.w.org\/{rel}","templated":true}]}}