{"id":13352,"date":"2019-01-30T20:00:41","date_gmt":"2019-01-30T18:00:41","guid":{"rendered":"http:\/\/www.friedenkoeln.de\/?p=13352"},"modified":"2019-01-30T20:00:41","modified_gmt":"2019-01-30T18:00:41","slug":"leo-ensel-geplantes-scheitern-das-ultimatum-der-usa-zum-inf-vertrag","status":"publish","type":"post","link":"https:\/\/www.friedenkoeln.de\/?p=13352","title":{"rendered":"Leo Ensel: Geplantes Scheitern &#8211; das Ultimatum der USA zum INF-Vertrag"},"content":{"rendered":"<h4>Bei den Genfer Gespr\u00e4chen \u00fcber das Schicksal des INF-Vertrages setzen die USA als Faktum voraus, was erst plausibel verifiziert werden m\u00fcsste. Wer auf dieser wackligen Argumentation auch noch Ultimaten aufbaut, strebt in Wahrheit das Scheitern der Verhandlungen an.<\/h4>\n<p><em>Von Leo Ensel, 21.1.2019 (Version mit allen Quellenangaben ist am Schluss des Beitrags).<\/em><\/p>\n<p>Eigentlich ist die Sache ganz einfach. Der Politologe Christian Wipperf\u00fcrth hat sie k\u00fcrzlich in einer ausgezeichneten <a href=\"http:\/\/www.russlandkontrovers.com\/inf-ruestungskontrollvertrag-vor-dem-aus#_edn5\">Analyse<\/a>\u00a0der Krise des INF-Vertrages folgenderma\u00dfen auf den Punkt gebracht:<\/p>\n<blockquote><p>Zusammengefasst lautet die amerikanische Botschaft an Russland und die NATO-Verb\u00fcndeten: \u201aGlaubt uns, dass die Raketenabwehranlagen in Rum\u00e4nien nicht offensiv genutzt werden k\u00f6nnen, dem INF-Vertrag also nicht widersprechen.\u2018 Den NATO-Partnern erkl\u00e4ren die USA: \u201aGlaubt uns, dass die Russen den Vertrag verletzen.\u2018 Die Botschaft Moskaus an den Westen\u00a0wiederum lautet: \u201aGlaubt uns, dass unsere neuen Marschflugk\u00f6rper vertragskonform sind.\u2018<em>\u00a0<\/em><\/p><\/blockquote>\n<h4>Glaubensfragen<\/h4>\n<p>That\u2018s it \u2013 darum geht der ganze Streit! Die Sache ist nur leider die, dass 99,9% aller Zeitgenossen auf diesem Globus nicht die geringste M\u00f6glichkeit haben, die Behauptungen der USA und Russlands zu \u00fcberpr\u00fcfen. Obwohl sie im Worst Case die prospektiven Opfer einer erneuten ungehemmten atomaren Aufr\u00fcstungswelle im Kurz- und Mittelstreckenbereich w\u00e4ren. Das Ganze l\u00e4uft also auf reine Glaubensfragen hinaus: Jeder wird der Seite vertrauen, zu der er \u2013 aus welchen Gr\u00fcnden auch immer \u2013 eine st\u00e4rkere Affinit\u00e4t hat.<\/p>\n<div id=\"attachment_13357\" style=\"width: 514px\" class=\"wp-caption alignright\"><img loading=\"lazy\" decoding=\"async\" aria-describedby=\"caption-attachment-13357\" class=\" wp-image-13357\" src=\"http:\/\/www.friedenkoeln.de\/wp-content\/uploads\/2019\/01\/inf_stopp_kol.jpg\" alt=\"\" width=\"504\" height=\"352\" srcset=\"https:\/\/www.friedenkoeln.de\/wp-content\/uploads\/2019\/01\/inf_stopp_kol.jpg 990w, https:\/\/www.friedenkoeln.de\/wp-content\/uploads\/2019\/01\/inf_stopp_kol-150x105.jpg 150w, https:\/\/www.friedenkoeln.de\/wp-content\/uploads\/2019\/01\/inf_stopp_kol-768x536.jpg 768w\" sizes=\"auto, (max-width: 504px) 100vw, 504px\" \/><p id=\"caption-attachment-13357\" class=\"wp-caption-text\">&#8222;Liegt Europa erst mal in Schutt und Asche, hat es endlich sein Fl\u00fcchtlingsproblem los.&#8220; Karikatur von Klaus Stuttmann zur K\u00fcndigung von Iran-Abkommen und INF-Vertrag vom 22.10.2018<\/p><\/div>\n<p>Nat\u00fcrlich kann hier eine Supermacht, die noch 2003 mit Fake News \u00fcber angebliche Massenvernichtungswaffen Saddam Husseins unser Land in einen Angriffskrieg gegen den Irak hineinziehen wollte und im Jahre 1991 ihr, wie es so sch\u00f6n hei\u00dft, Engagement in Kuweit unter anderem mit der ber\u00fchmt-ber\u00fcchtigten Brutkastenl\u00fcge flankierte, nicht unbedingt einen Vertrauensvorschuss geltend machen. Zumal der russische Vorwurf an die USA, das angeblich rein defensive Aegis-Raketenabwehrsystem k\u00f6nne lediglich durch Ver\u00e4nderung der Software in ein Offensivsystem verwandelt werden, nicht zuletzt auf dem Hintergrund der Angaben, mit denen der Produzent von Aegis sein Produkt ungeniert offiziell bewirbt, an Plausibilit\u00e4t gewinnt. \u2013 Aber schieben wir das alles f\u00fcr einen Moment zur Seite!<em>\u00a0<\/em><\/p>\n<h4>Verhandeln, verhandeln, verhandeln!<\/h4>\n<p>Spielen wir aus analytischen Gr\u00fcnden mal den Advocatus Diaboli und nehmen wir an, Russland h\u00e4tte mit seinen neuen Marschflugk\u00f6rpern 9M729 (NATO-Code SS-C-8) tats\u00e4chlich den INF-Vertrag verletzt. W\u00fcrde der NATO dann wirklich nur der Pawlow\u2018sche Reflex \u00fcbrig bleiben, den INF-Vertrag zu k\u00fcndigen, wie Generalsekret\u00e4r Stoltenberg k\u00fcrzlich forsch verlauten\u00a0lie\u00df? Mitnichten!<\/p>\n<p>Jeder, der ernsthaft entschlossen w\u00e4re, alles zu tun, um ein neues Wettr\u00fcsten zu verhindern, w\u00fcrde eine andere Option favorisieren: Verhandeln, verhandeln, verhandeln! Wer wirklich an Deeskalation interessiert w\u00e4re, w\u00fcrde sich um penibelste Kontrollma\u00dfnahmen wie z.B. direkte Inspektionen vor Ort bem\u00fchen \u2013 und seinerseits \u201aGlasnost\u2018 anbieten! Diese Strategie ist zumindest auf Seiten von USA und NATO derzeit nicht erkennbar.<\/p>\n<p>Statt dessen hat die NATO, wie \u2013 man traut seinen Ohren nicht \u2013 Regierungssprecherin Adebahr am 17. Januar verk\u00fcndete, einm\u00fctig beschlossen, dass Russland den INF-Vertrag verletzt hat. Damit k\u00f6nnte sie sogar unfreiwillig die Wahrheit gesagt haben! Denn de facto pr\u00e4judiziert die NATO, was erst verifiziert werden m\u00fcsste. Und stellt auf dieser Basis knallharte Forderungen. Mit anderen Worten: Die Strategie von USA und NATO f\u00fcr die Genfer Gespr\u00e4che l\u00e4uft auf den bew\u00e4hrten Satz \u201eWir machen Euch ein Angebot, das Ihr ablehnen k\u00f6nnt, nein: sollt!\u201c hinaus. Dass Russland sich hier f\u00fcgen w\u00fcrde, war ja wohl nicht ernsthaft zu erwarten. Dass Trump den Vertrag vor Ablauf der offiziellen Verhandlungen schon mal k\u00fcndigen\u00a0w\u00fcrde, umso mehr!<\/p>\n<p>Was nun?<\/p>\n<h4>Die allerletzte Chance<\/h4>\n<p>Christian Wipperf\u00fcrth sieht noch eine allerletzte Chance. In der Zeitspanne von einem halben\u00a0 Jahr, die noch zwischen der offiziellen K\u00fcndigung und dem tats\u00e4chlichen Vertragsauslauf verbleibt, solle intensiv f\u00fcr wechselseitige Inspektionen geworben werden. Deutschland, das seit dem 1. Januar f\u00fcr zwei Jahre als nichtst\u00e4ndiges Mitglied im UN-Sicherheitsrat sitzt, k\u00f6nne diesen Prozess unterst\u00fctzen und nach den Regeln des \u201eOpen Sky\u201c-Vertrages \u00dcberfl\u00fcge \u00fcber den Stationierungsorten der betreffenden russischen Marschflugk\u00f6rper beantragen, zu denen auch amerikanische und polnische Offiziere eingeladen werden k\u00f6nnten. Zu einer unabh\u00e4ngigen Lageeinsch\u00e4tzung k\u00f6nnten auch neue von Deutschland entwickelte leistungsf\u00e4hige Aufkl\u00e4rungssatelliten beitragen. Deutschland m\u00fcsse Druck im Hinblick auf die von Au\u00dfenminister Maas angek\u00fcndigte Initiative zur R\u00fcstungskontrollpolitik und Steinmeiers Abr\u00fcstungsinitiative aus dem Jahre 2016 aufbauen und zus\u00e4tzlich auf die\u00a0 Aufnahme des von der NATO am 4. Dezember 2018 beschlossenen \u201eDialogs mit Moskau\u201c in Gestalt substanzieller Treffen des NATO-Russland-Rates dr\u00e4ngen.<\/p>\n<h4>&#8230; dann w\u00e4re Deutschland verpflichtet, sich f\u00fcr Stop des Raketenabwehrsystems einzusetzen<\/h4>\n<div id=\"attachment_13359\" style=\"width: 417px\" class=\"wp-caption alignright\"><img loading=\"lazy\" decoding=\"async\" aria-describedby=\"caption-attachment-13359\" class=\" wp-image-13359\" src=\"http:\/\/www.friedenkoeln.de\/wp-content\/uploads\/2019\/01\/frieden_schaffen_kol.jpg\" alt=\"Zu sehen sind die Gesichter der Regierungschefs Macron, Merkel, Trump, Putin.\" width=\"407\" height=\"284\" srcset=\"https:\/\/www.friedenkoeln.de\/wp-content\/uploads\/2019\/01\/frieden_schaffen_kol.jpg 990w, https:\/\/www.friedenkoeln.de\/wp-content\/uploads\/2019\/01\/frieden_schaffen_kol-150x105.jpg 150w, https:\/\/www.friedenkoeln.de\/wp-content\/uploads\/2019\/01\/frieden_schaffen_kol-768x536.jpg 768w\" sizes=\"auto, (max-width: 407px) 100vw, 407px\" \/><p id=\"caption-attachment-13359\" class=\"wp-caption-text\">&#8222;Frieden schaffen (Mit immer mehr Waffen)!&#8220; Karikatur von Klaus Stuttmann vom 11.11.2018<\/p><\/div>\n<p>Ich w\u00fcrde erg\u00e4nzen: Deutschland muss zugleich Druck auf die USA aus\u00fcben, alles zu tun, um den russischen Verdacht, das angeblich rein defensive Aegissystem k\u00f6nne auch offensiv verwendet werden, auszur\u00e4umen. Sollten die USA dazu nicht bereit sein, w\u00e4re Deutschland verpflichtet, sich in allen Kontexten vehement f\u00fcr einen Stop des gesamten amerikanischen Raketenabwehrsystems in Osteuropa einzusetzen.<\/p>\n<p>Der weitere Verlauf der Ereignisse wird demnach nicht unwesentlich von Deutschland, will sagen: von Au\u00dfenminister Maas abh\u00e4ngen. Hoffnungsvoll stimmt immerhin, dass dieser sich vor einigen Tagen gegen eine neue nukleare Aufr\u00fcstung in Europa ausgesprochen hat.\u00a0Er hat dies nicht zuletzt mit dem zu erwartenden breiten Widerstand in der Bev\u00f6lkerung begr\u00fcndet.<\/p>\n<p>St\u00e4rken wir also Maas den R\u00fccken, indem wir ihm ordentlich Dampf machen!<\/p>\n<hr \/>\n<div class=\"article__date\">\n<div class=\"article__text \">\n<p><i>Dr. Leo Ensel (\u201eLook at the other side!\u201c) ist Konfliktforscher und interkultureller Trainer mit Schwerpunkt \u201ePostsowjetischer Raum und Mittel-\/Ost-Europa\u201c. Er ist Autor einer Reihe von Studien \u00fcber die wechselseitige Wahrnehmung von Russen und Deutschen. <\/i><em>Wir bedanken uns ihm f\u00fcr die M\u00f6glichkeit des Abdrucks. Der Text wurde zuerst am 22.1.2019 bei RT Deutsch ver\u00f6ffentlicht.<\/em><\/p>\n<p><a href=\"http:\/\/www.friedenkoeln.de\/wp-content\/uploads\/2019\/01\/Leo-Ensel_\u201eWir-machen-Euch-ein-Angebot-das-Ihr-ablehnen-k\u00f6nnt_ohne-Adr_20190122.pdf\">Pdf-Datei mit Quellenangaben.<\/a><\/p>\n<hr \/>\n<p><em>Anmerkung der Redaktion vor dem Hintergrund der Pressemitteilung des Deutschen Journalistenverbands vom 11.1.2019 zu Russia Today, bzw. RT Deutsch: bei vorab publizierten Texten entscheiden wir anhand der Relevanz des Themas und der Qualit\u00e4t des Textes, ob wir ihn f\u00fcr unsere Seite \u00fcbernehmen; es spielt keine Rolle, von wem er vorher ver\u00f6ffentlicht wurde. Sollte die Qualit\u00e4t eines Textes zu w\u00fcnschen \u00fcbrig lassen, freuen wir uns \u00fcber Hinweise, bzw. Kommentare.<\/em><\/p>\n<\/div>\n<\/div>\n","protected":false},"excerpt":{"rendered":"<p>Bei den Genfer Gespr\u00e4chen \u00fcber das Schicksal des INF-Vertrages setzen die USA als Faktum voraus, was erst plausibel verifiziert werden m\u00fcsste. Wer auf dieser wackligen Argumentation auch noch Ultimaten aufbaut, strebt in Wahrheit das&#46;&#46;&#46;<\/p>\n","protected":false},"author":110,"featured_media":0,"comment_status":"open","ping_status":"open","sticky":false,"template":"","format":"standard","meta":{"footnotes":""},"categories":[106,107],"tags":[120,125],"class_list":["post-13352","post","type-post","status-publish","format-standard","hentry","category-analyse","category-kommentar","tag-abschreckung","tag-inf-vertrag"],"_links":{"self":[{"href":"https:\/\/www.friedenkoeln.de\/index.php?rest_route=\/wp\/v2\/posts\/13352","targetHints":{"allow":["GET"]}}],"collection":[{"href":"https:\/\/www.friedenkoeln.de\/index.php?rest_route=\/wp\/v2\/posts"}],"about":[{"href":"https:\/\/www.friedenkoeln.de\/index.php?rest_route=\/wp\/v2\/types\/post"}],"author":[{"embeddable":true,"href":"https:\/\/www.friedenkoeln.de\/index.php?rest_route=\/wp\/v2\/users\/110"}],"replies":[{"embeddable":true,"href":"https:\/\/www.friedenkoeln.de\/index.php?rest_route=%2Fwp%2Fv2%2Fcomments&post=13352"}],"version-history":[{"count":5,"href":"https:\/\/www.friedenkoeln.de\/index.php?rest_route=\/wp\/v2\/posts\/13352\/revisions"}],"predecessor-version":[{"id":13360,"href":"https:\/\/www.friedenkoeln.de\/index.php?rest_route=\/wp\/v2\/posts\/13352\/revisions\/13360"}],"wp:attachment":[{"href":"https:\/\/www.friedenkoeln.de\/index.php?rest_route=%2Fwp%2Fv2%2Fmedia&parent=13352"}],"wp:term":[{"taxonomy":"category","embeddable":true,"href":"https:\/\/www.friedenkoeln.de\/index.php?rest_route=%2Fwp%2Fv2%2Fcategories&post=13352"},{"taxonomy":"post_tag","embeddable":true,"href":"https:\/\/www.friedenkoeln.de\/index.php?rest_route=%2Fwp%2Fv2%2Ftags&post=13352"}],"curies":[{"name":"wp","href":"https:\/\/api.w.org\/{rel}","templated":true}]}}