{"id":13406,"date":"2019-02-11T07:00:00","date_gmt":"2019-02-11T05:00:00","guid":{"rendered":"http:\/\/www.friedenkoeln.de\/?p=13406"},"modified":"2019-02-10T23:09:09","modified_gmt":"2019-02-10T21:09:09","slug":"krysztof-daletski-vorkriegsnotizen","status":"publish","type":"post","link":"https:\/\/www.friedenkoeln.de\/?p=13406","title":{"rendered":"Krysztof Daletski: Vorkriegsnotizen"},"content":{"rendered":"<div class=\"entry-content\">\n<p>1<\/p>\n<p>Die Regierung erkl\u00e4rt, sie will investieren:<br \/>\nzus\u00e4tzlich drei\u00dfig Milliarden pro Jahr<br \/>\nins Milit\u00e4r.<\/p>\n<p>Freuen d\u00fcrfen sich schon<br \/>\ndie Hochschulen auf Forschungsgelder,<br \/>\ndie Konzerne auf R\u00fcstungsauftr\u00e4ge,<br \/>\ndie Jugendlichen auf Karrieren<br \/>\nin der Armee.<\/p>\n<p>Bestens ger\u00fcstet werden wir sein<br \/>\nf\u00fcr den kommenden Krieg.<\/p>\n<p>Aber: wie w\u00e4re es denn,<br \/>\nwenn wir nicht investierten<br \/>\nund der Krieg<br \/>\nbliebe aus?<\/p>\n<p>2<\/p>\n<p>Die Stimmung der Truppe wird wieder besser.<\/p>\n<p>Nach all diesen Jahren des Sparens.<br \/>\nNicht mal ein z\u00fcnftiger Feind.<br \/>\nImmer nur hocken in der Kaserne,<br \/>\ndas ist doch nicht attraktiv f\u00fcr Soldaten.<\/p>\n<p>Endlich wird investiert<br \/>\nin Ausr\u00fcstung und Personal.<br \/>\nAufw\u00e4rts geht es nun wieder.<br \/>\nAllenthalben ist Aufbruchstimmung.<\/p>\n<p>Bin ich der einzige, den das beunruhigt?<br \/>\nUnd der sich fragt: Wohin<br \/>\ndie Truppe wohl aufbricht?<\/p>\n<p>3<\/p>\n<p>Nicht nur Soldaten,<br \/>\nauch Informatiker,<br \/>\nIngenieure und Journalisten<br \/>\nsind jetzt gefragt.<\/p>\n<p>\u00c4u\u00dferste Sorgfalt von Spezialisten<br \/>\nerfordert n\u00e4mlich die Arbeit<\/p>\n<p>an der Software zur Fernaufkl\u00e4rung:<br \/>\nEin Fehler im Code und Orte bleiben unzerst\u00f6rt;<\/p>\n<p>an der Sensorik der W\u00e4rmebildkamera:<br \/>\nEin falsches Signal und Fremde bleiben unget\u00f6tet;<\/p>\n<p>an der Kampagne zur Rechtfertigung:<br \/>\nEin falsches Wort und das eigene Volk<br \/>\nbleibt ohne Hass.<\/p>\n<div id=\"attachment_13409\" style=\"width: 1000px\" class=\"wp-caption aligncenter\"><img loading=\"lazy\" decoding=\"async\" aria-describedby=\"caption-attachment-13409\" class=\"size-full wp-image-13409\" src=\"http:\/\/www.friedenkoeln.de\/wp-content\/uploads\/2019\/02\/raketen_kol.jpg\" alt=\"Zwei kleine Menschlein unterhalten sich zwischen einem riesigen Arsenal furchteinfl\u00f6\u00dfender Raketen, die aus ihren Bodensilos herausragen.\" width=\"990\" height=\"691\" srcset=\"https:\/\/www.friedenkoeln.de\/wp-content\/uploads\/2019\/02\/raketen_kol.jpg 990w, https:\/\/www.friedenkoeln.de\/wp-content\/uploads\/2019\/02\/raketen_kol-150x105.jpg 150w, https:\/\/www.friedenkoeln.de\/wp-content\/uploads\/2019\/02\/raketen_kol-768x536.jpg 768w\" sizes=\"auto, (max-width: 990px) 100vw, 990px\" \/><p id=\"caption-attachment-13409\" class=\"wp-caption-text\">&#8222;Und du bist dir sicher, es ist die Umweltpolitik, mit der sich die Menschheit selbst ausl\u00f6scht?!&#8220; Karikatur (4.2.2019): Klaus Stuttmann.<\/p><\/div>\n<\/div>\n<hr \/>\n<p><em>Wir bedanken uns bei Krysztof Daletski f\u00fcr die M\u00f6glichkeit, die &#8222;Vorkriegsnotizen&#8220; zu ver\u00f6ffentlichen. Die Erstver\u00f6ffentlichung \u00fcbernahm &#8222;<a href=\"https:\/\/das-blaettchen.de\/2019\/02\/vorkriegsnotizen-47105.html\">Das Bl\u00e4ttchen<\/a>&#8222;. Vielen Dank auch an Klaus Stuttmann f\u00fcr die Karikatur.<\/em><\/p>\n","protected":false},"excerpt":{"rendered":"<p>1 Die Regierung erkl\u00e4rt, sie will investieren: zus\u00e4tzlich drei\u00dfig Milliarden pro Jahr ins Milit\u00e4r. Freuen d\u00fcrfen sich schon die Hochschulen auf Forschungsgelder, die Konzerne auf R\u00fcstungsauftr\u00e4ge, die Jugendlichen auf Karrieren in der Armee. Bestens&#46;&#46;&#46;<\/p>\n","protected":false},"author":110,"featured_media":0,"comment_status":"open","ping_status":"open","sticky":false,"template":"","format":"standard","meta":{"footnotes":""},"categories":[107],"tags":[42,138,127,130],"class_list":["post-13406","post","type-post","status-publish","format-standard","hentry","category-kommentar","tag-abruestung","tag-literatur","tag-militarisierung","tag-ruestungsindustrie"],"_links":{"self":[{"href":"https:\/\/www.friedenkoeln.de\/index.php?rest_route=\/wp\/v2\/posts\/13406","targetHints":{"allow":["GET"]}}],"collection":[{"href":"https:\/\/www.friedenkoeln.de\/index.php?rest_route=\/wp\/v2\/posts"}],"about":[{"href":"https:\/\/www.friedenkoeln.de\/index.php?rest_route=\/wp\/v2\/types\/post"}],"author":[{"embeddable":true,"href":"https:\/\/www.friedenkoeln.de\/index.php?rest_route=\/wp\/v2\/users\/110"}],"replies":[{"embeddable":true,"href":"https:\/\/www.friedenkoeln.de\/index.php?rest_route=%2Fwp%2Fv2%2Fcomments&post=13406"}],"version-history":[{"count":3,"href":"https:\/\/www.friedenkoeln.de\/index.php?rest_route=\/wp\/v2\/posts\/13406\/revisions"}],"predecessor-version":[{"id":13410,"href":"https:\/\/www.friedenkoeln.de\/index.php?rest_route=\/wp\/v2\/posts\/13406\/revisions\/13410"}],"wp:attachment":[{"href":"https:\/\/www.friedenkoeln.de\/index.php?rest_route=%2Fwp%2Fv2%2Fmedia&parent=13406"}],"wp:term":[{"taxonomy":"category","embeddable":true,"href":"https:\/\/www.friedenkoeln.de\/index.php?rest_route=%2Fwp%2Fv2%2Fcategories&post=13406"},{"taxonomy":"post_tag","embeddable":true,"href":"https:\/\/www.friedenkoeln.de\/index.php?rest_route=%2Fwp%2Fv2%2Ftags&post=13406"}],"curies":[{"name":"wp","href":"https:\/\/api.w.org\/{rel}","templated":true}]}}