{"id":13415,"date":"2019-02-21T16:59:13","date_gmt":"2019-02-21T14:59:13","guid":{"rendered":"http:\/\/www.friedenkoeln.de\/?p=13415"},"modified":"2019-02-21T16:59:13","modified_gmt":"2019-02-21T14:59:13","slug":"ins-gefaengnis-fuer-eine-atomwaffenfreie-welt","status":"publish","type":"post","link":"https:\/\/www.friedenkoeln.de\/?p=13415","title":{"rendered":"Ins Gef\u00e4ngnis f\u00fcr eine atomwaffenfreie Welt"},"content":{"rendered":"<div id=\"attachment_10875\" style=\"width: 4618px\" class=\"wp-caption alignnone\"><img loading=\"lazy\" decoding=\"async\" aria-describedby=\"caption-attachment-10875\" class=\"size-full wp-image-10875\" src=\"http:\/\/www.friedenkoeln.de\/wp-content\/uploads\/2017\/05\/DSC_0285.jpg\" alt=\"Vier Aktivisten sitzen vor einem Tor, an dem ein Banner mit der Aufschrift &quot;Atomwaffenfrei&quot; h\u00e4ngt. Sie haben sich weitere Banner \u00fcber die Knie gelegt lachen in die Kamera. Von hinten scheint die aufgehende Sonne durchs Tor.\" width=\"4608\" height=\"3072\" srcset=\"https:\/\/www.friedenkoeln.de\/wp-content\/uploads\/2017\/05\/DSC_0285.jpg 4608w, https:\/\/www.friedenkoeln.de\/wp-content\/uploads\/2017\/05\/DSC_0285-768x512.jpg 768w, https:\/\/www.friedenkoeln.de\/wp-content\/uploads\/2017\/05\/DSC_0285-1024x683.jpg 1024w\" sizes=\"auto, (max-width: 4608px) 100vw, 4608px\" \/><p id=\"caption-attachment-10875\" class=\"wp-caption-text\">&#8222;Atomwaffenfrei&#8220;. Aktivisten der DFG-VK Gruppe K\u00f6ln blockieren eines der Tore des Bundeswehrflugplatzes B\u00fcchel im Mai 2017. Foto: Stefanie Intveen<\/p><\/div>\n<p>Traditionell wurde Ziviler Ungehorsam mit freiwilligen und unfreiwilligen Gef\u00e4ngnis-aufenthalten schon h\u00e4ufig verbunden. \u201eWas f\u00fcr eine Wucht hat das, als unschuldiger Mensch ins Gef\u00e4ngnis zu gehen\u201c fragte schon Thoreau. In der amerikanischen B\u00fcrgerrechtsbewegung war die Kampagne \u201ejail for bail\u201c zum Massenph\u00e4nomen geworden und hat gro\u00dfen politischen Druck erzeugt. Auch andere gewaltfreien Bewegungen nahmen bewusst Gef\u00e4ngnisaufenthalte in Kauf. Auch viele Aktive in der deutschen Friedensbewegung der 80iger Jahre setzten ein starkes politisches Zeichen f\u00fcr ihren schlie\u00dflich erfolgreichen Widerstand gegen die neue Atomwaffenbewaffnung.<\/p>\n<p>An diese Erfahrungen kn\u00fcpft Clara Tempel (23 Jahre) von der Prozessgruppe Wider\u00a7pruch mit ihrem Entschluss an, einen Teil der verh\u00e4ngten Tagess\u00e4tze im Gef\u00e4ngnis abzusitzen. . 2016 besetzte sie mit 8 weiteren Aktivist*innen die Startbahn auf dem Atomwaffenst\u00fctzpunkt B\u00fcchel, um zumindest f\u00fcr eine kurze Zeit die *v\u00f6lkerrechtswidrige atomare Teilhabe Deutschlands* und die deutschen milit\u00e4rischen \u00dcbungsfl\u00fcge zum Atomwaffenabwurf zu unterbinden. Sie wurde deshalb zu 30 Tagess\u00e4tzen verurteilt. In allen nachfolgenden Instanzen konnte dieses Urteil nicht aufgehoben werden, so dass sie zur Zeit zusammen mit ihrer Mitkl\u00e4gerin eine Verfassungsbeschwerde eingereicht hat, um endlich vom obersten Gericht die V\u00f6lkerrechtswidrigkeit dieser atomaren Teilhabe feststellen zu lassen und deshalb ihr Handeln vom Recht gedeckt sei. Das Urteil wurde trotzdem vorl\u00e4ufig rechtskr\u00e4ftig und damit vollstreckbar.<\/p>\n<p>Einen Teil der 30 Tagess\u00e4tze wurden als solidarische Aktion von anderen Atomwaffengegner-*innen \u00fcbernommen. Mit dem Entschluss, ihre restliche \u201eGeldstrafe\u201c als \u201eErsatzfreiheits-strafe\u201c abzugelten, ist mit keinem Schuldeingest\u00e4ndnis verbunden. Nach wie vor ist sie \u00fcberzeugt, dass der Regel\u00fcbertritt Hausfriedensbruch angesichts des gro\u00dfen Unrechts, das von diesen \u00dcbungsfl\u00fcgen ausgeht, nicht nur moralisch legitim, sondern auch legal vor dem Gesetz ist und sie somit, von der Verfassung verpflichtet (siehe Artikel 25 GG), gesetzeskonform gehandelt hat.<\/p>\n<p>Mit dem Entschluss, die Ersatzfreiheitsstrafe am 21.3.2019 in Hildesheim anzutreten, verbindet sie die Hoffnung, den bisher unbeachteten st\u00e4ndigen V\u00f6lkerrechtsbruch der deutschen Bundesregierung, st\u00e4rker in die Gesellschaft zu tragen und daf\u00fcr zu sensibilisieren. Das wird ihr aber nur gelingen, wenn ihre Stimme im Gef\u00e4ngnis durch die hundertfachen Stimmen au\u00dferhalb der Gef\u00e4ngnismauern verst\u00e4rkt und sich so ihr politisches Anliegen verbreiten l\u00e4sst.<\/p>\n<p>Deshalb sind w\u00e4hrend ihres Gef\u00e4ngnisaufenthaltes vielf\u00e4ltige Aktionen geplant, die auf unserer Homepage, im Newsletter und durch Pressearbeit ver\u00f6ffentlicht werden. F\u00fcr jede_n sind entsprechende Beteiligungsm\u00f6glichkeiten, sei es von zu Hause aus, sei es in Hildesheim, sei es in der Unterst\u00fctzergruppe vor dem Gef\u00e4ngnis oder mit der eigenen politischen Gruppe vorhanden. Lasst uns Claras Stimme h\u00f6rbar und sichtbar vermehren, um ein weiteres Zeichen zu setzen: Die deutsche Atomwaffenpolitik braucht eine Umkehr. Sie basiert auf permanenten V\u00f6lkerrechtsbruch und Verfassungsbruch und f\u00fchrt am Ende zu einer atomaren Katastrophe.<\/p>\n<p style=\"text-align: right;\">Ludwig Iskenius<\/p>\n<p>Eine Gelegenheit, Solidarit\u00e4t zu zeigen wird auch der Gerichtstermin am 10.4., ab 13.30 Uhr, Landgericht Koblenz, Karmeliterstr. 14, bei Prozess gegen einige JunePa-Mitglieder, Clara Tempel und Ludwig Iskenius sein. \u00d6ffentlichkeit erw\u00fcnscht!<\/p>\n<p style=\"text-align: right;\">Harald Fuchs<\/p>\n<div id=\"attachment_12432\" style=\"width: 3034px\" class=\"wp-caption alignnone\"><img loading=\"lazy\" decoding=\"async\" aria-describedby=\"caption-attachment-12432\" class=\"size-full wp-image-12432\" src=\"http:\/\/www.friedenkoeln.de\/wp-content\/uploads\/2018\/06\/IMG_1332-e1529962136330.jpg\" alt=\"\" width=\"3024\" height=\"4032\" srcset=\"https:\/\/www.friedenkoeln.de\/wp-content\/uploads\/2018\/06\/IMG_1332-e1529962136330.jpg 3024w, https:\/\/www.friedenkoeln.de\/wp-content\/uploads\/2018\/06\/IMG_1332-e1529962136330-768x1024.jpg 768w\" sizes=\"auto, (max-width: 3024px) 100vw, 3024px\" \/><p id=\"caption-attachment-12432\" class=\"wp-caption-text\">De Zoch k\u00fctt! DFG-VK Gruppe K\u00f6ln mit &#8222;Atombombe&#8220; am 3. Juni 2018 auf dem Weg in die Cochemer Innenstadt. Foto: Stefanie Intveen.<\/p><\/div>\n","protected":false},"excerpt":{"rendered":"<p>Traditionell wurde Ziviler Ungehorsam mit freiwilligen und unfreiwilligen Gef\u00e4ngnis-aufenthalten schon h\u00e4ufig verbunden. \u201eWas f\u00fcr eine Wucht hat das, als unschuldiger Mensch ins Gef\u00e4ngnis zu gehen\u201c fragte schon Thoreau. In der amerikanischen B\u00fcrgerrechtsbewegung war die&#46;&#46;&#46;<\/p>\n","protected":false},"author":110,"featured_media":0,"comment_status":"open","ping_status":"open","sticky":false,"template":"","format":"standard","meta":{"footnotes":""},"categories":[2,104,116,87],"tags":[33],"class_list":["post-13415","post","type-post","status-publish","format-standard","hentry","category-aktionen","category-ankuendigung","category-aufruf","category-pressemitteilung","tag-atomwaffen"],"_links":{"self":[{"href":"https:\/\/www.friedenkoeln.de\/index.php?rest_route=\/wp\/v2\/posts\/13415","targetHints":{"allow":["GET"]}}],"collection":[{"href":"https:\/\/www.friedenkoeln.de\/index.php?rest_route=\/wp\/v2\/posts"}],"about":[{"href":"https:\/\/www.friedenkoeln.de\/index.php?rest_route=\/wp\/v2\/types\/post"}],"author":[{"embeddable":true,"href":"https:\/\/www.friedenkoeln.de\/index.php?rest_route=\/wp\/v2\/users\/110"}],"replies":[{"embeddable":true,"href":"https:\/\/www.friedenkoeln.de\/index.php?rest_route=%2Fwp%2Fv2%2Fcomments&post=13415"}],"version-history":[{"count":1,"href":"https:\/\/www.friedenkoeln.de\/index.php?rest_route=\/wp\/v2\/posts\/13415\/revisions"}],"predecessor-version":[{"id":13416,"href":"https:\/\/www.friedenkoeln.de\/index.php?rest_route=\/wp\/v2\/posts\/13415\/revisions\/13416"}],"wp:attachment":[{"href":"https:\/\/www.friedenkoeln.de\/index.php?rest_route=%2Fwp%2Fv2%2Fmedia&parent=13415"}],"wp:term":[{"taxonomy":"category","embeddable":true,"href":"https:\/\/www.friedenkoeln.de\/index.php?rest_route=%2Fwp%2Fv2%2Fcategories&post=13415"},{"taxonomy":"post_tag","embeddable":true,"href":"https:\/\/www.friedenkoeln.de\/index.php?rest_route=%2Fwp%2Fv2%2Ftags&post=13415"}],"curies":[{"name":"wp","href":"https:\/\/api.w.org\/{rel}","templated":true}]}}