{"id":13473,"date":"2019-03-13T10:42:48","date_gmt":"2019-03-13T08:42:48","guid":{"rendered":"http:\/\/www.friedenkoeln.de\/?p=13473"},"modified":"2019-03-13T10:42:48","modified_gmt":"2019-03-13T08:42:48","slug":"zum-mitmachen-protestaktionen-in-buechel-fuer-den-abzug-der-atomwaffen-und-nukleare-abruestung","status":"publish","type":"post","link":"https:\/\/www.friedenkoeln.de\/?p=13473","title":{"rendered":"Zum Mitmachen: Protestaktionen in B\u00fcchel \u2013 F\u00fcr den Abzug der Atomwaffen und nukleare Abr\u00fcstung"},"content":{"rendered":"<div class=\"moz-forward-container\">\n<p><em>Es folgt der gemeinsame Aufruf des Bundesausschuss Friedensratschlag und der Kooperation f\u00fcr den Frieden vom 7. M\u00e4rz 2019.<\/em><\/p>\n<hr \/>\n<h4 class=\"moz-forward-container\">Protestaktionen in B\u00fcchel \u2013 F\u00fcr den Abzug der Atomwaffen und nukleare Abr\u00fcstung<\/h4>\n<div class=\"moz-forward-container\">\n<p>Das Ende des INF-Vertrages ist ein beunruhigendes Zeichen. Europa droht die Stationierung von neuen atomwaffenf\u00e4higen Mittelstreckenraketen. Unklar bleibt, ob der Atomwaffenteststopp bestand hat. All dies zeigt, wie dringend notwendig nukleare Abr\u00fcstung sowie Aktivit\u00e4ten f\u00fcr Frieden und Entspannung sind.<\/p>\n<div class=\"field field--name-body field--type-text-with-summary field--label-hidden field--item\" data-quickedit-field-id=\"node\/112\/body\/de\/full\">\n<p>Der Abzug der Atomwaffen aus B\u00fcchel w\u00e4re ein wichtiges Zeichen f\u00fcr eine atomwaffenfreie Welt. Dies w\u00fcrde den Ausstieg aus der Nuklearen Teilhabe der NATO bewirken und den Weg ebnen f\u00fcr die Unterzeichnung des UN-Verbotsvertrages f\u00fcr ein Atomwaffenverbot. Dies sind dringend notwendige Schritte um die weltweite nukleare Aufr\u00fcstung zu stoppen und umzukehren. Die Anschaffung neuer deutscher Tr\u00e4gerflugzeuge f\u00fcr die US-Atomwaffen in B\u00fcchel w\u00fcrde hingegen einen R\u00fcckschlag bedeuten.<\/p>\n<h4>Auf geht\u2019s nach B\u00fcchel!<\/h4>\n<p>Wir setzen uns f\u00fcr Frieden und Abr\u00fcstung ein. Die Protestaktionen in B\u00fcchel sind ein wichtiges Zeichen an die Politik um Druck aufzubauen. Es ist dringend geboten, dass wir die Bundesregierung zu konkreten Schritte auffordern, damit wir der Vision einer atomwaffenfreien Welt n\u00e4her kommen. Dazu geh\u00f6rt:<\/p>\n<ul>\n<li>Der Abzug der US-Atomwaffen aus B\u00fcchel und die Beendigung der Nuklearen Teilhabe im Rahmen der NATO;<\/li>\n<li>Keine neuen Tr\u00e4gerflugzeuge f\u00fcr die US-Atomwaffen in B\u00fcchel;<\/li>\n<li>Die Unterzeichnung des UN-Verbotsvertrages f\u00fcr Atomwaffen.<\/li>\n<\/ul>\n<p>Kommt nach B\u00fcchel! Die Aktionspr\u00e4senz startet am 26. M\u00e4rz und wird bis zum 9. August laufen.<\/p>\n<p><a href=\"http:\/\/www.atomwaffenfrei.de\">Weitere Informationen zur Kampagne.<\/a><\/p>\n<p><a href=\"https:\/\/buechel-atombombenfrei.jimdo.com\/kalender\/\">Terminkalender der Protestaktionen<\/a>.<\/p>\n<p><a href=\"http:\/\/www.atomwaffena-z.info\">Hintergrundwissen rund um das Thema Atomwaffen<\/a>.<\/p>\n<hr \/>\n<div id=\"attachment_12524\" style=\"width: 485px\" class=\"wp-caption alignright\"><img loading=\"lazy\" decoding=\"async\" aria-describedby=\"caption-attachment-12524\" class=\" wp-image-12524\" src=\"http:\/\/www.friedenkoeln.de\/wp-content\/uploads\/2018\/07\/signal-2018-07-24-124730.jpg\" alt=\"Sechs bunt gekleidete Menschen stehen auf einer breiten asphaltierten Fl\u00e4che - der Startbahn eines Flugplatzes - und tragen ein Transparent der Qu\u00e4ker zwischen sich: &quot;Atomwaffen abr\u00fcsten jetzt! Miteinander in Frieden leben&quot;.\" width=\"475\" height=\"356\" srcset=\"https:\/\/www.friedenkoeln.de\/wp-content\/uploads\/2018\/07\/signal-2018-07-24-124730.jpg 1632w, https:\/\/www.friedenkoeln.de\/wp-content\/uploads\/2018\/07\/signal-2018-07-24-124730-768x576.jpg 768w, https:\/\/www.friedenkoeln.de\/wp-content\/uploads\/2018\/07\/signal-2018-07-24-124730-1024x768.jpg 1024w\" sizes=\"auto, (max-width: 475px) 100vw, 475px\" \/><p id=\"caption-attachment-12524\" class=\"wp-caption-text\">Go-In auf Luftwaffenst\u00fctzpunkt B\u00fcchel am 23.7.2018 mit 7 Friedensaktivist*innen. Foto: privat \/ Atomwaffenfrei jetzt!<\/p><\/div>\n<p><em>Die DFG-VK Gruppe K\u00f6ln l\u00e4dt zum Mitmachen ein:<br \/>\nAktionsfahrt nach Cochem und B\u00fcchel am 4. &#8211; 6. Mai 2019.<br \/>\nVortrag unseres Mitglieds Ariane Dettloff und Vorbereitung der Aktionsfahrt am 8. April 2019, 19:00 Uhr, im Friedensbildungswerk K\u00f6ln.<\/em><\/p>\n<\/div>\n<\/div>\n<\/div>\n","protected":false},"excerpt":{"rendered":"<p>Es folgt der gemeinsame Aufruf des Bundesausschuss Friedensratschlag und der Kooperation f\u00fcr den Frieden vom 7. M\u00e4rz 2019. Protestaktionen in B\u00fcchel \u2013 F\u00fcr den Abzug der Atomwaffen und nukleare Abr\u00fcstung Das Ende des INF-Vertrages&#46;&#46;&#46;<\/p>\n","protected":false},"author":110,"featured_media":0,"comment_status":"open","ping_status":"open","sticky":false,"template":"","format":"standard","meta":{"footnotes":""},"categories":[2,116],"tags":[33,64],"class_list":["post-13473","post","type-post","status-publish","format-standard","hentry","category-aktionen","category-aufruf","tag-atomwaffen","tag-zivilcourage"],"_links":{"self":[{"href":"https:\/\/www.friedenkoeln.de\/index.php?rest_route=\/wp\/v2\/posts\/13473","targetHints":{"allow":["GET"]}}],"collection":[{"href":"https:\/\/www.friedenkoeln.de\/index.php?rest_route=\/wp\/v2\/posts"}],"about":[{"href":"https:\/\/www.friedenkoeln.de\/index.php?rest_route=\/wp\/v2\/types\/post"}],"author":[{"embeddable":true,"href":"https:\/\/www.friedenkoeln.de\/index.php?rest_route=\/wp\/v2\/users\/110"}],"replies":[{"embeddable":true,"href":"https:\/\/www.friedenkoeln.de\/index.php?rest_route=%2Fwp%2Fv2%2Fcomments&post=13473"}],"version-history":[{"count":5,"href":"https:\/\/www.friedenkoeln.de\/index.php?rest_route=\/wp\/v2\/posts\/13473\/revisions"}],"predecessor-version":[{"id":13478,"href":"https:\/\/www.friedenkoeln.de\/index.php?rest_route=\/wp\/v2\/posts\/13473\/revisions\/13478"}],"wp:attachment":[{"href":"https:\/\/www.friedenkoeln.de\/index.php?rest_route=%2Fwp%2Fv2%2Fmedia&parent=13473"}],"wp:term":[{"taxonomy":"category","embeddable":true,"href":"https:\/\/www.friedenkoeln.de\/index.php?rest_route=%2Fwp%2Fv2%2Fcategories&post=13473"},{"taxonomy":"post_tag","embeddable":true,"href":"https:\/\/www.friedenkoeln.de\/index.php?rest_route=%2Fwp%2Fv2%2Ftags&post=13473"}],"curies":[{"name":"wp","href":"https:\/\/api.w.org\/{rel}","templated":true}]}}