{"id":13479,"date":"2019-03-15T10:27:01","date_gmt":"2019-03-15T08:27:01","guid":{"rendered":"http:\/\/www.friedenkoeln.de\/?p=13479"},"modified":"2019-03-15T10:27:01","modified_gmt":"2019-03-15T08:27:01","slug":"stadt-koeln-fordert-beitritt-deutschlands-zum-atomwaffenverbotsvertrag-unser-dank-an-oberbuergermeisterin-henriette-reker","status":"publish","type":"post","link":"https:\/\/www.friedenkoeln.de\/?p=13479","title":{"rendered":"Stadt K\u00f6ln fordert Beitritt Deutschlands zum Atomwaffenverbotsvertrag &#8211; unser Dank an Oberb\u00fcrgermeisterin Henriette Reker"},"content":{"rendered":"<div class=\"page\" title=\"Page 1\">\n<div class=\"layoutArea\">\n<div class=\"column\">\n<p><em>Am 5. M\u00e4rz 2019 unterzeichnete auch die Stadt K\u00f6ln den von ICAN initiierten Appell der St\u00e4dte an die Bundesregierung, Deutschland m\u00f6ge dem Atomwaffenverbotsvertrag der Vereinten Nationen beitreten. Gemeinsam mit dem Arbeitskreis Hiroshima-Nagasaki im K\u00f6lner Friedensforum haben wir Oberb\u00fcrgermeisterin Henriette Reker am 10. M\u00e4rz in einem Brief gedankt.<\/em><\/p>\n<hr \/>\n<p>Frau Oberb\u00fcrgermeisterin Henriette Reker<br \/>\nHistorisches Rathaus<br \/>\n50667 K\u00f6ln<\/p>\n<p><strong>ICAN-St\u00e4dteappell<\/strong><\/p>\n<p>Sehr geehrte Frau Oberb\u00fcrgermeisterin Reker,<\/p>\n<\/div>\n<div class=\"column\">\n<p>die Stadt K\u00f6ln geh\u00f6rte 1985 zu den ersten St\u00e4dten, die dem Aufruf des Oberb\u00fcrgermeisters von Hiroshima folgten und sich dem weltweiten B\u00fcndnis der Mayors for Peace anschlossen.<\/p>\n<\/div>\n<\/div>\n<div class=\"layoutArea\">\n<div class=\"column\">\n<p>Seit Beginn der 90er Jahre finden Anfang August Mahnwachen vor dem Dom in Erinnerung an die Atomwaffenangriffe auf Hiroshima und Nagasaki und die von den Atomwaffentests betroffenen Inselstaaten mit der Forderung nach Abschaffung aller Atomwaffen weltweit statt. Herr Kazuo Soda, ein \u00dcberlebender von Nagasaki, wurde mehrfach im Rathaus von K\u00f6lner B\u00fcrgermeistern empfangen. Hunderttausende auf der Domplatte an der Klagemauer von Walter Hermann gesammelte Unterschriften versandte die Stadt K\u00f6ln an die Vereinten Nationen.<\/p>\n<p>Seit 2016 weht in K\u00f6ln am 8. Juli die gr\u00fcne Friedensflagge der Mayors for Peace. In Ihren Gru\u00dfworten sind Sie f\u00fcr die Entfernung der im Bundeswehr-Fliegerhorst B\u00fcchel lagernden US-Atombomben eingetreten. Jetzt hat sich die Stadt K\u00f6ln als eine der ersten deutschen St\u00e4dte dem ICAN-St\u00e4dteappell angeschlossen und fordert die Bundesregierung auf, dem Atomwaffenverbotsvertrags der Vereinten Nationen beizutreten. Wir freuen uns sehr und bedanken uns herzlich f\u00fcr Ihre Entscheidung.<\/p>\n<p>Gerade nach der Aufk\u00fcndigung des INF-Vertrags zwischen den USA und Russland ist jede politische Aktion gegen die Aufr\u00fcstung atomarer Waffen ein Beitrag zur Sicherung des Friedens. Die in B\u00fcchel gelagerten US-Atombomben sollen jetzt \u201emodernisiert\u201c werden, um sie \u201ebesser einsetzbar\u201c zu machen. Die NATO-Doktrin sieht weiterhin ihren Ersteinsatz vor. Dagegen sowie f\u00fcr eine Rettung des INF-Vertrags richtet sich die Aktionspr\u00e4senz der Friedensbewegung in B\u00fcchel 2019.<\/p>\n<p>Ganz besonders w\u00fcrden wir uns freuen, wenn Sie \u2013 gemeinsam mit weiteren Mayors for Peace &#8211; an der Auftaktveranstaltung der diesj\u00e4hrigen Aktionspr\u00e4senz in B\u00fcchel am 26.3.2019 teiln\u00e4hmen.<\/p>\n<p>Wir hoffen, dass sich weitere St\u00e4dte dem ICAN-Appell anschlie\u00dfen und wir zusammen mit den Atomwaffengegner*innen weltweit erleben d\u00fcrfen, dass auch Deutschland dem Verbotsvertrag beitritt.<\/p>\n<p>Mit freundlichen Gr\u00fc\u00dfen<\/p>\n<p>i. A. Ursula Forner, Arbeitskreis Hiroshima-Nagasaki, mit<\/p>\n<p>Deutsche Friedensgesellschaft \u2013 Vereinigte KriegsdienstgegnerInnen Gruppe K\u00f6ln K\u00f6lner Friedensforum<br \/>\nArbeitskreis Hiroshima-Nagasaki im K\u00f6lner Friedensforum, c\/o U.Forner, Jesuitengasse 108, 50737 K\u00f6ln<\/p>\n<div id=\"attachment_12126\" style=\"width: 2048px\" class=\"wp-caption alignnone\"><img loading=\"lazy\" decoding=\"async\" aria-describedby=\"caption-attachment-12126\" class=\"size-full wp-image-12126\" src=\"http:\/\/www.friedenkoeln.de\/wp-content\/uploads\/2018\/04\/link-42-Foto-06-08-1995-K\u00f6ln-Domplatte-Scan-171016-0001b.jpg\" alt=\"Ein kleiner asiatisch aussehender Mann in wei\u00dfer Sommerhose und wei\u00dfem Hemd und eine Frau in T-Shirt und Bermuda-Shorts lesen Texte und sprechen in ein Mikrophon. Sie stehen am Hauptportal des K\u00f6lner Doms. Im Hintergrund eine Wand aus lauter Pappschildern, die beschriftet wurden. Dar\u00fcber h\u00e4ngt ein Transparent mit der Aufschrift &quot;Your signature is a step to elimination of nuclear weapons!&quot; Ein weiteres Transparent mit der Aufschrift &quot;Schluss mit dem nuklearen Wahnsinn&quot; h\u00e4ngt an der Wand. Links sind Zuh\u00f6rer zu sehen.\" width=\"2038\" height=\"1393\" srcset=\"https:\/\/www.friedenkoeln.de\/wp-content\/uploads\/2018\/04\/link-42-Foto-06-08-1995-K\u00f6ln-Domplatte-Scan-171016-0001b.jpg 2038w, https:\/\/www.friedenkoeln.de\/wp-content\/uploads\/2018\/04\/link-42-Foto-06-08-1995-K\u00f6ln-Domplatte-Scan-171016-0001b-768x525.jpg 768w, https:\/\/www.friedenkoeln.de\/wp-content\/uploads\/2018\/04\/link-42-Foto-06-08-1995-K\u00f6ln-Domplatte-Scan-171016-0001b-1024x700.jpg 1024w\" sizes=\"auto, (max-width: 2038px) 100vw, 2038px\" \/><p id=\"caption-attachment-12126\" class=\"wp-caption-text\">&#8222;Your signature is a step to elimination of nuclear weapons!&#8220; und &#8222;Schluss mit dem nuklearen Wahnsinn&#8220;. Gedenken an Hiroshima auf der Domplatte am 6.8.1995 zum 50. Jahrestag des Atombombenabwurfs. Es spricht Kazuo Soda, \u00dcberlebender aus Hiroshima Foto: Ulrike Dammers<\/p><\/div>\n<\/div>\n<\/div>\n<\/div>\n","protected":false},"excerpt":{"rendered":"<p>Am 5. M\u00e4rz 2019 unterzeichnete auch die Stadt K\u00f6ln den von ICAN initiierten Appell der St\u00e4dte an die Bundesregierung, Deutschland m\u00f6ge dem Atomwaffenverbotsvertrag der Vereinten Nationen beitreten. Gemeinsam mit dem Arbeitskreis Hiroshima-Nagasaki im K\u00f6lner&#46;&#46;&#46;<\/p>\n","protected":false},"author":110,"featured_media":0,"comment_status":"open","ping_status":"open","sticky":false,"template":"","format":"standard","meta":{"footnotes":""},"categories":[141],"tags":[42,33,112,68,61,94,36,73,91],"class_list":["post-13479","post","type-post","status-publish","format-standard","hentry","category-brief","tag-abruestung","tag-atomwaffen","tag-atomwaffenverbotsvertrag","tag-bundesregierung","tag-kommunale-friedensarbeit","tag-nato","tag-oekologie-und-frieden","tag-vereinte-nationen","tag-voelkerrecht"],"_links":{"self":[{"href":"https:\/\/www.friedenkoeln.de\/index.php?rest_route=\/wp\/v2\/posts\/13479","targetHints":{"allow":["GET"]}}],"collection":[{"href":"https:\/\/www.friedenkoeln.de\/index.php?rest_route=\/wp\/v2\/posts"}],"about":[{"href":"https:\/\/www.friedenkoeln.de\/index.php?rest_route=\/wp\/v2\/types\/post"}],"author":[{"embeddable":true,"href":"https:\/\/www.friedenkoeln.de\/index.php?rest_route=\/wp\/v2\/users\/110"}],"replies":[{"embeddable":true,"href":"https:\/\/www.friedenkoeln.de\/index.php?rest_route=%2Fwp%2Fv2%2Fcomments&post=13479"}],"version-history":[{"count":5,"href":"https:\/\/www.friedenkoeln.de\/index.php?rest_route=\/wp\/v2\/posts\/13479\/revisions"}],"predecessor-version":[{"id":13484,"href":"https:\/\/www.friedenkoeln.de\/index.php?rest_route=\/wp\/v2\/posts\/13479\/revisions\/13484"}],"wp:attachment":[{"href":"https:\/\/www.friedenkoeln.de\/index.php?rest_route=%2Fwp%2Fv2%2Fmedia&parent=13479"}],"wp:term":[{"taxonomy":"category","embeddable":true,"href":"https:\/\/www.friedenkoeln.de\/index.php?rest_route=%2Fwp%2Fv2%2Fcategories&post=13479"},{"taxonomy":"post_tag","embeddable":true,"href":"https:\/\/www.friedenkoeln.de\/index.php?rest_route=%2Fwp%2Fv2%2Ftags&post=13479"}],"curies":[{"name":"wp","href":"https:\/\/api.w.org\/{rel}","templated":true}]}}