{"id":13485,"date":"2019-03-15T10:55:59","date_gmt":"2019-03-15T08:55:59","guid":{"rendered":"http:\/\/www.friedenkoeln.de\/?p=13485"},"modified":"2019-03-15T10:58:30","modified_gmt":"2019-03-15T08:58:30","slug":"pressemitteilung-stadt-koeln-unterstuetzt-ican-staedteappell-deutschland-soll-dem-atomwaffenverbotsvertrag-beitreten","status":"publish","type":"post","link":"https:\/\/www.friedenkoeln.de\/?p=13485","title":{"rendered":"Pressemitteilung: Stadt K\u00f6ln unterst\u00fctzt \u201eICAN-St\u00e4dteappell\u201c: Deutschland soll dem Atomwaffenverbotsvertrag beitreten"},"content":{"rendered":"<div class=\"page\" title=\"Page 1\">\n<div class=\"layoutArea\">\n<div class=\"column\">\n<p><em>Es folgt die gemeinsame Pressemitteilung des Hiroshima-Nagasaki-Arbeitskreises im K\u00f6lner Friedensforum und der\u00a0Deutsche Friedensgesellschaft \u2013 Vereinigte KriegsdienstgegnerInnen (DFG-VK) Gruppe K\u00f6ln vom 15. M\u00e4rz 2019<\/em><\/p>\n<\/div>\n<\/div>\n<div class=\"layoutArea\">\n<div class=\"column\">\n<hr \/>\n<h4>Nach Mainz, Wiesbaden und Marburg fordert nun auch die Stadt K\u00f6ln einen Beitritt Deutschlands zum Atomwaffenverbotsvertrag der Vereinten Nationen.<\/h4>\n<p>Am 5. M\u00e4rz 2019 hat die K\u00f6lner Oberb\u00fcrgermeisterin Henriette Reker folgenden St\u00e4dteappell an die Bundesregierung unterzeichnet:<\/p>\n<blockquote><p>Unsere Stadt ist zutiefst besorgt \u00fcber die immense Bedrohung, die Atomwaffen f\u00fcr St\u00e4dte und Gemeinden auf der ganzen Welt darstellen. Wir sind fest \u00fcberzeugt, dass unsere Einwohner und Einwohnerinnen das Recht auf ein Leben frei von dieser Bedrohung haben. Jeder Einsatz von Atomwaffen, ob vors\u00e4tzlich oder versehentlich, w\u00fcrde katastrophale, weitreichende und lang anhaltende Folgen f\u00fcr Mensch und Umwelt nach sich ziehen. Daher begr\u00fc\u00dfen wir den von den Vereinten Nationen verabschiedeten Vertrag zum Verbot von Atomwaffen 2017 und fordern die Bundesregierung zum Beitritt auf.<\/p><\/blockquote>\n<p>Der Appell wurde von der Internationalen Kampagne zur Abschaffung der Atomwaffen (ICAN, International Campaign to Abolish Nuclear Weapons) initiiert. Die Kampagne erhielt f\u00fcr ihren Einsatz f\u00fcr den Atomwaffenverbotsvertrag der Vereinten Nationen den Friedensnobelpreis 2017.<\/p>\n<p>Bereits 2017 hatte Reker erkl\u00e4rt:<\/p>\n<blockquote><p>Als B\u00fcrgermeisterin f\u00fcr den Frieden \u2013 Mayor for Peace \u2013 setze ich mich daf\u00fcr ein, Atomwaffen weltweit abzuschaffen, insbesondere auch die US-Atombomben beim Bundeswehrstandort B\u00fcchel in der Eifel unweit von K\u00f6ln abzuziehen. Massenvernichtungswaffen richten sich vor allem gegen Zivilisten, ihr Einsatz ist ein Verbrechen gegen die Menschheit.<\/p><\/blockquote>\n<p>In einem <a href=\"https:\/\/www.friedenkoeln.de\/?p=13479\">Brief<\/a> an die Oberb\u00fcrgermeisterin erinnerten der Hiroshima-Nagasaki-Arbeitskreis im K\u00f6lner Friedensforum und die Deutsche Friedensgesellschaft \u2013 Vereinigte KriegsdienstgegnerInnen (DFG-VK) Gruppe K\u00f6ln daran, dass die Stadt seit 1985 dem weltweiten Netzwerk der \u201eMayors for Peace\u201c angeh\u00f6rt und regelm\u00e4\u00dfig f\u00fcr die Atomwaffenabr\u00fcstung und den Abtransport der in B\u00fcchel lagernden Atombomben eintritt.<\/p>\n<blockquote><p>Gerade nach der Aufk\u00fcndigung des INF-Vertrags zwischen den USA und Russland ist jede politische Aktion gegen die Aufr\u00fcstung atomarer Waffen ein Beitrag zur Sicherung des Friedens,<\/p><\/blockquote>\n<p>schreiben die K\u00f6lner Friedensorganisationen und erkl\u00e4ren:<\/p>\n<blockquote><p>Die in B\u00fcchel gelagerten US-Atombomben sollen jetzt \u201amodernisiert\u2019 werden, um sie \u201abesser einsetzbar\u2019 zu machen. Die NATO-Doktrin sieht weiterhin ihren Ersteinsatz vor.<\/p><\/blockquote>\n<\/div>\n<\/div>\n<\/div>\n<div class=\"page\" title=\"Page 2\">\n<div class=\"layoutArea\">\n<div class=\"column\">\n<p>Die \u201eMayors for Peace\u201c wollen das \u00e4ndern. Als sichtbares Zeichen f\u00fcr eine friedliche Welt ohne Atomwaffen hisst die Stadt K\u00f6ln einmal im Jahr, am 8. Juli, vor dem Rathaus die gr\u00fcne Flagge des Netzwerks. Allein in Deutschland gibt es 644 St\u00e4dte und Gemeinden, deren B\u00fcrgermeister*innen dem B\u00fcndnis angeh\u00f6ren (Stand: 1.3.2019).<\/p>\n<div id=\"attachment_12429\" style=\"width: 359px\" class=\"wp-caption alignleft\"><img loading=\"lazy\" decoding=\"async\" aria-describedby=\"caption-attachment-12429\" class=\" wp-image-12429\" src=\"http:\/\/www.friedenkoeln.de\/wp-content\/uploads\/2018\/06\/IMG_1333-2.jpg\" alt=\"\" width=\"349\" height=\"262\" srcset=\"https:\/\/www.friedenkoeln.de\/wp-content\/uploads\/2018\/06\/IMG_1333-2.jpg 4032w, https:\/\/www.friedenkoeln.de\/wp-content\/uploads\/2018\/06\/IMG_1333-2-768x576.jpg 768w, https:\/\/www.friedenkoeln.de\/wp-content\/uploads\/2018\/06\/IMG_1333-2-1024x768.jpg 1024w\" sizes=\"auto, (max-width: 349px) 100vw, 349px\" \/><p id=\"caption-attachment-12429\" class=\"wp-caption-text\">Wegweiser der Stadt K\u00f6ln zum Atomwaffenverbot vor dem Amtsgericht Cochem am 3. Juni 2018. Foto: Stefanie Intveen<\/p><\/div>\n<p>In B\u00fcchel (Eifel) beginnen die diesj\u00e4hrigen Protestaktionen der Friedensbewegung gegen die im Rahmen der \u201eNuklearen Teilhabe\u201c laufenden Atomkriegs\u00fcbungen der Bundeswehr am 26.3., dem Jahrestag des Bundestagsbeschlusses f\u00fcr den Atomwaffenabzug aus Deutschland (26.3.2010), und enden am 9.8., dem Jahrestag des Atombombenabwurfs auf Nagasaki (9.8.1945).<\/p>\n<p>Deutsche Friedensgesellschaft \u2013 Vereinigte KriegsdienstgegnerInnen (DFG-VK) Gruppe K\u00f6ln<br \/>\nHiroshima-Nagasaki-Arbeitskreis im K\u00f6lner Friedensforum<\/p>\n<hr \/>\n<p>Kontakt:<\/p>\n<p>Stefanie Intveen, Mitglied Sprecherkreis DFG-VK Gruppe K\u00f6ln, Mobil 0151 56094920<br \/>\nstefanie.intveen@web.de<br \/>\nDeutsche Friedensgesellschaft \u2013 Vereinigte KriegsdienstgegnerInnen e. V. (DFG-VK) Gruppe K\u00f6ln<br \/>\n<a href=\"http:\/\/koelnerfriedensforum.org\/hiroshima-nagasaki-arbeitskreis\/\">Arbeitskreis Hiroshima-Nagasaki im K\u00f6lner Friedensforum<\/a><\/p>\n<p>Hintergrundinformationen:<\/p>\n<p>Kampagne <a href=\"http:\/\/www.atomwaffenfrei.de\">\u201eB\u00fcchel ist \u00fcberall. Atomwaffenfrei jetzt!\u201c<\/a><br \/>\nICAN \u2013 Internationale Kampagne zur Abschaffung von Atomwaffen<br \/>\n<a href=\"https:\/\/www.icanw.de\/ican-staedteappell\/\">ICAN-St\u00e4dteappell<\/a><br \/>\n<a href=\"https:\/\/www.hannover.de\/Leben-in-der-Region-Hannover\/Politik\/Politische- Gremien\/Mayors-for-Peace\">B\u00fcrgermeister f\u00fcr den Frieden &#8211; Mayors for Peace<\/a><br \/>\n<a href=\"http:\/\/www.mayorsforpeace.org\/english\/\">Mayors for Peace<\/a><\/p>\n<\/div>\n<\/div>\n<\/div>\n","protected":false},"excerpt":{"rendered":"<p>Es folgt die gemeinsame Pressemitteilung des Hiroshima-Nagasaki-Arbeitskreises im K\u00f6lner Friedensforum und der\u00a0Deutsche Friedensgesellschaft \u2013 Vereinigte KriegsdienstgegnerInnen (DFG-VK) Gruppe K\u00f6ln vom 15. M\u00e4rz 2019 Nach Mainz, Wiesbaden und Marburg fordert nun auch die Stadt K\u00f6ln&#46;&#46;&#46;<\/p>\n","protected":false},"author":110,"featured_media":0,"comment_status":"open","ping_status":"open","sticky":false,"template":"","format":"standard","meta":{"footnotes":""},"categories":[87],"tags":[42,33,68,48,61,91],"class_list":["post-13485","post","type-post","status-publish","format-standard","hentry","category-pressemitteilung","tag-abruestung","tag-atomwaffen","tag-bundesregierung","tag-bundeswehr","tag-kommunale-friedensarbeit","tag-voelkerrecht"],"_links":{"self":[{"href":"https:\/\/www.friedenkoeln.de\/index.php?rest_route=\/wp\/v2\/posts\/13485","targetHints":{"allow":["GET"]}}],"collection":[{"href":"https:\/\/www.friedenkoeln.de\/index.php?rest_route=\/wp\/v2\/posts"}],"about":[{"href":"https:\/\/www.friedenkoeln.de\/index.php?rest_route=\/wp\/v2\/types\/post"}],"author":[{"embeddable":true,"href":"https:\/\/www.friedenkoeln.de\/index.php?rest_route=\/wp\/v2\/users\/110"}],"replies":[{"embeddable":true,"href":"https:\/\/www.friedenkoeln.de\/index.php?rest_route=%2Fwp%2Fv2%2Fcomments&post=13485"}],"version-history":[{"count":6,"href":"https:\/\/www.friedenkoeln.de\/index.php?rest_route=\/wp\/v2\/posts\/13485\/revisions"}],"predecessor-version":[{"id":13491,"href":"https:\/\/www.friedenkoeln.de\/index.php?rest_route=\/wp\/v2\/posts\/13485\/revisions\/13491"}],"wp:attachment":[{"href":"https:\/\/www.friedenkoeln.de\/index.php?rest_route=%2Fwp%2Fv2%2Fmedia&parent=13485"}],"wp:term":[{"taxonomy":"category","embeddable":true,"href":"https:\/\/www.friedenkoeln.de\/index.php?rest_route=%2Fwp%2Fv2%2Fcategories&post=13485"},{"taxonomy":"post_tag","embeddable":true,"href":"https:\/\/www.friedenkoeln.de\/index.php?rest_route=%2Fwp%2Fv2%2Ftags&post=13485"}],"curies":[{"name":"wp","href":"https:\/\/api.w.org\/{rel}","templated":true}]}}