{"id":13505,"date":"2019-03-17T00:28:58","date_gmt":"2019-03-16T22:28:58","guid":{"rendered":"http:\/\/www.friedenkoeln.de\/?p=13505"},"modified":"2019-03-17T00:28:58","modified_gmt":"2019-03-16T22:28:58","slug":"widerstand-gegen-atomwaffen-clara-tempel-wird-inhaftiert-umfassendes-begleitprogramm","status":"publish","type":"post","link":"https:\/\/www.friedenkoeln.de\/?p=13505","title":{"rendered":"Widerstand gegen Atomwaffen &#8211; Clara Tempel wird inhaftiert &#8211; umfassendes Begleitprogramm"},"content":{"rendered":"<header class=\"entry-header clear\"><em>Das Jugendnetzwerk f\u00fcr politische Aktion (<a href=\"http:\/\/junepa.blogsport.eu\">JunepA<\/a>) k\u00fcndigte am 12. M\u00e4rz 2019 ein umfassendes <a href=\"http:\/\/www.friedenkoeln.de\/wp-content\/uploads\/2019\/03\/Flyer-Widerspruch_25-Mahnwache_Gef\u00e4ngnis-gg-Atomwaffen_20190316_druck_.pdf\">Solidarit\u00e4ts- und Begleitprogramm w\u00e4hrend der einw\u00f6chigen Haft<\/a> von Clara Tempel im Hildesheimer Gef\u00e4ngnis an. Auch von K\u00f6ln aus bitten wir um Spenden, sowie um Briefe an Clara und an die zust\u00e4ndigen Richter &#8211; hier sind <a href=\"http:\/\/www.friedenkoeln.de\/wp-content\/uploads\/2019\/03\/JunepA_unterstuetzungsmoeglichkeiten_Gef\u00e4ngnis-Atomwaffen_20190311.pdf\">alle Mitmach-Infos zum Download<\/a>.\u00a0<\/em><\/p>\n<hr \/>\n<\/header>\n<div class=\"entry-content\">\n<h4>Widerstand gegen Atomwaffen am Hildesheimer Gef\u00e4ngnis<\/h4>\n<p>Hildesheim, 12.03.2019.\u00a0Am Donnerstag, 21. M\u00e4rz wird die Abr\u00fcstungsaktivistin Clara Tempel ab 10 Uhr vor der Justizvollzugsanstalt \u00f6ffentlich in ihre einw\u00f6chige Haft verabschiedet. Grund daf\u00fcr ist ihre gewaltfreie Aktion gegen die in Deutschland stationierten Atom\u00adbomben. Vor dem Frauengef\u00e4ngnis wird bis zum 28. M\u00e4rz eine Dauer\u00admahn\u00adwache f\u00fcr eine atomwaffenfreie Welt stattfinden.<span id=\"more-2865\"><\/span><\/p>\n<p>Ab 10 Uhr wird dort t\u00e4glich zum Solidarit\u00e4tsfr\u00fchst\u00fcck eingeladen.<\/p>\n<p>Um 11 Uhr findet am 27.3. ein Fotoworkshop f\u00fcr Aktivist*innen statt.<\/p>\n<p>Jeden Tag berichtet jeweils um 15 Uhr eine Aktivist*in von ihren Erfahrungen mit Gef\u00e4ngnis\u00adaufenthalten wegen Aktionen des Zivilen Ungehorsams.<\/p>\n<p>Um 17 Uhr finden Informations\u00adveran\u00adstal\u00adtungen zur Prozesskampagne Wider\u00a7pruch (21.3.), dem Jugendnetzwerk f\u00fcr politische Aktionen JunepA (24.3.), \u201eDeutschland und die Atombomben\u201c (Bund f\u00fcr Soziale Verteidigung, 25.3.) sowie \u201eZivile und milit\u00e4rische Nutzung der Atomenergie\u201c (\u00c4rztevereinigung IPPNW, 26.3.) statt.<\/p>\n<p>Abends um 20 Uhr werden t\u00e4glich in einem Filmclub auf der Mahnwache politische Dokumentationen und Filme gezeigt.<\/p>\n<div id=\"attachment_13512\" style=\"width: 598px\" class=\"wp-caption alignright\"><img loading=\"lazy\" decoding=\"async\" aria-describedby=\"caption-attachment-13512\" class=\" wp-image-13512\" src=\"http:\/\/www.friedenkoeln.de\/wp-content\/uploads\/2019\/03\/33477596138_41f6c224d4_k.jpg\" alt=\"Eine junge Frau mit hellem Gesicht und zur\u00fcckgebundenen Haaren sitzt entspannt an eine Wand gelehnt und schaut auf den Bildschirm des aufgeklappten Laptops auf ihren Knien. Der Laptop-Deckel ist mit einer Friedenstaube beklebt.\" width=\"588\" height=\"441\" srcset=\"https:\/\/www.friedenkoeln.de\/wp-content\/uploads\/2019\/03\/33477596138_41f6c224d4_k.jpg 2048w, https:\/\/www.friedenkoeln.de\/wp-content\/uploads\/2019\/03\/33477596138_41f6c224d4_k-150x113.jpg 150w, https:\/\/www.friedenkoeln.de\/wp-content\/uploads\/2019\/03\/33477596138_41f6c224d4_k-768x576.jpg 768w\" sizes=\"auto, (max-width: 588px) 100vw, 588px\" \/><p id=\"caption-attachment-13512\" class=\"wp-caption-text\">Abr\u00fcstungsaktivistin Clara Tempel: Gef\u00e4ngnishaft statt Studium. Foto: JunepA \/ Wider\u00a7pruch.<\/p><\/div>\n<p>Am Samstag, den 23.3. von 11 bis 14 Uhr k\u00f6nnen Interessierte in einem Aktions\u00adtraining Zivilen Ungehorsam \u00fcben und sich auf neue Protestaktionen am Atom\u00adwaffen\u00adstandort B\u00fcchel vorbereiten. Dazu wird schlie\u00dflich am 27. M\u00e4rz um 17 Uhr zur Gr\u00fcndung einer Hildesheimer Aktionsgruppe gegen die Atomwaffen eingeladen.<\/p>\n<p>Schlie\u00dflich wird am Sonntag f\u00fcr 10:30 Uhr zu einer \u00f6kumenischen Passions\u00adandacht gebeten.<\/p>\n<p>Details zu den einzelnen Veranstaltungen sind der Website des Jugend\u00adnetzwerks f\u00fcr politische Aktionen (JunepA) zu entnehmen oder beim Infotelefon unter 05844\/9762498 zu erfragen.<\/p>\n<p>\u00dcber die gesamten acht Tage stellt die Mahnwache einen Anlaufpunkt f\u00fcr Information und Diskussion dar. Die Mahnwache wird zeigen: Clara Tempel ist nicht allein, sondern wird unterst\u00fctzt von einer neuen Bewegung f\u00fcr Abr\u00fcstung und gegen die drohende Aufr\u00fcstung nach der besorgniserregenden K\u00fcndigung des INF-Vertrages.<\/p>\n<p>N\u00e4here Veranstaltungsinformationen gibt es unter <a href=\"http:\/\/junepa.blogsport.eu\/2019\/03\/12\/presseankuendigung-widerstand-gegen-atomwaffen-am-hildesheimer-gefaengnis\/junepa.blogsport.eu\/aktionen\/gefaengnis\/\">junepa.blogsport.eu\/aktionen\/gefaengnis\/<\/a><\/p>\n<\/div>\n","protected":false},"excerpt":{"rendered":"<p>Das Jugendnetzwerk f\u00fcr politische Aktion (JunepA) k\u00fcndigte am 12. M\u00e4rz 2019 ein umfassendes Solidarit\u00e4ts- und Begleitprogramm w\u00e4hrend der einw\u00f6chigen Haft von Clara Tempel im Hildesheimer Gef\u00e4ngnis an. Auch von K\u00f6ln aus bitten wir um&#46;&#46;&#46;<\/p>\n","protected":false},"author":110,"featured_media":0,"comment_status":"open","ping_status":"open","sticky":false,"template":"","format":"standard","meta":{"footnotes":""},"categories":[2,104,116,87],"tags":[33,29,115],"class_list":["post-13505","post","type-post","status-publish","format-standard","hentry","category-aktionen","category-ankuendigung","category-aufruf","category-pressemitteilung","tag-atomwaffen","tag-solidaritat","tag-ziviler-ungehorsam"],"_links":{"self":[{"href":"https:\/\/www.friedenkoeln.de\/index.php?rest_route=\/wp\/v2\/posts\/13505","targetHints":{"allow":["GET"]}}],"collection":[{"href":"https:\/\/www.friedenkoeln.de\/index.php?rest_route=\/wp\/v2\/posts"}],"about":[{"href":"https:\/\/www.friedenkoeln.de\/index.php?rest_route=\/wp\/v2\/types\/post"}],"author":[{"embeddable":true,"href":"https:\/\/www.friedenkoeln.de\/index.php?rest_route=\/wp\/v2\/users\/110"}],"replies":[{"embeddable":true,"href":"https:\/\/www.friedenkoeln.de\/index.php?rest_route=%2Fwp%2Fv2%2Fcomments&post=13505"}],"version-history":[{"count":4,"href":"https:\/\/www.friedenkoeln.de\/index.php?rest_route=\/wp\/v2\/posts\/13505\/revisions"}],"predecessor-version":[{"id":13513,"href":"https:\/\/www.friedenkoeln.de\/index.php?rest_route=\/wp\/v2\/posts\/13505\/revisions\/13513"}],"wp:attachment":[{"href":"https:\/\/www.friedenkoeln.de\/index.php?rest_route=%2Fwp%2Fv2%2Fmedia&parent=13505"}],"wp:term":[{"taxonomy":"category","embeddable":true,"href":"https:\/\/www.friedenkoeln.de\/index.php?rest_route=%2Fwp%2Fv2%2Fcategories&post=13505"},{"taxonomy":"post_tag","embeddable":true,"href":"https:\/\/www.friedenkoeln.de\/index.php?rest_route=%2Fwp%2Fv2%2Ftags&post=13505"}],"curies":[{"name":"wp","href":"https:\/\/api.w.org\/{rel}","templated":true}]}}