{"id":13515,"date":"2019-03-22T14:16:01","date_gmt":"2019-03-22T12:16:01","guid":{"rendered":"http:\/\/www.friedenkoeln.de\/?p=13515"},"modified":"2019-03-22T14:16:01","modified_gmt":"2019-03-22T12:16:01","slug":"atomwaffenstopp-jetzt-inf-vertrag-retten-vorbereitung-der-buechel-aktion-der-koelner-friedensgruppen","status":"publish","type":"post","link":"https:\/\/www.friedenkoeln.de\/?p=13515","title":{"rendered":"Atomwaffenstopp jetzt! INF-Vertrag retten: Vorbereitung der B\u00fcchel-Aktion der K\u00f6lner Friedensgruppen"},"content":{"rendered":"<p>Nur 100 km von K\u00f6ln entfernt warten in B\u00fcchel in der Eifel 20 US-Atombomben der Sorte B-61 auf ihren Einsatz durch Bundeswehrsoldat*innen! T\u00e4glich \u00fcben die Tornado-Pilot*innen im Rahmen der \u201eNuklearen Teilhabe\u201c den Atomkrieg. Dass damit Ernst gemacht werden k\u00f6nnte, ist seit der K\u00fcndigung des INF-Vertrags wieder wahrscheinlicher geworden. Aber immer mehr Menschen engagieren sich gegen dieses v\u00f6lkerrechtswidrige Geschehen, darunter auch die DFG-VK-Gruppe K\u00f6ln (Deutsche Friedensgesellschaft-Vereinigte Kriegsdienstgegner*innen), K\u00f6lner Friedensforum und die Friedensinitiatve S\u00fclz-Klettenberg.<\/p>\n<div id=\"attachment_13274\" style=\"width: 318px\" class=\"wp-caption alignleft\"><img loading=\"lazy\" decoding=\"async\" aria-describedby=\"caption-attachment-13274\" class=\" wp-image-13274\" src=\"http:\/\/www.friedenkoeln.de\/wp-content\/uploads\/2019\/01\/DSC_0091-e1546784651183.jpg\" alt=\"Eine h\u00fcbsche \u00e4ltere Dame in dunklem Wintermantel mit dicken, langen silbergrauen Haaren wird interviewt. Foto: Stefanie Intveen\" width=\"308\" height=\"462\" srcset=\"https:\/\/www.friedenkoeln.de\/wp-content\/uploads\/2019\/01\/DSC_0091-e1546784651183.jpg 3072w, https:\/\/www.friedenkoeln.de\/wp-content\/uploads\/2019\/01\/DSC_0091-e1546784651183-100x150.jpg 100w, https:\/\/www.friedenkoeln.de\/wp-content\/uploads\/2019\/01\/DSC_0091-e1546784651183-768x1152.jpg 768w, https:\/\/www.friedenkoeln.de\/wp-content\/uploads\/2019\/01\/DSC_0091-e1546784651183-2000x3000.jpg 2000w\" sizes=\"auto, (max-width: 308px) 100vw, 308px\" \/><p id=\"caption-attachment-13274\" class=\"wp-caption-text\">TV-Interview mit Ariane Dettloff am 12.12.2018 vor der Gerichtsverhandlung im Amtsgericht Cochem. Foto: Stefanie Intveen.<\/p><\/div>\n<p>Wir laden ein zu einem Vorbereitungstreffen f\u00fcr die am 4. \u2013 6. Mai in Cochem und B\u00fcchel geplanten Informations- und Protestaktionen<\/p>\n<p><strong>am 8. April 2019\u00a0<\/strong><strong>um 19:00<\/strong><\/p>\n<p><strong>im Friedensbildungswerk K\u00f6ln, Obenmarspforten 7-11<\/strong><\/p>\n<p>mit einem Impulsreferat zur Aufr\u00fcstung der US-Atombomben, dem Zivilen Widerstand in B\u00fcchel und das juristische Tauziehen f\u00fcr die Durchsetzung des Atomwaffenverbots von<\/p>\n<p><strong>Ariane Dettloff, DFG-VK Gruppe K\u00f6ln.<\/strong><\/p>\n<p><em>Weiter Informationen siehe\u00a0<\/em><em>www.atomwaffenfrei.de und https:\/\/buechel-atombombenfrei.jimdo.com\/<\/em><\/p>\n","protected":false},"excerpt":{"rendered":"<p>Nur 100 km von K\u00f6ln entfernt warten in B\u00fcchel in der Eifel 20 US-Atombomben der Sorte B-61 auf ihren Einsatz durch Bundeswehrsoldat*innen! T\u00e4glich \u00fcben die Tornado-Pilot*innen im Rahmen der \u201eNuklearen Teilhabe\u201c den Atomkrieg. Dass&#46;&#46;&#46;<\/p>\n","protected":false},"author":110,"featured_media":0,"comment_status":"open","ping_status":"open","sticky":false,"template":"","format":"standard","meta":{"footnotes":""},"categories":[2,104],"tags":[33,48,91,64],"class_list":["post-13515","post","type-post","status-publish","format-standard","hentry","category-aktionen","category-ankuendigung","tag-atomwaffen","tag-bundeswehr","tag-voelkerrecht","tag-zivilcourage"],"_links":{"self":[{"href":"https:\/\/www.friedenkoeln.de\/index.php?rest_route=\/wp\/v2\/posts\/13515","targetHints":{"allow":["GET"]}}],"collection":[{"href":"https:\/\/www.friedenkoeln.de\/index.php?rest_route=\/wp\/v2\/posts"}],"about":[{"href":"https:\/\/www.friedenkoeln.de\/index.php?rest_route=\/wp\/v2\/types\/post"}],"author":[{"embeddable":true,"href":"https:\/\/www.friedenkoeln.de\/index.php?rest_route=\/wp\/v2\/users\/110"}],"replies":[{"embeddable":true,"href":"https:\/\/www.friedenkoeln.de\/index.php?rest_route=%2Fwp%2Fv2%2Fcomments&post=13515"}],"version-history":[{"count":5,"href":"https:\/\/www.friedenkoeln.de\/index.php?rest_route=\/wp\/v2\/posts\/13515\/revisions"}],"predecessor-version":[{"id":13520,"href":"https:\/\/www.friedenkoeln.de\/index.php?rest_route=\/wp\/v2\/posts\/13515\/revisions\/13520"}],"wp:attachment":[{"href":"https:\/\/www.friedenkoeln.de\/index.php?rest_route=%2Fwp%2Fv2%2Fmedia&parent=13515"}],"wp:term":[{"taxonomy":"category","embeddable":true,"href":"https:\/\/www.friedenkoeln.de\/index.php?rest_route=%2Fwp%2Fv2%2Fcategories&post=13515"},{"taxonomy":"post_tag","embeddable":true,"href":"https:\/\/www.friedenkoeln.de\/index.php?rest_route=%2Fwp%2Fv2%2Ftags&post=13515"}],"curies":[{"name":"wp","href":"https:\/\/api.w.org\/{rel}","templated":true}]}}