{"id":13528,"date":"2019-03-24T22:23:29","date_gmt":"2019-03-24T20:23:29","guid":{"rendered":"http:\/\/www.friedenkoeln.de\/?p=13528"},"modified":"2019-03-24T22:23:29","modified_gmt":"2019-03-24T20:23:29","slug":"ecchr-wegweisendes-urteil-zur-rolle-deutschlands-im-us-drohnenprogramm","status":"publish","type":"post","link":"https:\/\/www.friedenkoeln.de\/?p=13528","title":{"rendered":"ECCHR: Wegweisendes Urteil zur Rolle Deutschlands im US-Drohnenprogramm"},"content":{"rendered":"<p>M\u00fcnster\/Berlin, 19. M\u00e4rz 2019\u00a0(Pressemitteilung des European Center for Constitutional and Human Rights (<a href=\"https:\/\/176903.seu2.cleverreach.com\/c\/38312751\/d064bf1a1cd8-pom1ab\">ECCHR<\/a>)) \u2013 Im Fall \u201eBin Ali Jaber gegen Deutschland\u201c hat das Oberverwaltungsgericht M\u00fcnster den drei Kl\u00e4gern aus dem Jemen in entscheidenden Punkten Recht gegeben. Deutschland m\u00fcsse darauf hinwirken, dass die USA bei der Nutzung ihrer Milit\u00e4rbasis Ramstein das V\u00f6lkerrecht einhalten. Bei diesen Angriffen werden immer wieder Unbeteiligte get\u00f6tet.<\/p>\n<blockquote><p>Deutschland muss endlich das Drohnenprogramm via Ramstein stoppen! Wir hoffen nun, dass nicht mehr Menschen unter den gleichen sinnlosen Angriffen leiden m\u00fcssen wie meine Familie,<\/p><\/blockquote>\n<p>erkl\u00e4rte Faisal bin Ali Jaber, einer der Kl\u00e4ger. Im August 2012 verlor seine Familie zwei Angeh\u00f6rige bei einem Drohnenangriff. Auf der Luftwaffenbasis in Ramstein in Rheinland-Pfalz stehen heute die wichtigsten Funkanlagen f\u00fcr die Steuerung der US-Drohnenangriffe. Deswegen hatten Faisal bin Ali Jaber und zwei weitere Familienmitglieder im Oktober 2014 <a href=\"https:\/\/176903.seu2.cleverreach.com\/c\/38313016\/d064bf1a1cd8-pom1ab\">Klage gegen die Bundesregierung<\/a> eingereicht. Sie fordern Berlin auf, die Nutzung von Ramstein zu unterbinden. Die Bundesregierung weist jedoch jede Verantwortung zur\u00fcck.<\/p>\n<blockquote><p>Das Urteil des OVG M\u00fcnster ist ein wichtiger Schritt, um dem v\u00f6lkerrechtswidrigen Drohnenprogramm der USA via Ramstein Einhalt zu gebieten\u201c, sagte Andreas Sch\u00fcller vom European Center for Constitutional and Human Rights (ECCHR). Die US-Drohnenangriffe versto\u00dfen gegen die Menschenrechte. \u201eDie Bundesregierung wird sich jetzt endlich ihrer Mitverantwortung stellen m\u00fcssen.<\/p><\/blockquote>\n<p>Die Klage zur Rolle Deutschlands im US-Drohnenprogramm ist Teil der rechtlichen Interventionen des ECCHR zu den Menschenrechtsverletzungen der USA im Namen der Terrorismusbek\u00e4mpfung. Das ECCHR unterst\u00fctzt gemeinsam mit seiner Partnerorganisation <a href=\"https:\/\/176903.seu2.cleverreach.com\/c\/38313017\/d064bf1a1cd8-pom1ab\">Reprieve<\/a> die Kl\u00e4ger und ihre Rechtsanw\u00e4lte. Vor Gericht werden die Kl\u00e4ger vom Rechtsanwalt S\u00f6nke Hilbrans aus Berlin vertreten. Beide Organisationen arbeiten seit fast zehn Jahren zu Klagen gegen US-Drohnenangriffe weltweit.<\/p>\n<hr \/>\n<div id=\"attachment_8384\" style=\"width: 519px\" class=\"wp-caption alignright\"><img loading=\"lazy\" decoding=\"async\" aria-describedby=\"caption-attachment-8384\" class=\" wp-image-8384\" src=\"http:\/\/www.friedenkoeln.de\/wp-content\/uploads\/2015\/05\/drohnen15b-e1432758080557.jpeg\" alt=\"Mehrere Personen zeigen Banner, Transparente und Fahnen gegen den Drohnenkrieg.\" width=\"509\" height=\"382\" srcset=\"https:\/\/www.friedenkoeln.de\/wp-content\/uploads\/2015\/05\/drohnen15b-e1432758080557.jpeg 640w, https:\/\/www.friedenkoeln.de\/wp-content\/uploads\/2015\/05\/drohnen15b-e1432758080557-320x240.jpeg 320w\" sizes=\"auto, (max-width: 509px) 100vw, 509px\" \/><p id=\"caption-attachment-8384\" class=\"wp-caption-text\">Mahnwache K\u00f6lner Friedensgruppen vor dem Verwaltungsgericht K\u00f6ln (Appellhofplatz) am 27.5.2015. Foto: privat.<\/p><\/div>\n<p><i>Mehr Informationen (Fallbeschreibung, rechtlicher Hintergrund und Videos) zum Fall \u201eBin Ali Jaber gegen Deutschland\u201c finden Sie <\/i><a href=\"https:\/\/176903.seu2.cleverreach.com\/c\/38313016\/d064bf1a1cd8-pom1ab\"><i>hier<\/i><\/a><i>.\u00a0<\/i><em>Kontakt:<\/em>\u00a0<em>ECCHR \u2013 Anabel Bermejo: +49 (0)30 6981 9797\u00a0 \/ +49 (0)172 &#8211; 587 00 87, E-Mail: <a href=\"mailto:presse@ecchr.eu\">presse@ecchr.eu<\/a>.<\/em><\/p>\n<p><em>Das\u00a0Verwaltungsgericht K\u00f6ln hatte die Klage am 27. Mai 2015 zun\u00e4chst abgelehnt. K\u00f6lner Friedensgruppen hatten eine Mahnwache vor dem Gerichtsgeb\u00e4ude am Appellhofplatz organisiert und nahmen als Zuschauer an der Verhandlung teil. Die Kl\u00e4ger legten sp\u00e4ter Berufung vor dem Oberverwaltungsgericht f\u00fcr Nordrhein-Westfalen in M\u00fcnster ein.<\/em><\/p>\n","protected":false},"excerpt":{"rendered":"<p>M\u00fcnster\/Berlin, 19. M\u00e4rz 2019\u00a0(Pressemitteilung des European Center for Constitutional and Human Rights (ECCHR)) \u2013 Im Fall \u201eBin Ali Jaber gegen Deutschland\u201c hat das Oberverwaltungsgericht M\u00fcnster den drei Kl\u00e4gern aus dem Jemen in entscheidenden Punkten&#46;&#46;&#46;<\/p>\n","protected":false},"author":110,"featured_media":0,"comment_status":"open","ping_status":"open","sticky":false,"template":"","format":"standard","meta":{"footnotes":""},"categories":[105,87],"tags":[68,44,99],"class_list":["post-13528","post","type-post","status-publish","format-standard","hentry","category-bericht","category-pressemitteilung","tag-bundesregierung","tag-drohnen","tag-menschenrechte"],"_links":{"self":[{"href":"https:\/\/www.friedenkoeln.de\/index.php?rest_route=\/wp\/v2\/posts\/13528","targetHints":{"allow":["GET"]}}],"collection":[{"href":"https:\/\/www.friedenkoeln.de\/index.php?rest_route=\/wp\/v2\/posts"}],"about":[{"href":"https:\/\/www.friedenkoeln.de\/index.php?rest_route=\/wp\/v2\/types\/post"}],"author":[{"embeddable":true,"href":"https:\/\/www.friedenkoeln.de\/index.php?rest_route=\/wp\/v2\/users\/110"}],"replies":[{"embeddable":true,"href":"https:\/\/www.friedenkoeln.de\/index.php?rest_route=%2Fwp%2Fv2%2Fcomments&post=13528"}],"version-history":[{"count":4,"href":"https:\/\/www.friedenkoeln.de\/index.php?rest_route=\/wp\/v2\/posts\/13528\/revisions"}],"predecessor-version":[{"id":13533,"href":"https:\/\/www.friedenkoeln.de\/index.php?rest_route=\/wp\/v2\/posts\/13528\/revisions\/13533"}],"wp:attachment":[{"href":"https:\/\/www.friedenkoeln.de\/index.php?rest_route=%2Fwp%2Fv2%2Fmedia&parent=13528"}],"wp:term":[{"taxonomy":"category","embeddable":true,"href":"https:\/\/www.friedenkoeln.de\/index.php?rest_route=%2Fwp%2Fv2%2Fcategories&post=13528"},{"taxonomy":"post_tag","embeddable":true,"href":"https:\/\/www.friedenkoeln.de\/index.php?rest_route=%2Fwp%2Fv2%2Ftags&post=13528"}],"curies":[{"name":"wp","href":"https:\/\/api.w.org\/{rel}","templated":true}]}}